{"id":98014,"date":"2018-03-11T10:18:40","date_gmt":"2018-03-11T10:18:40","guid":{"rendered":""},"modified":"2018-03-11T10:18:40","modified_gmt":"2018-03-11T10:18:40","slug":"estudios-de-valoracion-energetica-de-combustibles-forestales-para-la-prevencion-de-incendios-forestales-en-la-sierra-de-la-primavera-jalisco-mexico-mediante-calorimetria-de-combustion-y-ensayos-de","status":"publish","type":"post","link":"https:\/\/www.deberes.net\/tesis\/santiago-de-compostela\/estudios-de-valoracion-energetica-de-combustibles-forestales-para-la-prevencion-de-incendios-forestales-en-la-sierra-de-la-primavera-jalisco-mexico-mediante-calorimetria-de-combustion-y-ensayos-de\/","title":{"rendered":"Estudios de valoraci\u00f3n energ\u00e9tica de combustibles forestales para la prevenci\u00f3n de incendios forestales en la sierra de la primavera (jalisco, m\u00e9xico) mediante calorimetr\u00eda de combusti\u00f3n y ensayos de inflamabilidad"},"content":{"rendered":"<h2>Tesis doctoral de <strong> Antonio Rodr\u00edguez Rivas <\/strong><\/h2>\n<p>Nos derradeiros anos, os incendios forestais est\u00e1n a causar problemas medioambientais, sociais, pol\u00edticos e econ\u00f3micos en todos os pa\u00edses do mundo e a unha escala desco\u00f1ecida ata o momento. Este problema global, e que estase a ligar con cambios clim\u00e1ticos, quecemento do planeta, desertizaci\u00f3ns e problemas de plagas e movementos poblacionais de enorme magnitude, est\u00e1 a facer que a diferentes niveis est\u00e9anse a xerar moitas iniciativas no i+d+i encami\u00f1adas a prever e combater os incendios de xeito eficaz. dentro destas iniciativas o dese\u00f1o dos \u00edndices de risco, ou \u00edndices num\u00e9ricos integrados que determinan a probabilidade que unha formaci\u00f3n forestal poida ser o punto de inicio e propagaci\u00f3n dun incendio en funci\u00f3n de diferentes par\u00e1metros f\u00edsico-qu\u00edmicos e ambientais, \u00e9 unha li\u00f1a de investigaci\u00f3n que estase a desenvolver e con moito cami\u00f1o por percorrer. nesta tese util\u00edzase un novo concepto no dese\u00f1o de \u00edndices de risco, e que lonxe de seguir cos dese\u00f1os experimentais mais estendidos, se basea en combinar \u00edndices de risco cun perfil te\u00f3rico a partires de datos metereol\u00f3xicos, con datos reais de carga enerx\u00e9tica, inflamabilidade, e composici\u00f3n qu\u00edmica das diferentes especies forestais, e con datos de ambiente f\u00edsico e ambiental coa idea de ter unha idea mais global, real e aplicable dun xeito eficaz. polo tanto, esta tese de doutoramento ten como obxectivo principal mellorar o \u00edndice de risco para prevenci\u00f3n de incendios forestais dese\u00f1ado polo grupo de investigaci\u00f3n terbipromat (usc) nos derradeiros 15 anos para as formaci\u00f3ns forestais de galicia, e aplicalo para prever os incendios forestais nunha \u00e1rea natural protexida e de interese social clave en guadalajara (jalisco, m\u00e9xico), e de selo caso, extinguilos de xeito r\u00e1pido e eficaz para evitar danos importantes. Esto motivou que parte de a tese sexa un estudio comparativo de diferentes traballos de investigaci\u00f3n e que o longo da tese f\u00e1ganse referencias continuas a investigaci\u00f3n levada polo grupo de investigaci\u00f3n terbipromat. para elo se recorre a un estudio completo das diferentes especies forestais da zoa de estudio e unha descrici\u00f3n profunda da mesma. Esta determinaci\u00f3ns se basean en medidas de: &#8211; valoraci\u00f3n enerx\u00e9tica coa idea de ter unha idea da carga enerx\u00e9tica real da zoa, e punto clave para determinar a magnitude que poder\u00eda acadar o incendio. &#8211; inflamabilidade como dato referente para co\u00f1ecer a facilidade de propagaci\u00f3n do incendio e valorar o tempo de reacci\u00f3n en caso de producirse. &#8211; par\u00e1metros qu\u00edmicos de interese tales como densidade, humidade, cinzas en bomba, composici\u00f3n elemental, e composici\u00f3n qu\u00edmica (aceites esenciais e resinas), e que afectan os par\u00e1metros f\u00edsicos. &#8211; par\u00e1metros ambientais e de ambiente f\u00edsico que van definir a zoa de traballo tantop para prever como para combater o incendio. &#8211; par\u00e1metros biol\u00f3xicos que afectan o comportamento das especies forestais e condicionan a s\u00faa resposta ante un incendio. &#8211; par\u00e1metros de orixe antr\u00f3pica xa que o 95 % dos incendios te\u00f1en a s\u00faa orixe en accidentes ou acci\u00f3ns dependentes da mala xesti\u00f3n do home nestes ecosistemas. todos estes datos analizados de xeito integrado dan orixe \u00f3s \u00edndices de risco e que ser\u00e1n a base de dese\u00f1o dos mapas de \u00edndice de risco da zoa, ou representaci\u00f3ns gr\u00e1ficas dos mesmos. polo tanto e para unha boa aplicaci\u00f3n destes \u00edndices de risco faise necesario plasmalos nunha cartograf\u00eda axeitada, actualizada, real e de utilizaci\u00f3n sinxela. Para elo faise necesario o procesamento das imaxes do terreo de estudio mediante os sat\u00e9lites quick bird 2002 y aster 2007. a conclusi\u00f3n final do traballo \u00e9 a capacidade real que ten o \u00edndice de risco dese\u00f1ado \u00f3 longo destes anos e utilizado para prever e combater eficazmente incendios forestais. Este \u00edndice de risco \u00e9 aplicable en calquera zoa do mundo sempre e cando se siga o procedemento experimental dese\u00f1ado e proposto nesta tese. A representaci\u00f3n posterior destes indicadores num\u00e9ricos en mapas de \u00edndice de risco ten a finalidade de facilitar a s\u00faa comprensi\u00f3n e axudar a s\u00faa aplicaci\u00f3n no terreo.<\/p>\n<p>&nbsp;<\/p>\n<h3>Datos acad\u00e9micos de la tesis doctoral \u00ab<strong>Estudios de valoraci\u00f3n energ\u00e9tica de combustibles forestales para la prevenci\u00f3n de incendios forestales en la sierra de la primavera (jalisco, m\u00e9xico) mediante calorimetr\u00eda de combusti\u00f3n y ensayos de inflamabilidad<\/strong>\u00ab<\/h3>\n<ul>\n<li><strong>T\u00edtulo de la tesis:<\/strong>\u00a0 Estudios de valoraci\u00f3n energ\u00e9tica de combustibles forestales para la prevenci\u00f3n de incendios forestales en la sierra de la primavera (jalisco, m\u00e9xico) mediante calorimetr\u00eda de combusti\u00f3n y ensayos de inflamabilidad <\/li>\n<li><strong>Autor:<\/strong>\u00a0 Antonio Rodr\u00edguez Rivas <\/li>\n<li><strong>Universidad:<\/strong>\u00a0 Santiago de compostela<\/li>\n<li><strong>Fecha de lectura de la tesis:<\/strong>\u00a0 14\/12\/2009<\/li>\n<\/ul>\n<p>&nbsp;<\/p>\n<h3>Direcci\u00f3n y tribunal<\/h3>\n<ul>\n<li><strong>Director de la tesis<\/strong>\n<ul>\n<li>Jorge Proupin Casti\u00f1eiras<\/li>\n<\/ul>\n<\/li>\n<li><strong>Tribunal<\/strong>\n<ul>\n<li>Presidente del tribunal: gabriel Gasco guerrero <\/li>\n<li>ramon pedro Artiaga diaz (vocal)<\/li>\n<li>libertad Fraga grueiro (vocal)<\/li>\n<li>carmen Hernando  lara (vocal)<\/li>\n<\/ul>\n<\/li>\n<\/ul>\n<p>&nbsp;<\/p>\n","protected":false},"excerpt":{"rendered":"<p>Tesis doctoral de Antonio Rodr\u00edguez Rivas Nos derradeiros anos, os incendios forestais est\u00e1n a causar problemas medioambientais, sociais, pol\u00edticos e [&hellip;]<\/p>\n","protected":false},"author":1,"featured_media":0,"comment_status":"open","ping_status":"open","sticky":false,"template":"","format":"standard","meta":{"site-sidebar-layout":"default","site-content-layout":"","ast-site-content-layout":"","site-content-style":"default","site-sidebar-style":"default","ast-global-header-display":"","ast-banner-title-visibility":"","ast-main-header-display":"","ast-hfb-above-header-display":"","ast-hfb-below-header-display":"","ast-hfb-mobile-header-display":"","site-post-title":"","ast-breadcrumbs-content":"","ast-featured-img":"","footer-sml-layout":"","theme-transparent-header-meta":"","adv-header-id-meta":"","stick-header-meta":"","header-above-stick-meta":"","header-main-stick-meta":"","header-below-stick-meta":"","astra-migrate-meta-layouts":"default","ast-page-background-enabled":"default","ast-page-background-meta":{"desktop":{"background-color":"var(--ast-global-color-4)","background-image":"","background-repeat":"repeat","background-position":"center center","background-size":"auto","background-attachment":"scroll","background-type":"","background-media":"","overlay-type":"","overlay-color":"","overlay-gradient":""},"tablet":{"background-color":"","background-image":"","background-repeat":"repeat","background-position":"center center","background-size":"auto","background-attachment":"scroll","background-type":"","background-media":"","overlay-type":"","overlay-color":"","overlay-gradient":""},"mobile":{"background-color":"","background-image":"","background-repeat":"repeat","background-position":"center center","background-size":"auto","background-attachment":"scroll","background-type":"","background-media":"","overlay-type":"","overlay-color":"","overlay-gradient":""}},"ast-content-background-meta":{"desktop":{"background-color":"var(--ast-global-color-5)","background-image":"","background-repeat":"repeat","background-position":"center center","background-size":"auto","background-attachment":"scroll","background-type":"","background-media":"","overlay-type":"","overlay-color":"","overlay-gradient":""},"tablet":{"background-color":"var(--ast-global-color-5)","background-image":"","background-repeat":"repeat","background-position":"center center","background-size":"auto","background-attachment":"scroll","background-type":"","background-media":"","overlay-type":"","overlay-color":"","overlay-gradient":""},"mobile":{"background-color":"var(--ast-global-color-5)","background-image":"","background-repeat":"repeat","background-position":"center center","background-size":"auto","background-attachment":"scroll","background-type":"","background-media":"","overlay-type":"","overlay-color":"","overlay-gradient":""}},"footnotes":""},"categories":[3143,2429,977,2793],"tags":[200609,55047,44620,99997,37195,22751],"class_list":["post-98014","post","type-post","status-publish","format-standard","hentry","category-incendios-forestales","category-ordenacion-de-montes","category-santiago-de-compostela","category-termodinamica","tag-antonio-rodriguez-rivas","tag-carmen-hernando-lara","tag-gabriel-gasco-guerrero","tag-jorge-proupin-castineiras","tag-libertad-fraga-grueiro","tag-ramon-pedro-artiaga-diaz"],"_links":{"self":[{"href":"https:\/\/www.deberes.net\/tesis\/wp-json\/wp\/v2\/posts\/98014","targetHints":{"allow":["GET"]}}],"collection":[{"href":"https:\/\/www.deberes.net\/tesis\/wp-json\/wp\/v2\/posts"}],"about":[{"href":"https:\/\/www.deberes.net\/tesis\/wp-json\/wp\/v2\/types\/post"}],"author":[{"embeddable":true,"href":"https:\/\/www.deberes.net\/tesis\/wp-json\/wp\/v2\/users\/1"}],"replies":[{"embeddable":true,"href":"https:\/\/www.deberes.net\/tesis\/wp-json\/wp\/v2\/comments?post=98014"}],"version-history":[{"count":0,"href":"https:\/\/www.deberes.net\/tesis\/wp-json\/wp\/v2\/posts\/98014\/revisions"}],"wp:attachment":[{"href":"https:\/\/www.deberes.net\/tesis\/wp-json\/wp\/v2\/media?parent=98014"}],"wp:term":[{"taxonomy":"category","embeddable":true,"href":"https:\/\/www.deberes.net\/tesis\/wp-json\/wp\/v2\/categories?post=98014"},{"taxonomy":"post_tag","embeddable":true,"href":"https:\/\/www.deberes.net\/tesis\/wp-json\/wp\/v2\/tags?post=98014"}],"curies":[{"name":"wp","href":"https:\/\/api.w.org\/{rel}","templated":true}]}}