{"id":98027,"date":"2018-03-11T10:18:44","date_gmt":"2018-03-11T10:18:44","guid":{"rendered":"https:\/\/www.deberes.net\/tesis\/sin-categoria\/factores-que-influyen-en-el-desarrollo-de-la-cuerna-del-corzo-capreolus-capreolus\/"},"modified":"2018-03-11T10:18:44","modified_gmt":"2018-03-11T10:18:44","slug":"factores-que-influyen-en-el-desarrollo-de-la-cuerna-del-corzo-capreolus-capreolus","status":"publish","type":"post","link":"https:\/\/www.deberes.net\/tesis\/santiago-de-compostela\/factores-que-influyen-en-el-desarrollo-de-la-cuerna-del-corzo-capreolus-capreolus\/","title":{"rendered":"Factores que influyen en el desarrollo de la cuerna del corzo (capreolus capreolus)"},"content":{"rendered":"<h2>Tesis doctoral de <strong> Lucas Rigueira Rey <\/strong><\/h2>\n<p>El corzo, como el resto de machos de la familia c\u00e9rvidae, se caracteriza por poseer unas cuernas que desarrolla y elimina cada a\u00f1o, constituyendo este fen\u00f3meno el \u00fanico ejemplo de regeneraci\u00f3n completa de ap\u00e9ndices \u00f3seos en mam\u00edferos. la cuerna de los corzos, que portan los machos desde final del invierno hasta el oto\u00f1o siguiente, posee una finalidad eminentemente sexual, por lo que podemos considerarla un car\u00e1cter sexual secundario, pues permitir\u00e1 al ejemplar que posea un buen trofeo marcar su territorio, defenderlo y atraer -en su momento- a las hembras en celo para perpetuar la especie. en opini\u00f3n de numerosos investigadores son muchos los factores que influyen en el desarrollo de la cuerna, desde el fotoperiodo, la alimentaci\u00f3n, el estr\u00e9s, la gen\u00e9tica, hormonas, minerales, etc. Todo esto, desde el punto de vista pr\u00e1ctico para la especie, podemos resumirlo en que, un corzo sano, capaz de soportar el invierno, almacenar y movilizar en su momento las reservas corporales y llevar a cabo el importante esfuerzo metab\u00f3lico de sintetizar una cuerna, precisamente en los d\u00edas m\u00e1s desfavorables, desde el punto de vista metab\u00f3lico, es un buen ejemplar y tendr\u00e1 m\u00e1s posibilidades de reproducirse que otros. adem\u00e1s, en el corzo, al contrario de lo ocurre con los ciervos, la cuerna no aumenta en n\u00famero de puntas en los machos adultos, sino que permanece estable, tres por cada cuerna, excepto en ejemplares con malformaciones o taras y en animales muy viejos. existen numerosas opiniones sobre que factor o factores influyen en el desarrollo de la cuerna, en la presente memoria de doctorado hemos pretendido evaluar la existencia o no de relaci\u00f3n entre el desarrollo de la cuerna y el grupo gen\u00e9tico del corzo, as\u00ed como determinar la influencia del ca, p y mg en su composici\u00f3n y desarrollo.  hemos empleado muestras de 106 corzos machos adultos, pertenecientes a 4 clados. Del total de ejemplares estudiados 53 pose\u00edan cuerna normal, 32 at\u00edpica, 10 malformada y 11 en crecimiento. En todos los casos se midi\u00f3 la densidad \u00f3sea en el primer tramo de la cuerna (l1), la roseta (l2), el pivote (l3), de forma conjunta desde el pivote hasta la porci\u00f3n de la cuerna (l1l3) y en el extremo proximal del metacarpiano. Tambi\u00e9n determinamos las proporciones de ca, p y mg en el exterior y centro de la cuerna, en el pivote y en el metacarpiano. Todos estos datos han sido analizados en raz\u00f3n del clado, de la morfolog\u00eda de la cuerna y de su desarrollo. por otra parte, tambi\u00e9n hemos querido comprobar la utilidad de muestras de metacarpiano y la eficacia de m\u00e9todos no invasivos, como la densitometr\u00eda \u00f3sea, para poder utilizarlos en futuros trabajos en esta l\u00ednea de investigaci\u00f3n.  respecto a los resultados obtenidos debemos mencionar, que si bien es cierto que en la zona de estudio (noroeste peninsular) se identificaron ejemplares del clado ib\u00e9rico, tambi\u00e9n se encontraron otros comunes con el resto de europa, lo que pone de manifiesto un elevado intercambio de individuos entre las diversas poblaciones europeas. Adem\u00e1s los ejemplares del clado ib\u00e9rico muestran cierta tendencia a desarrollar cuernas de dimensiones y densidades \u00f3seas ligeramente inferiores a los otros corzos. de forma resumida podemos afirmar, seg\u00fan nuestra experiencia, que la diferencia en el desarrollo de la morfolog\u00eda de la cuerna normal y at\u00edpica no radica en el proceso de osteos\u00edntesis, pero muy probablemente s\u00ed influya en el caso de las cuernas deformes. Adem\u00e1s, en corzos sanos la cantidad de ca, p y mg en la cuerna y en el hueso no guardan relaci\u00f3n con el mayor o menor desarrollo de \u00e9sta ni con el clado al que pertenece el corzo. Las correlaciones entre los par\u00e1metros que miden el desarrollo de la cuerna, el peso del cr\u00e1neo y las densidades \u00f3seas respecto a los minerales estudiados (ca, p y mg) son bajas, por ello pensamos que el desarrollo de la cuerna est\u00e1 m\u00e1s relacionado con la correcta neoformaci\u00f3n \u00f3sea que con las concentraciones minerales presentes.  consideramos tambi\u00e9n que los m\u00e9todos no invasivos, como la densitometr\u00eda \u00f3sea, son adecuados para valorar el desarrollo de la cuerna y la calidad del trofeo. En nuestro caso las densidades \u00f3seas cuya relaci\u00f3n lineal con el cic permiten encontrar diferencias significativas entre todos los pares de variantes gen\u00e9ticas son la l2 y la l1l3, mostrando esta \u00faltima mayor correlaci\u00f3n con el cic por lo que evidentemente deber\u00e1 ser la elegida como variable para futuros trabajos de investigaci\u00f3n. el metacarpiano, a pesar de las expectativas que hab\u00eda despertado en nosotros para futuras investigaciones, no guarda una buena correlaci\u00f3n con la cuerna, ni en lo referente a la concentraci\u00f3n mineral ni a la densidad \u00f3sea -respecto al desarrollo de la cuerna-, por lo que no podemos considerarla como una buena muestra para estudios futuros en esta l\u00ednea de trabajo.<\/p>\n<p>&nbsp;<\/p>\n<h3>Datos acad\u00e9micos de la tesis doctoral \u00ab<strong>Factores que influyen en el desarrollo de la cuerna del corzo (capreolus capreolus)<\/strong>\u00ab<\/h3>\n<ul>\n<li><strong>T\u00edtulo de la tesis:<\/strong>\u00a0 Factores que influyen en el desarrollo de la cuerna del corzo (capreolus capreolus) <\/li>\n<li><strong>Autor:<\/strong>\u00a0 Lucas Rigueira Rey <\/li>\n<li><strong>Universidad:<\/strong>\u00a0 Santiago de compostela<\/li>\n<li><strong>Fecha de lectura de la tesis:<\/strong>\u00a0 15\/12\/2009<\/li>\n<\/ul>\n<p>&nbsp;<\/p>\n<h3>Direcci\u00f3n y tribunal<\/h3>\n<ul>\n<li><strong>Director de la tesis<\/strong>\n<ul>\n<li>Ana Mar\u00eda L\u00f3pez Beceiro<\/li>\n<\/ul>\n<\/li>\n<li><strong>Tribunal<\/strong>\n<ul>\n<li>Presidente del tribunal: Jos\u00e9 manuel Gonzalo cordero <\/li>\n<li>Jos\u00e9 Manuel Verdes Garc\u00eda (vocal)<\/li>\n<li>fidel San rom\u00e1n ascaso (vocal)<\/li>\n<li>Marta in\u00e9s Miranda casta\u00f1\u00f3n (vocal)<\/li>\n<\/ul>\n<\/li>\n<\/ul>\n<p>&nbsp;<\/p>\n","protected":false},"excerpt":{"rendered":"<p>Tesis doctoral de Lucas Rigueira Rey El corzo, como el resto de machos de la familia c\u00e9rvidae, se caracteriza por [&hellip;]<\/p>\n","protected":false},"author":1,"featured_media":0,"comment_status":"open","ping_status":"open","sticky":false,"template":"","format":"standard","meta":{"site-sidebar-layout":"default","site-content-layout":"","ast-site-content-layout":"","site-content-style":"default","site-sidebar-style":"default","ast-global-header-display":"","ast-banner-title-visibility":"","ast-main-header-display":"","ast-hfb-above-header-display":"","ast-hfb-below-header-display":"","ast-hfb-mobile-header-display":"","site-post-title":"","ast-breadcrumbs-content":"","ast-featured-img":"","footer-sml-layout":"","theme-transparent-header-meta":"","adv-header-id-meta":"","stick-header-meta":"","header-above-stick-meta":"","header-main-stick-meta":"","header-below-stick-meta":"","astra-migrate-meta-layouts":"default","ast-page-background-enabled":"default","ast-page-background-meta":{"desktop":{"background-color":"var(--ast-global-color-4)","background-image":"","background-repeat":"repeat","background-position":"center center","background-size":"auto","background-attachment":"scroll","background-type":"","background-media":"","overlay-type":"","overlay-color":"","overlay-gradient":""},"tablet":{"background-color":"","background-image":"","background-repeat":"repeat","background-position":"center center","background-size":"auto","background-attachment":"scroll","background-type":"","background-media":"","overlay-type":"","overlay-color":"","overlay-gradient":""},"mobile":{"background-color":"","background-image":"","background-repeat":"repeat","background-position":"center center","background-size":"auto","background-attachment":"scroll","background-type":"","background-media":"","overlay-type":"","overlay-color":"","overlay-gradient":""}},"ast-content-background-meta":{"desktop":{"background-color":"var(--ast-global-color-5)","background-image":"","background-repeat":"repeat","background-position":"center center","background-size":"auto","background-attachment":"scroll","background-type":"","background-media":"","overlay-type":"","overlay-color":"","overlay-gradient":""},"tablet":{"background-color":"var(--ast-global-color-5)","background-image":"","background-repeat":"repeat","background-position":"center center","background-size":"auto","background-attachment":"scroll","background-type":"","background-media":"","overlay-type":"","overlay-color":"","overlay-gradient":""},"mobile":{"background-color":"var(--ast-global-color-5)","background-image":"","background-repeat":"repeat","background-position":"center center","background-size":"auto","background-attachment":"scroll","background-type":"","background-media":"","overlay-type":"","overlay-color":"","overlay-gradient":""}},"footnotes":""},"categories":[5562,977],"tags":[200627,5598,4585,200628,200626,107525],"class_list":["post-98027","post","type-post","status-publish","format-standard","hentry","category-medicina-interna-veterinaria","category-santiago-de-compostela","tag-ana-maria-lopez-beceiro","tag-fidel-san-roman-ascaso","tag-jose-manuel-gonzalo-cordero","tag-jose-manuel-verdes-garcia","tag-lucas-rigueira-rey","tag-marta-ines-miranda-castanon"],"_links":{"self":[{"href":"https:\/\/www.deberes.net\/tesis\/wp-json\/wp\/v2\/posts\/98027","targetHints":{"allow":["GET"]}}],"collection":[{"href":"https:\/\/www.deberes.net\/tesis\/wp-json\/wp\/v2\/posts"}],"about":[{"href":"https:\/\/www.deberes.net\/tesis\/wp-json\/wp\/v2\/types\/post"}],"author":[{"embeddable":true,"href":"https:\/\/www.deberes.net\/tesis\/wp-json\/wp\/v2\/users\/1"}],"replies":[{"embeddable":true,"href":"https:\/\/www.deberes.net\/tesis\/wp-json\/wp\/v2\/comments?post=98027"}],"version-history":[{"count":0,"href":"https:\/\/www.deberes.net\/tesis\/wp-json\/wp\/v2\/posts\/98027\/revisions"}],"wp:attachment":[{"href":"https:\/\/www.deberes.net\/tesis\/wp-json\/wp\/v2\/media?parent=98027"}],"wp:term":[{"taxonomy":"category","embeddable":true,"href":"https:\/\/www.deberes.net\/tesis\/wp-json\/wp\/v2\/categories?post=98027"},{"taxonomy":"post_tag","embeddable":true,"href":"https:\/\/www.deberes.net\/tesis\/wp-json\/wp\/v2\/tags?post=98027"}],"curies":[{"name":"wp","href":"https:\/\/api.w.org\/{rel}","templated":true}]}}