{"id":98053,"date":"2018-03-11T10:18:44","date_gmt":"2018-03-11T10:18:44","guid":{"rendered":"https:\/\/www.deberes.net\/tesis\/sin-categoria\/emili-darder-i-ca-naves-1895-1937-metge-i-pola%c2%adtic-va%c2%adctima-de-la-repressio-franquista\/"},"modified":"2018-03-11T10:18:44","modified_gmt":"2018-03-11T10:18:44","slug":"emili-darder-i-ca-naves-1895-1937-metge-i-pola%c2%adtic-va%c2%adctima-de-la-repressio-franquista","status":"publish","type":"post","link":"https:\/\/www.deberes.net\/tesis\/biografias\/emili-darder-i-ca-naves-1895-1937-metge-i-pola%c2%adtic-va%c2%adctima-de-la-repressio-franquista\/","title":{"rendered":"Emili darder i c\u00c1\u00a0naves (1895-1937). metge i pol\u00edtic, v\u00edctima de la repressi\u00f3 franquista"},"content":{"rendered":"<h2>Tesis doctoral de <strong> Catalina Moner Mora <\/strong><\/h2>\n<p>La tesis titulada \u00abemili darder i c\u00e1naves (1895-1937): metge i pol\u00edtic, v\u00edctima de la repressi\u00f3 franquista\u00bb se centra en el analisis de la figura del m\u00e9dico, pol\u00edtico e intelectual emili darder. En el cap\u00edtulo i se realiza un recorrido biogr\u00e1fico del personaje. En el cap\u00edtulo ii analizamos el darder m\u00e9dico, aqui se analizan sus planteamientos sanitarios, actuaciones cient\u00edficas y la gesti\u00f3n al frente de la comisi\u00f3n de sanidad del ayuntamiento de palma. En el cap\u00edtulo iii se estudia el impulso a la educaci\u00f3n y el papel de darder dentro de la comisi\u00f3n de cultura com concejal y alcalde de palma. En el cap\u00edtulo iv analizamos la importancia de la cultura para darder, su implicaci\u00f3n en el tejido asociativo de la \u00e9poca y la inserci\u00f3n de este dentro de sus actuaciones. El cap\u00edtulo v corresponde al an\u00e1lisis de la causa 978\/1936 en los aspectos relativos de la figura de darder.<\/p>\n<p>&nbsp;<\/p>\n<h3>Datos acad\u00e9micos de la tesis doctoral \u00ab<strong>Emili darder i c\u00c1\u00a0naves (1895-1937). metge i pol\u00edtic, v\u00edctima de la repressi\u00f3 franquista<\/strong>\u00ab<\/h3>\n<ul>\n<li><strong>T\u00edtulo de la tesis:<\/strong>\u00a0 Emili darder i c\u00c1\u00a0naves (1895-1937). metge i pol\u00edtic, v\u00edctima de la repressi\u00f3 franquista <\/li>\n<li><strong>Autor:<\/strong>\u00a0 Catalina Moner Mora <\/li>\n<li><strong>Universidad:<\/strong>\u00a0 Illes balears<\/li>\n<li><strong>Fecha de lectura de la tesis:<\/strong>\u00a0 15\/12\/2009<\/li>\n<\/ul>\n<p>&nbsp;<\/p>\n<h3>Direcci\u00f3n y tribunal<\/h3>\n<ul>\n<li><strong>Director de la tesis<\/strong>\n<ul>\n<li>Antoni Marimon Riutort<\/li>\n<\/ul>\n<\/li>\n<li><strong>Tribunal<\/strong>\n<ul>\n<li>Presidente del tribunal: jordi Casassas ymbert <\/li>\n<li>josep miquel Santacreu soler (vocal)<\/li>\n<li>carles Santacana torres (vocal)<\/li>\n<li>jaume Oliver jaume (vocal)<\/li>\n<\/ul>\n<\/li>\n<\/ul>\n<p>&nbsp;<\/p>\n","protected":false},"excerpt":{"rendered":"<p>Tesis doctoral de Catalina Moner Mora La tesis titulada \u00abemili darder i c\u00e1naves (1895-1937): metge i pol\u00edtic, v\u00edctima de la [&hellip;]<\/p>\n","protected":false},"author":1,"featured_media":0,"comment_status":"open","ping_status":"open","sticky":false,"template":"","format":"standard","meta":{"site-sidebar-layout":"default","site-content-layout":"","ast-site-content-layout":"","site-content-style":"default","site-sidebar-style":"default","ast-global-header-display":"","ast-banner-title-visibility":"","ast-main-header-display":"","ast-hfb-above-header-display":"","ast-hfb-below-header-display":"","ast-hfb-mobile-header-display":"","site-post-title":"","ast-breadcrumbs-content":"","ast-featured-img":"","footer-sml-layout":"","theme-transparent-header-meta":"","adv-header-id-meta":"","stick-header-meta":"","header-above-stick-meta":"","header-main-stick-meta":"","header-below-stick-meta":"","astra-migrate-meta-layouts":"default","ast-page-background-enabled":"default","ast-page-background-meta":{"desktop":{"background-color":"var(--ast-global-color-4)","background-image":"","background-repeat":"repeat","background-position":"center center","background-size":"auto","background-attachment":"scroll","background-type":"","background-media":"","overlay-type":"","overlay-color":"","overlay-gradient":""},"tablet":{"background-color":"","background-image":"","background-repeat":"repeat","background-position":"center center","background-size":"auto","background-attachment":"scroll","background-type":"","background-media":"","overlay-type":"","overlay-color":"","overlay-gradient":""},"mobile":{"background-color":"","background-image":"","background-repeat":"repeat","background-position":"center center","background-size":"auto","background-attachment":"scroll","background-type":"","background-media":"","overlay-type":"","overlay-color":"","overlay-gradient":""}},"ast-content-background-meta":{"desktop":{"background-color":"var(--ast-global-color-5)","background-image":"","background-repeat":"repeat","background-position":"center center","background-size":"auto","background-attachment":"scroll","background-type":"","background-media":"","overlay-type":"","overlay-color":"","overlay-gradient":""},"tablet":{"background-color":"var(--ast-global-color-5)","background-image":"","background-repeat":"repeat","background-position":"center center","background-size":"auto","background-attachment":"scroll","background-type":"","background-media":"","overlay-type":"","overlay-color":"","overlay-gradient":""},"mobile":{"background-color":"var(--ast-global-color-5)","background-image":"","background-repeat":"repeat","background-position":"center center","background-size":"auto","background-attachment":"scroll","background-type":"","background-media":"","overlay-type":"","overlay-color":"","overlay-gradient":""}},"footnotes":""},"categories":[954,1816,3538,19034],"tags":[178256,118150,200674,152903,19127,70732],"class_list":["post-98053","post","type-post","status-publish","format-standard","hentry","category-biografias","category-historia-contemporanea","category-historia-de-las-ideas-politicas","category-illes-balears","tag-antoni-marimon-riutort","tag-carles-santacana-torres","tag-catalina-moner-mora","tag-jaume-oliver-jaume","tag-jordi-casassas-ymbert","tag-josep-miquel-santacreu-soler"],"_links":{"self":[{"href":"https:\/\/www.deberes.net\/tesis\/wp-json\/wp\/v2\/posts\/98053","targetHints":{"allow":["GET"]}}],"collection":[{"href":"https:\/\/www.deberes.net\/tesis\/wp-json\/wp\/v2\/posts"}],"about":[{"href":"https:\/\/www.deberes.net\/tesis\/wp-json\/wp\/v2\/types\/post"}],"author":[{"embeddable":true,"href":"https:\/\/www.deberes.net\/tesis\/wp-json\/wp\/v2\/users\/1"}],"replies":[{"embeddable":true,"href":"https:\/\/www.deberes.net\/tesis\/wp-json\/wp\/v2\/comments?post=98053"}],"version-history":[{"count":0,"href":"https:\/\/www.deberes.net\/tesis\/wp-json\/wp\/v2\/posts\/98053\/revisions"}],"wp:attachment":[{"href":"https:\/\/www.deberes.net\/tesis\/wp-json\/wp\/v2\/media?parent=98053"}],"wp:term":[{"taxonomy":"category","embeddable":true,"href":"https:\/\/www.deberes.net\/tesis\/wp-json\/wp\/v2\/categories?post=98053"},{"taxonomy":"post_tag","embeddable":true,"href":"https:\/\/www.deberes.net\/tesis\/wp-json\/wp\/v2\/tags?post=98053"}],"curies":[{"name":"wp","href":"https:\/\/api.w.org\/{rel}","templated":true}]}}