{"id":98056,"date":"2018-03-11T10:18:44","date_gmt":"2018-03-11T10:18:44","guid":{"rendered":"https:\/\/www.deberes.net\/tesis\/sin-categoria\/monitorizaa%c2%a7ao-de-redes-sociais-na-gestao-do-conhecimento-em-comunidades-de-idi\/"},"modified":"2018-03-11T10:18:44","modified_gmt":"2018-03-11T10:18:44","slug":"monitorizaa%c2%a7ao-de-redes-sociais-na-gestao-do-conhecimento-em-comunidades-de-idi","status":"publish","type":"post","link":"https:\/\/www.deberes.net\/tesis\/organizacion-y-gestion-de-empresas\/monitorizaa%c2%a7ao-de-redes-sociais-na-gestao-do-conhecimento-em-comunidades-de-idi\/","title":{"rendered":"Monitoriza\u00c1\u00a7ao de redes sociais na gestao do conhecimento em comunidades de i+d+i"},"content":{"rendered":"<h2>Tesis doctoral de <strong> Rita Alexandra Cain\u00c1\u00a7o Dias Cadima <\/strong><\/h2>\n<p>En un contexto de i+d+i (investigaci\u00f3n + desarrollo + innovaci\u00f3n), diversos estudios apuntan a la existencia de una fuerte relaci\u00f3n entre comunicaci\u00f3n y resultados, mostrando que la colaboraci\u00f3n y ompartici\u00f3n de conocimiento afecta significativamente la producci\u00f3n de conocimiento e innovaci\u00f3n. arios autores defienden la importancia de las redes sociales informales en la coordinaci\u00f3n de tareas y n la distribuci\u00f3n y reutilizaci\u00f3n de conocimiento en las organizaciones. En los \u00faltimos a\u00f1os, se han propuesto e implementado diversas estrategias que intentan facilitar y promover el trabajo colaborativo arios investigadores han defendido la necesidad de atender y estudiar m\u00e1s profundamente el rol de la redes sociales existentes. el trabajo de investigaci\u00f3n que aqu\u00ed se presenta tiene como finalidad el estudio de las redes sociales en omunidades de i+o+i. Para ello, se desarroll\u00f3 un sistema de monitoreo que permite registrar, analizar isualizar las relaciones inter-personales que existen. Por un lado, se acredita que el feedbac proporcionado por la visualizaci\u00f3n de estas redes permite a cada persona revisar y anotar en qu\u00e9 medida ontribuye con aportaciones y en qu\u00e9 medida aprovecha dicho flujo de conocimiento, aumentando el nivel e conciencia sobre los otros y motivando la compartici\u00f3n de conocimiento. Por otro lado, la informaci\u00f3n recogida permite un an\u00e1lisis e interpretaci\u00f3n del funcionamiento de estas redes, apoyando la gesti\u00f3n de onocimiento en estas comunidades. la presentaci\u00f3n de la investigaci\u00f3n se ha organizado en cinco cap\u00edtulos. en el primero cap\u00edtulo se presenta la motivaci\u00f3n, se definen los objetivos y se expone el proceso de rabajo que se ha seguido. en el segundo cap\u00edtulo se presenta un resume de un estudio te\u00f3rico en las \u00e1reas del conocimiento en la rganizaciones y de las t\u00e9cnicas de an\u00e1lisis y soporte de redes sociales, que constituye el marco te\u00f3ric e referencia para la investigaci\u00f3n. en el tercero y cuarto cap\u00edtulos se describe el dise\u00f1o, desarrollo e implementaciones del sistema d monitorizaci\u00f3n de redes sociales. Se eval\u00faa el sistema y los efectos de su implementaci\u00f3n en los usuarios y se hace un an\u00e1lisis de la estructura y caracter\u00edsticas de las redes sociales monitorizadas. dem\u00e1s de este an\u00e1lisis exploratorio de la red, se analiza la relaci\u00f3n entre el capital social, entendid omo el conjunto de beneficios que resultan de las redes sociales de un sujeto u organizaci\u00f3n, y el esempe\u00f1o de los sujetos. en el cap\u00edtulo quinto se finaliza la memoria de la investigaci\u00f3n con una s\u00edntesis de las conclusiones a las ue ha permitido llegar la investigaci\u00f3n, as\u00ed como las l\u00edneas de continuidad de la misma.<\/p>\n<p>&nbsp;<\/p>\n<h3>Datos acad\u00e9micos de la tesis doctoral \u00ab<strong>Monitoriza\u00c1\u00a7ao de redes sociais na gestao do conhecimento em comunidades de i+d+i<\/strong>\u00ab<\/h3>\n<ul>\n<li><strong>T\u00edtulo de la tesis:<\/strong>\u00a0 Monitoriza\u00c1\u00a7ao de redes sociais na gestao do conhecimento em comunidades de i+d+i <\/li>\n<li><strong>Autor:<\/strong>\u00a0 Rita Alexandra Cain\u00c1\u00a7o Dias Cadima <\/li>\n<li><strong>Universidad:<\/strong>\u00a0 Polit\u00e9cnica de catalunya<\/li>\n<li><strong>Fecha de lectura de la tesis:<\/strong>\u00a0 15\/12\/2009<\/li>\n<\/ul>\n<p>&nbsp;<\/p>\n<h3>Direcci\u00f3n y tribunal<\/h3>\n<ul>\n<li><strong>Director de la tesis<\/strong>\n<ul>\n<li>Josep Mar\u00eda Monguet Fierro<\/li>\n<\/ul>\n<\/li>\n<li><strong>Tribunal<\/strong>\n<ul>\n<li>Presidente del tribunal: francesc Sol\u00e9 parellada <\/li>\n<li>nuno andr\u00e9 Mangas pereira oliveira (vocal)<\/li>\n<li>francisca Grim\u00f3n mej\u00edas (vocal)<\/li>\n<li>Miguel \u00e1ngel Pesquera gonz\u00e1lez (vocal)<\/li>\n<\/ul>\n<\/li>\n<\/ul>\n<p>&nbsp;<\/p>\n","protected":false},"excerpt":{"rendered":"<p>Tesis doctoral de Rita Alexandra Cain\u00c1\u00a7o Dias Cadima En un contexto de i+d+i (investigaci\u00f3n + desarrollo + innovaci\u00f3n), diversos estudios [&hellip;]<\/p>\n","protected":false},"author":1,"featured_media":0,"comment_status":"open","ping_status":"open","sticky":false,"template":"","format":"standard","meta":{"site-sidebar-layout":"default","site-content-layout":"","ast-site-content-layout":"","site-content-style":"default","site-sidebar-style":"default","ast-global-header-display":"","ast-banner-title-visibility":"","ast-main-header-display":"","ast-hfb-above-header-display":"","ast-hfb-below-header-display":"","ast-hfb-mobile-header-display":"","site-post-title":"","ast-breadcrumbs-content":"","ast-featured-img":"","footer-sml-layout":"","theme-transparent-header-meta":"","adv-header-id-meta":"","stick-header-meta":"","header-above-stick-meta":"","header-main-stick-meta":"","header-below-stick-meta":"","astra-migrate-meta-layouts":"default","ast-page-background-enabled":"default","ast-page-background-meta":{"desktop":{"background-color":"var(--ast-global-color-4)","background-image":"","background-repeat":"repeat","background-position":"center center","background-size":"auto","background-attachment":"scroll","background-type":"","background-media":"","overlay-type":"","overlay-color":"","overlay-gradient":""},"tablet":{"background-color":"","background-image":"","background-repeat":"repeat","background-position":"center center","background-size":"auto","background-attachment":"scroll","background-type":"","background-media":"","overlay-type":"","overlay-color":"","overlay-gradient":""},"mobile":{"background-color":"","background-image":"","background-repeat":"repeat","background-position":"center center","background-size":"auto","background-attachment":"scroll","background-type":"","background-media":"","overlay-type":"","overlay-color":"","overlay-gradient":""}},"ast-content-background-meta":{"desktop":{"background-color":"var(--ast-global-color-5)","background-image":"","background-repeat":"repeat","background-position":"center center","background-size":"auto","background-attachment":"scroll","background-type":"","background-media":"","overlay-type":"","overlay-color":"","overlay-gradient":""},"tablet":{"background-color":"var(--ast-global-color-5)","background-image":"","background-repeat":"repeat","background-position":"center center","background-size":"auto","background-attachment":"scroll","background-type":"","background-media":"","overlay-type":"","overlay-color":"","overlay-gradient":""},"mobile":{"background-color":"var(--ast-global-color-5)","background-image":"","background-repeat":"repeat","background-position":"center center","background-size":"auto","background-attachment":"scroll","background-type":"","background-media":"","overlay-type":"","overlay-color":"","overlay-gradient":""}},"footnotes":""},"categories":[4735,4149,1302,15596],"tags":[1307,200679,44792,133604,196671,200678],"class_list":["post-98056","post","type-post","status-publish","format-standard","hentry","category-comunicaciones-sociales","category-diseno-y-componentes-de-sistemas-de-informacion","category-organizacion-y-gestion-de-empresas","category-politecnica-de-catalunya","tag-francesc-sole-parellada","tag-francisca-grimon-mejias","tag-josep-maria-monguet-fierro","tag-miguel-angel-pesquera-gonzalez","tag-nuno-andre-mangas-pereira-oliveira","tag-rita-alexandra-cainao-dias-cadima"],"_links":{"self":[{"href":"https:\/\/www.deberes.net\/tesis\/wp-json\/wp\/v2\/posts\/98056","targetHints":{"allow":["GET"]}}],"collection":[{"href":"https:\/\/www.deberes.net\/tesis\/wp-json\/wp\/v2\/posts"}],"about":[{"href":"https:\/\/www.deberes.net\/tesis\/wp-json\/wp\/v2\/types\/post"}],"author":[{"embeddable":true,"href":"https:\/\/www.deberes.net\/tesis\/wp-json\/wp\/v2\/users\/1"}],"replies":[{"embeddable":true,"href":"https:\/\/www.deberes.net\/tesis\/wp-json\/wp\/v2\/comments?post=98056"}],"version-history":[{"count":0,"href":"https:\/\/www.deberes.net\/tesis\/wp-json\/wp\/v2\/posts\/98056\/revisions"}],"wp:attachment":[{"href":"https:\/\/www.deberes.net\/tesis\/wp-json\/wp\/v2\/media?parent=98056"}],"wp:term":[{"taxonomy":"category","embeddable":true,"href":"https:\/\/www.deberes.net\/tesis\/wp-json\/wp\/v2\/categories?post=98056"},{"taxonomy":"post_tag","embeddable":true,"href":"https:\/\/www.deberes.net\/tesis\/wp-json\/wp\/v2\/tags?post=98056"}],"curies":[{"name":"wp","href":"https:\/\/api.w.org\/{rel}","templated":true}]}}