{"id":98096,"date":"2018-03-11T10:18:48","date_gmt":"2018-03-11T10:18:48","guid":{"rendered":"https:\/\/www.deberes.net\/tesis\/sin-categoria\/evaluacion-del-impacto-familiar-del-asma-bronquial-infantil-en-poblacion-mexicana\/"},"modified":"2018-03-11T10:18:48","modified_gmt":"2018-03-11T10:18:48","slug":"evaluacion-del-impacto-familiar-del-asma-bronquial-infantil-en-poblacion-mexicana","status":"publish","type":"post","link":"https:\/\/www.deberes.net\/tesis\/evaluacion-y-diagnostico-en-psicologia\/evaluacion-del-impacto-familiar-del-asma-bronquial-infantil-en-poblacion-mexicana\/","title":{"rendered":"Evaluaci\u00f3n del impacto familiar del asma bronquial infantil en poblaci\u00f3n mexicana"},"content":{"rendered":"<h2>Tesis doctoral de <strong> Georgina Eugenia Baz\u00e1n River\u00f3n <\/strong><\/h2>\n<p>Esta tesis se ha desarrollado en la universidad aut\u00f3noma de barcelona (u.A.B.), Con la colaboraci\u00f3n de la facultad de estudios superiores iztacala (f.E.S.I.) De la universidad nacional aut\u00f3noma de m\u00e9xico (u.N.A.M.).        las l\u00edneas de investigaci\u00f3n participantes han sido: \u00abeducaci\u00f3n para la salud del ni\u00f1o y adolescente asm\u00e1tico: calidad de vida y factores de protecci\u00f3n\u00bb, que se desarrolla en el departamento de psicolog\u00eda cl\u00ednica y de la salud de la u.A.B. Y, la l\u00ednea \u00abel paciente asm\u00e1tico y su entorno\u00bb, que se lleva a cabo en la unidad de investigaci\u00f3n interdisciplinaria en ciencias de la salud y la educaci\u00f3n, en la f.E.S.I. (U.N.A.M.)       la tesis se presenta por compendio de publicaciones y est\u00e1 integrada por tres estudios con los que se espera mejorar la atenci\u00f3n hol\u00edstica del paciente con asma y su familia en poblaci\u00f3n mexicana:  validaci\u00f3n del cuestionario \u00abpercepci\u00f3n parental de s\u00edntomas infantiles de asma en m\u00e9xico\u00bb.  impacto familiar del asma pedi\u00e1trica. Versi\u00f3n mexicana del cuestionario ifabi-r.  asma pedi\u00e1trica: calidad de vida del paciente relacionada con el impacto familiar.       los dos primeros estudios contribuyen a un campo incipiente en el desarrollo instrumental de los estudios de calidad de vida, debido a que no hay instrumentos para evaluar la percepci\u00f3n parental de s\u00edntomas y el impacto familiar del asma pedi\u00e1trica en poblaci\u00f3n mexicana, de tal modo, que su validaci\u00f3n es ya una importante contribuci\u00f3n.       el tercer estudio va mas all\u00e1 del \u00e1mbito instrumental ya que teniendo en cuenta las tendencias actuales en investigaci\u00f3n, plantea el estudio conjunto de la relaci\u00f3n de la calidad de vida percibida por el paciente y el impacto familiar percibido por el cuidador. Este estudio es el primero en su g\u00e9nero que se realiza en poblaci\u00f3n mexicana y ha proporcionado resultados que se podr\u00e1n incorporar a la estructuraci\u00f3n de estrategias de intervenci\u00f3n.       otras dos importantes contribuciones proyectadas mediante la publicaci\u00f3n de nuestros resultados han sido, por una parte, la difusi\u00f3n de la importancia de la psicolog\u00eda de la salud en el tratamiento integral del paciente con asma ante el \u00e1mbito m\u00e9dico; y por otra parte, el fortalecimiento de v\u00ednculos internacionales entre pa\u00edses de habla hispana para potenciar la investigaci\u00f3n en el campo del asma pedi\u00e1trica.       la relevancia prospectiva de nuestro trabajo se relaciona directamente con potenciar el trabajo multidisciplinar en la atenci\u00f3n del paciente con asma, trabajo que se ha iniciado ya al publicar nuestros resultados, ya que a partir de la publicaci\u00f3n de los dos primeros trabajos se ha sugerido ampliar la investigaci\u00f3n, incorporando en la pr\u00e1ctica cotidiana de los m\u00e9dicos los instrumentos validados, de tal modo que una de las l\u00edneas futuras de investigaci\u00f3n ser\u00e1 continuar con el estudio de los dos cuestionarios en muestras mayores.       actualmente tambi\u00e9n se tiene previsto abrir nuevas l\u00edneas de investigaci\u00f3n con la evaluaci\u00f3n de aspectos psicol\u00f3gicos como la autoestima y la depresi\u00f3n en los pacientes con asma, adem\u00e1s de evaluar la calidad de vida del paciente y el impacto familiar; lo cual permitir\u00e1 mejorar la comprensi\u00f3n del asma pedi\u00e1trica en esta nueva poblaci\u00f3n y el desarrollo de tratamientos m\u00e1s exitosos.<\/p>\n<p>&nbsp;<\/p>\n<h3>Datos acad\u00e9micos de la tesis doctoral \u00ab<strong>Evaluaci\u00f3n del impacto familiar del asma bronquial infantil en poblaci\u00f3n mexicana<\/strong>\u00ab<\/h3>\n<ul>\n<li><strong>T\u00edtulo de la tesis:<\/strong>\u00a0 Evaluaci\u00f3n del impacto familiar del asma bronquial infantil en poblaci\u00f3n mexicana <\/li>\n<li><strong>Autor:<\/strong>\u00a0 Georgina Eugenia Baz\u00e1n River\u00f3n <\/li>\n<li><strong>Universidad:<\/strong>\u00a0 Aut\u00f3noma de barcelona<\/li>\n<li><strong>Fecha de lectura de la tesis:<\/strong>\u00a0 16\/12\/2009<\/li>\n<\/ul>\n<p>&nbsp;<\/p>\n<h3>Direcci\u00f3n y tribunal<\/h3>\n<ul>\n<li><strong>Director de la tesis<\/strong>\n<ul>\n<li>Dolors Forns Serrallonga<\/li>\n<\/ul>\n<\/li>\n<li><strong>Tribunal<\/strong>\n<ul>\n<li>Presidente del tribunal: teresa Guti\u00e9rrez rosado <\/li>\n<li>blanca estela Huitr\u00f3n  v\u00e1zquez (vocal)<\/li>\n<li>  (vocal)<\/li>\n<li>  (vocal)<\/li>\n<\/ul>\n<\/li>\n<\/ul>\n<p>&nbsp;<\/p>\n","protected":false},"excerpt":{"rendered":"<p>Tesis doctoral de Georgina Eugenia Baz\u00e1n River\u00f3n Esta tesis se ha desarrollado en la universidad aut\u00f3noma de barcelona (u.A.B.), Con [&hellip;]<\/p>\n","protected":false},"author":1,"featured_media":0,"comment_status":"open","ping_status":"open","sticky":false,"template":"","format":"standard","meta":{"site-sidebar-layout":"default","site-content-layout":"","ast-site-content-layout":"","site-content-style":"default","site-sidebar-style":"default","ast-global-header-display":"","ast-banner-title-visibility":"","ast-main-header-display":"","ast-hfb-above-header-display":"","ast-hfb-below-header-display":"","ast-hfb-mobile-header-display":"","site-post-title":"","ast-breadcrumbs-content":"","ast-featured-img":"","footer-sml-layout":"","theme-transparent-header-meta":"","adv-header-id-meta":"","stick-header-meta":"","header-above-stick-meta":"","header-main-stick-meta":"","header-below-stick-meta":"","astra-migrate-meta-layouts":"default","ast-page-background-enabled":"default","ast-page-background-meta":{"desktop":{"background-color":"var(--ast-global-color-4)","background-image":"","background-repeat":"repeat","background-position":"center center","background-size":"auto","background-attachment":"scroll","background-type":"","background-media":"","overlay-type":"","overlay-color":"","overlay-gradient":""},"tablet":{"background-color":"","background-image":"","background-repeat":"repeat","background-position":"center center","background-size":"auto","background-attachment":"scroll","background-type":"","background-media":"","overlay-type":"","overlay-color":"","overlay-gradient":""},"mobile":{"background-color":"","background-image":"","background-repeat":"repeat","background-position":"center center","background-size":"auto","background-attachment":"scroll","background-type":"","background-media":"","overlay-type":"","overlay-color":"","overlay-gradient":""}},"ast-content-background-meta":{"desktop":{"background-color":"var(--ast-global-color-5)","background-image":"","background-repeat":"repeat","background-position":"center center","background-size":"auto","background-attachment":"scroll","background-type":"","background-media":"","overlay-type":"","overlay-color":"","overlay-gradient":""},"tablet":{"background-color":"var(--ast-global-color-5)","background-image":"","background-repeat":"repeat","background-position":"center center","background-size":"auto","background-attachment":"scroll","background-type":"","background-media":"","overlay-type":"","overlay-color":"","overlay-gradient":""},"mobile":{"background-color":"var(--ast-global-color-5)","background-image":"","background-repeat":"repeat","background-position":"center center","background-size":"auto","background-attachment":"scroll","background-type":"","background-media":"","overlay-type":"","overlay-color":"","overlay-gradient":""}},"footnotes":""},"categories":[19815,1175],"tags":[200743,56442,200741,200742],"class_list":["post-98096","post","type-post","status-publish","format-standard","hentry","category-calidad-de-vida","category-evaluacion-y-diagnostico-en-psicologia","tag-blanca-estela-huitron-vazquez","tag-dolors-forns-serrallonga","tag-georgina-eugenia-bazan-riveron","tag-teresa-gutierrez-rosado"],"_links":{"self":[{"href":"https:\/\/www.deberes.net\/tesis\/wp-json\/wp\/v2\/posts\/98096","targetHints":{"allow":["GET"]}}],"collection":[{"href":"https:\/\/www.deberes.net\/tesis\/wp-json\/wp\/v2\/posts"}],"about":[{"href":"https:\/\/www.deberes.net\/tesis\/wp-json\/wp\/v2\/types\/post"}],"author":[{"embeddable":true,"href":"https:\/\/www.deberes.net\/tesis\/wp-json\/wp\/v2\/users\/1"}],"replies":[{"embeddable":true,"href":"https:\/\/www.deberes.net\/tesis\/wp-json\/wp\/v2\/comments?post=98096"}],"version-history":[{"count":0,"href":"https:\/\/www.deberes.net\/tesis\/wp-json\/wp\/v2\/posts\/98096\/revisions"}],"wp:attachment":[{"href":"https:\/\/www.deberes.net\/tesis\/wp-json\/wp\/v2\/media?parent=98096"}],"wp:term":[{"taxonomy":"category","embeddable":true,"href":"https:\/\/www.deberes.net\/tesis\/wp-json\/wp\/v2\/categories?post=98096"},{"taxonomy":"post_tag","embeddable":true,"href":"https:\/\/www.deberes.net\/tesis\/wp-json\/wp\/v2\/tags?post=98096"}],"curies":[{"name":"wp","href":"https:\/\/api.w.org\/{rel}","templated":true}]}}