{"id":98127,"date":"2018-03-11T10:18:48","date_gmt":"2018-03-11T10:18:48","guid":{"rendered":""},"modified":"2018-03-11T10:18:48","modified_gmt":"2018-03-11T10:18:48","slug":"integracion-real-de-la-informatica-en-el-sistema-educativo-no-universitario-de-galicia-implicaciones-problematica-actual-y-aportaciones-para-la-contextualizacion-y-desarrollo-de-la-informatica-educa","status":"publish","type":"post","link":"https:\/\/www.deberes.net\/tesis\/ensenanza-con-ayuda-de-ordenador\/integracion-real-de-la-informatica-en-el-sistema-educativo-no-universitario-de-galicia-implicaciones-problematica-actual-y-aportaciones-para-la-contextualizacion-y-desarrollo-de-la-informatica-educa\/","title":{"rendered":"Integraci\u00f3n real de la inform\u00e1tica en el sistema educativo no universitario de galicia. implicaciones, problem\u00e1tica actual y aportaciones para la contextualizaci\u00f3n y desarrollo de la inform\u00e1tica educativa"},"content":{"rendered":"<h2>Tesis doctoral de <strong> Luis Vilan Crespo <\/strong><\/h2>\n<p>Esta tesis, contextualizada en galicia, se sit\u00faa en el \u00e1mbito de la inform\u00e1tica educativa y su campo de aplicaci\u00f3n es la docencia presencial reglada no universitaria. Tiene como finalidad conocer y diagn\u00f3sticar la situaci\u00f3n real de la inform\u00e1tica en el sistema educativo de galicia, teniendo como foco de atenci\u00f3n a los docentes y al actual marco curricular. Se han realizado dos investigaciones principales: la primera con el objetivo de conocer y cuantificar el que se ense\u00f1a en materia tic.  la segunda tiene por objetivo conocer, analizar y diagn\u00f3sticar la situaci\u00f3n de los docentes atendiendo al fen\u00f3meno tic.<\/p>\n<p>&nbsp;<\/p>\n<h3>Datos acad\u00e9micos de la tesis doctoral \u00ab<strong>Integraci\u00f3n real de la inform\u00e1tica en el sistema educativo no universitario de galicia. implicaciones, problem\u00e1tica actual y aportaciones para la contextualizaci\u00f3n y desarrollo de la inform\u00e1tica educativa<\/strong>\u00ab<\/h3>\n<ul>\n<li><strong>T\u00edtulo de la tesis:<\/strong>\u00a0 Integraci\u00f3n real de la inform\u00e1tica en el sistema educativo no universitario de galicia. implicaciones, problem\u00e1tica actual y aportaciones para la contextualizaci\u00f3n y desarrollo de la inform\u00e1tica educativa <\/li>\n<li><strong>Autor:<\/strong>\u00a0 Luis Vilan Crespo <\/li>\n<li><strong>Universidad:<\/strong>\u00a0 Vigo<\/li>\n<li><strong>Fecha de lectura de la tesis:<\/strong>\u00a0 16\/12\/2009<\/li>\n<\/ul>\n<p>&nbsp;<\/p>\n<h3>Direcci\u00f3n y tribunal<\/h3>\n<ul>\n<li><strong>Director de la tesis<\/strong>\n<ul>\n<li>Manuel P\u00e9rez Cota<\/li>\n<\/ul>\n<\/li>\n<li><strong>Tribunal<\/strong>\n<ul>\n<li>Presidente del tribunal: h\u00e9ctor Jorge Garc\u00eda neder <\/li>\n<li>sandra isabel Casas (vocal)<\/li>\n<li>cecilio Fonseca bon (vocal)<\/li>\n<li>Jos\u00e9 Rafael P\u00e9rez  aguiar (vocal)<\/li>\n<\/ul>\n<\/li>\n<\/ul>\n<p>&nbsp;<\/p>\n","protected":false},"excerpt":{"rendered":"<p>Tesis doctoral de Luis Vilan Crespo Esta tesis, contextualizada en galicia, se sit\u00faa en el \u00e1mbito de la inform\u00e1tica educativa [&hellip;]<\/p>\n","protected":false},"author":1,"featured_media":0,"comment_status":"open","ping_status":"open","sticky":false,"template":"","format":"standard","meta":{"site-sidebar-layout":"default","site-content-layout":"","ast-site-content-layout":"","site-content-style":"default","site-sidebar-style":"default","ast-global-header-display":"","ast-banner-title-visibility":"","ast-main-header-display":"","ast-hfb-above-header-display":"","ast-hfb-below-header-display":"","ast-hfb-mobile-header-display":"","site-post-title":"","ast-breadcrumbs-content":"","ast-featured-img":"","footer-sml-layout":"","theme-transparent-header-meta":"","adv-header-id-meta":"","stick-header-meta":"","header-above-stick-meta":"","header-main-stick-meta":"","header-below-stick-meta":"","astra-migrate-meta-layouts":"default","ast-page-background-enabled":"default","ast-page-background-meta":{"desktop":{"background-color":"var(--ast-global-color-4)","background-image":"","background-repeat":"repeat","background-position":"center center","background-size":"auto","background-attachment":"scroll","background-type":"","background-media":"","overlay-type":"","overlay-color":"","overlay-gradient":""},"tablet":{"background-color":"","background-image":"","background-repeat":"repeat","background-position":"center center","background-size":"auto","background-attachment":"scroll","background-type":"","background-media":"","overlay-type":"","overlay-color":"","overlay-gradient":""},"mobile":{"background-color":"","background-image":"","background-repeat":"repeat","background-position":"center center","background-size":"auto","background-attachment":"scroll","background-type":"","background-media":"","overlay-type":"","overlay-color":"","overlay-gradient":""}},"ast-content-background-meta":{"desktop":{"background-color":"var(--ast-global-color-5)","background-image":"","background-repeat":"repeat","background-position":"center center","background-size":"auto","background-attachment":"scroll","background-type":"","background-media":"","overlay-type":"","overlay-color":"","overlay-gradient":""},"tablet":{"background-color":"var(--ast-global-color-5)","background-image":"","background-repeat":"repeat","background-position":"center center","background-size":"auto","background-attachment":"scroll","background-type":"","background-media":"","overlay-type":"","overlay-color":"","overlay-gradient":""},"mobile":{"background-color":"var(--ast-global-color-5)","background-image":"","background-repeat":"repeat","background-position":"center center","background-size":"auto","background-attachment":"scroll","background-type":"","background-media":"","overlay-type":"","overlay-color":"","overlay-gradient":""}},"footnotes":""},"categories":[1892,13880,18657],"tags":[82081,139697,139698,200798,46465,139695],"class_list":["post-98127","post","type-post","status-publish","format-standard","hentry","category-ensenanza-con-ayuda-de-ordenador","category-informatica","category-vigo","tag-cecilio-fonseca-bon","tag-hector-jorge-garcia-neder","tag-jose-rafael-perez-aguiar","tag-luis-vilan-crespo","tag-manuel-perez-cota","tag-sandra-isabel-casas"],"_links":{"self":[{"href":"https:\/\/www.deberes.net\/tesis\/wp-json\/wp\/v2\/posts\/98127","targetHints":{"allow":["GET"]}}],"collection":[{"href":"https:\/\/www.deberes.net\/tesis\/wp-json\/wp\/v2\/posts"}],"about":[{"href":"https:\/\/www.deberes.net\/tesis\/wp-json\/wp\/v2\/types\/post"}],"author":[{"embeddable":true,"href":"https:\/\/www.deberes.net\/tesis\/wp-json\/wp\/v2\/users\/1"}],"replies":[{"embeddable":true,"href":"https:\/\/www.deberes.net\/tesis\/wp-json\/wp\/v2\/comments?post=98127"}],"version-history":[{"count":0,"href":"https:\/\/www.deberes.net\/tesis\/wp-json\/wp\/v2\/posts\/98127\/revisions"}],"wp:attachment":[{"href":"https:\/\/www.deberes.net\/tesis\/wp-json\/wp\/v2\/media?parent=98127"}],"wp:term":[{"taxonomy":"category","embeddable":true,"href":"https:\/\/www.deberes.net\/tesis\/wp-json\/wp\/v2\/categories?post=98127"},{"taxonomy":"post_tag","embeddable":true,"href":"https:\/\/www.deberes.net\/tesis\/wp-json\/wp\/v2\/tags?post=98127"}],"curies":[{"name":"wp","href":"https:\/\/api.w.org\/{rel}","templated":true}]}}