{"id":98161,"date":"2018-03-11T10:18:53","date_gmt":"2018-03-11T10:18:53","guid":{"rendered":"https:\/\/www.deberes.net\/tesis\/sin-categoria\/nucleos-rurais-uma-manifestaa%c2%a7ao-de-autenticidade\/"},"modified":"2018-03-11T10:18:53","modified_gmt":"2018-03-11T10:18:53","slug":"nucleos-rurais-uma-manifestaa%c2%a7ao-de-autenticidade","status":"publish","type":"post","link":"https:\/\/www.deberes.net\/tesis\/arquitectura\/nucleos-rurais-uma-manifestaa%c2%a7ao-de-autenticidade\/","title":{"rendered":"N\u00facleos rurais: uma manifesta\u00c1\u00a7\u00c1\u00a3o de autenticidade"},"content":{"rendered":"<h2>Tesis doctoral de <strong> Patr\u00edcia Xavier Diogo <\/strong><\/h2>\n<p>La motivaci\u00f3n inicial sobre el tema, n\u00facleos rurales &#8211; una manifestaci\u00f3n de autenticidad, proviene del contacto privilegiado que nos ha sido proporcionado por la estrecha relaci\u00f3n que desde hace bastante tiempo hemos establecido con dos trabajos de investigaci\u00f3n elaborados alrededor de la arquitectura popular en la diversidad de las variantes que sus autores hab\u00edan intentado profundizar: el primero de manuel diogo alrededor de la arquitectura vern\u00e1cula y el segundo sobre la problem\u00e1tica de la arquitectura complementaria y del trabajo de la responsabilidad de maria xavier diogo.  ambos trabajos realizados en tierras de miranda han sembrado las semillas de la curiosidad y del inter\u00e9s que vendr\u00edan a propiciar el nacimiento de un deseo que fue creciendo sobre el conocimiento de un territorio perif\u00e9rico que coloca problemas para los cuales no ten\u00edamos instrumentos te\u00f3ricos adecuados para resolverlos en el \u00e1rea que nos hemos propuesto investigar. as\u00ed, la investigaci\u00f3n incidi\u00f3 en el an\u00e1lisis, en el inventario y en la caracterizaci\u00f3n de factores que determinaron la implantaci\u00f3n y la forma como los asentamientos rurales se han extendido en el territorio, convencidos de que este camino ser\u00eda el que mejor identificar\u00eda las matrices y evaluar\u00eda sus consecuencias en la organizaci\u00f3n del espacio p\u00fablico rural. este car\u00e1cter patrimonial y testimonial con un valor del que hay que tener consciencia ha contribuido para formular la idea de que el espacio p\u00fablico ha variado muy poco a lo largo del tiempo, a pesar de que ha mantenido una mediaci\u00f3n sociocultural activa que se ha  procesado debajo de la protecci\u00f3n de distintos niveles de realidad recurrente de efectos causales y temporales, a qui\u00e9nes caben circunscribir, filtrar, sedimentar y significar el lugar en donde se vive, produce, reproduce y excede colectivamente el compartir una identidad com\u00fan reflejada en la relaci\u00f3n ef\u00edmera, pero eternizada en el tiempo y en el espacio, al final, entre el hombre y el territorio.<\/p>\n<p>&nbsp;<\/p>\n<h3>Datos acad\u00e9micos de la tesis doctoral \u00ab<strong>N\u00facleos rurais: uma manifesta\u00c1\u00a7\u00c1\u00a3o de autenticidade<\/strong>\u00ab<\/h3>\n<ul>\n<li><strong>T\u00edtulo de la tesis:<\/strong>\u00a0 N\u00facleos rurais: uma manifesta\u00c1\u00a7\u00c1\u00a3o de autenticidade <\/li>\n<li><strong>Autor:<\/strong>\u00a0 Patr\u00edcia Xavier Diogo <\/li>\n<li><strong>Universidad:<\/strong>\u00a0 Valladolid<\/li>\n<li><strong>Fecha de lectura de la tesis:<\/strong>\u00a0 17\/12\/2009<\/li>\n<\/ul>\n<p>&nbsp;<\/p>\n<h3>Direcci\u00f3n y tribunal<\/h3>\n<ul>\n<li><strong>Director de la tesis<\/strong>\n<ul>\n<li>Juan  Manuel Baez Mezquita<\/li>\n<\/ul>\n<\/li>\n<li><strong>Tribunal<\/strong>\n<ul>\n<li>Presidente del tribunal: Carlos Montes serrano <\/li>\n<li>horacio Manuel Pereira bonifacio (vocal)<\/li>\n<li>joaquin Casado de amezua vazquez (vocal)<\/li>\n<li>rui Barreiros duarte (vocal)<\/li>\n<\/ul>\n<\/li>\n<\/ul>\n<p>&nbsp;<\/p>\n","protected":false},"excerpt":{"rendered":"<p>Tesis doctoral de Patr\u00edcia Xavier Diogo La motivaci\u00f3n inicial sobre el tema, n\u00facleos rurales &#8211; una manifestaci\u00f3n de autenticidad, proviene [&hellip;]<\/p>\n","protected":false},"author":1,"featured_media":0,"comment_status":"open","ping_status":"open","sticky":false,"template":"","format":"standard","meta":{"site-sidebar-layout":"default","site-content-layout":"","ast-site-content-layout":"","site-content-style":"default","site-sidebar-style":"default","ast-global-header-display":"","ast-banner-title-visibility":"","ast-main-header-display":"","ast-hfb-above-header-display":"","ast-hfb-below-header-display":"","ast-hfb-mobile-header-display":"","site-post-title":"","ast-breadcrumbs-content":"","ast-featured-img":"","footer-sml-layout":"","theme-transparent-header-meta":"","adv-header-id-meta":"","stick-header-meta":"","header-above-stick-meta":"","header-main-stick-meta":"","header-below-stick-meta":"","astra-migrate-meta-layouts":"default","ast-page-background-enabled":"default","ast-page-background-meta":{"desktop":{"background-color":"var(--ast-global-color-4)","background-image":"","background-repeat":"repeat","background-position":"center center","background-size":"auto","background-attachment":"scroll","background-type":"","background-media":"","overlay-type":"","overlay-color":"","overlay-gradient":""},"tablet":{"background-color":"","background-image":"","background-repeat":"repeat","background-position":"center center","background-size":"auto","background-attachment":"scroll","background-type":"","background-media":"","overlay-type":"","overlay-color":"","overlay-gradient":""},"mobile":{"background-color":"","background-image":"","background-repeat":"repeat","background-position":"center center","background-size":"auto","background-attachment":"scroll","background-type":"","background-media":"","overlay-type":"","overlay-color":"","overlay-gradient":""}},"ast-content-background-meta":{"desktop":{"background-color":"var(--ast-global-color-5)","background-image":"","background-repeat":"repeat","background-position":"center center","background-size":"auto","background-attachment":"scroll","background-type":"","background-media":"","overlay-type":"","overlay-color":"","overlay-gradient":""},"tablet":{"background-color":"var(--ast-global-color-5)","background-image":"","background-repeat":"repeat","background-position":"center center","background-size":"auto","background-attachment":"scroll","background-type":"","background-media":"","overlay-type":"","overlay-color":"","overlay-gradient":""},"mobile":{"background-color":"var(--ast-global-color-5)","background-image":"","background-repeat":"repeat","background-position":"center center","background-size":"auto","background-attachment":"scroll","background-type":"","background-media":"","overlay-type":"","overlay-color":"","overlay-gradient":""}},"footnotes":""},"categories":[4509,12451],"tags":[12688,200854,35402,12687,200853,200855],"class_list":["post-98161","post","type-post","status-publish","format-standard","hentry","category-arquitectura","category-valladolid","tag-carlos-montes-serrano","tag-horacio-manuel-pereira-bonifacio","tag-joaquin-casado-de-amezua-vazquez","tag-juan-manuel-baez-mezquita","tag-patricia-xavier-diogo","tag-rui-barreiros-duarte"],"_links":{"self":[{"href":"https:\/\/www.deberes.net\/tesis\/wp-json\/wp\/v2\/posts\/98161","targetHints":{"allow":["GET"]}}],"collection":[{"href":"https:\/\/www.deberes.net\/tesis\/wp-json\/wp\/v2\/posts"}],"about":[{"href":"https:\/\/www.deberes.net\/tesis\/wp-json\/wp\/v2\/types\/post"}],"author":[{"embeddable":true,"href":"https:\/\/www.deberes.net\/tesis\/wp-json\/wp\/v2\/users\/1"}],"replies":[{"embeddable":true,"href":"https:\/\/www.deberes.net\/tesis\/wp-json\/wp\/v2\/comments?post=98161"}],"version-history":[{"count":0,"href":"https:\/\/www.deberes.net\/tesis\/wp-json\/wp\/v2\/posts\/98161\/revisions"}],"wp:attachment":[{"href":"https:\/\/www.deberes.net\/tesis\/wp-json\/wp\/v2\/media?parent=98161"}],"wp:term":[{"taxonomy":"category","embeddable":true,"href":"https:\/\/www.deberes.net\/tesis\/wp-json\/wp\/v2\/categories?post=98161"},{"taxonomy":"post_tag","embeddable":true,"href":"https:\/\/www.deberes.net\/tesis\/wp-json\/wp\/v2\/tags?post=98161"}],"curies":[{"name":"wp","href":"https:\/\/api.w.org\/{rel}","templated":true}]}}