{"id":98207,"date":"2018-03-11T10:18:57","date_gmt":"2018-03-11T10:18:57","guid":{"rendered":"https:\/\/www.deberes.net\/tesis\/sin-categoria\/reformulacion-dramata%c2%adstica-de-la-comunicacion-de-crisis-frente-al-terrorismo-aplicacion-metodologica-a-los-atentados-del-11-de-marzo-de-2004-en-espana\/"},"modified":"2018-03-11T10:18:57","modified_gmt":"2018-03-11T10:18:57","slug":"reformulacion-dramata%c2%adstica-de-la-comunicacion-de-crisis-frente-al-terrorismo-aplicacion-metodologica-a-los-atentados-del-11-de-marzo-de-2004-en-espana","status":"publish","type":"post","link":"https:\/\/www.deberes.net\/tesis\/comunicaciones-sociales\/reformulacion-dramata%c2%adstica-de-la-comunicacion-de-crisis-frente-al-terrorismo-aplicacion-metodologica-a-los-atentados-del-11-de-marzo-de-2004-en-espana\/","title":{"rendered":"Reformulaci\u00f3n dramat\u00edstica de la comunicaci\u00f3n de crisis frente al terrorismo: aplicaci\u00f3n metodol\u00f3gica a los atentados del 11 de marzo de 2004 en espa\u00f1a."},"content":{"rendered":"<h2>Tesis doctoral de <strong> Cristina Zurutuza Mu\u00f1oz <\/strong><\/h2>\n<p>Esta investigaci\u00f3n se aproxima al estudio de la comunicaci\u00f3n de crisis frente al terrorismo desde la teor\u00eda dramat\u00edstica de kenneth burke. Desde esta teor\u00eda, y con las contribuciones de otros autores pr\u00f3ximos a ella, se construye un marco te\u00f3rico en el que se relee la comunicaci\u00f3n de crisis para delimitar la verdadera dimensi\u00f3n comunicativa de una crisis. Esta reformulaci\u00f3n es tambi\u00e9n la perspectiva desde la que se aborda la comprensi\u00f3n del terrorismo como causa de crisis con el fin de identificar los aspectos espec\u00edficos (narrativos, ret\u00f3ricos y simb\u00f3licos) de este tipo de crisis que deben caracterizar una comunicaci\u00f3n que le haga frente de forma efectiva.  esta relectura se concreta en la propuesta de una metodolog\u00eda de an\u00e1lisis cualitativo que, de forma inductiva, recoge en un \u00fanico patr\u00f3n de estudio todos los prismas te\u00f3ricos trabajados. As\u00ed, la misma mirada con la que se ha entendido conceptualmente el objeto de estudio puede ser aplicada de forma met\u00f3dica al an\u00e1lisis de casos en los que un gobierno haya tenido que responder p\u00fablicamente a un atentado.  la metodolog\u00eda se aplica a los atentados terroristas del 11 de marzo de 2004 en espa\u00f1a, concretamente a la gesti\u00f3n que el gobierno hizo de la crisis a trav\u00e9s de la comunicaci\u00f3n y al impacto de sus mensajes en los tres principales rotativos nacionales: el pa\u00eds, el mundo y abc. El estudio de este caso permite comprobar que algunos aspectos de la estrategia comunicativa gubernamental interfirieron en el desarrollo de la crisis terrorista que mayor convulsi\u00f3n medi\u00e1tica, pol\u00edtica y social ha causado en la espa\u00f1a democr\u00e1tica y la agravaron.<\/p>\n<p>&nbsp;<\/p>\n<h3>Datos acad\u00e9micos de la tesis doctoral \u00ab<strong>Reformulaci\u00f3n dramat\u00edstica de la comunicaci\u00f3n de crisis frente al terrorismo: aplicaci\u00f3n metodol\u00f3gica a los atentados del 11 de marzo de 2004 en espa\u00f1a.<\/strong>\u00ab<\/h3>\n<ul>\n<li><strong>T\u00edtulo de la tesis:<\/strong>\u00a0 Reformulaci\u00f3n dramat\u00edstica de la comunicaci\u00f3n de crisis frente al terrorismo: aplicaci\u00f3n metodol\u00f3gica a los atentados del 11 de marzo de 2004 en espa\u00f1a. <\/li>\n<li><strong>Autor:<\/strong>\u00a0 Cristina Zurutuza Mu\u00f1oz <\/li>\n<li><strong>Universidad:<\/strong>\u00a0 Navarra<\/li>\n<li><strong>Fecha de lectura de la tesis:<\/strong>\u00a0 18\/12\/2009<\/li>\n<\/ul>\n<p>&nbsp;<\/p>\n<h3>Direcci\u00f3n y tribunal<\/h3>\n<ul>\n<li><strong>Director de la tesis<\/strong>\n<ul>\n<li>Mar\u00eda  Teresa Sadaba Garraza<\/li>\n<\/ul>\n<\/li>\n<li><strong>Tribunal<\/strong>\n<ul>\n<li>Presidente del tribunal: Manuel v\u00edctor Mart\u00edn algarra <\/li>\n<li>Antonio D\u00edaz (vocal)<\/li>\n<li>Elena Guti\u00e9rrez Garc\u00eda (vocal)<\/li>\n<li>M\u00aa Jos\u00e9 Canel crespo (vocal)<\/li>\n<\/ul>\n<\/li>\n<\/ul>\n<p>&nbsp;<\/p>\n","protected":false},"excerpt":{"rendered":"<p>Tesis doctoral de Cristina Zurutuza Mu\u00f1oz Esta investigaci\u00f3n se aproxima al estudio de la comunicaci\u00f3n de crisis frente al terrorismo [&hellip;]<\/p>\n","protected":false},"author":1,"featured_media":0,"comment_status":"open","ping_status":"open","sticky":false,"template":"","format":"standard","meta":{"site-sidebar-layout":"default","site-content-layout":"","ast-site-content-layout":"","site-content-style":"default","site-sidebar-style":"default","ast-global-header-display":"","ast-banner-title-visibility":"","ast-main-header-display":"","ast-hfb-above-header-display":"","ast-hfb-below-header-display":"","ast-hfb-mobile-header-display":"","site-post-title":"","ast-breadcrumbs-content":"","ast-featured-img":"","footer-sml-layout":"","theme-transparent-header-meta":"","adv-header-id-meta":"","stick-header-meta":"","header-above-stick-meta":"","header-main-stick-meta":"","header-below-stick-meta":"","astra-migrate-meta-layouts":"default","ast-page-background-enabled":"default","ast-page-background-meta":{"desktop":{"background-color":"var(--ast-global-color-4)","background-image":"","background-repeat":"repeat","background-position":"center center","background-size":"auto","background-attachment":"scroll","background-type":"","background-media":"","overlay-type":"","overlay-color":"","overlay-gradient":""},"tablet":{"background-color":"","background-image":"","background-repeat":"repeat","background-position":"center center","background-size":"auto","background-attachment":"scroll","background-type":"","background-media":"","overlay-type":"","overlay-color":"","overlay-gradient":""},"mobile":{"background-color":"","background-image":"","background-repeat":"repeat","background-position":"center center","background-size":"auto","background-attachment":"scroll","background-type":"","background-media":"","overlay-type":"","overlay-color":"","overlay-gradient":""}},"ast-content-background-meta":{"desktop":{"background-color":"var(--ast-global-color-5)","background-image":"","background-repeat":"repeat","background-position":"center center","background-size":"auto","background-attachment":"scroll","background-type":"","background-media":"","overlay-type":"","overlay-color":"","overlay-gradient":""},"tablet":{"background-color":"var(--ast-global-color-5)","background-image":"","background-repeat":"repeat","background-position":"center center","background-size":"auto","background-attachment":"scroll","background-type":"","background-media":"","overlay-type":"","overlay-color":"","overlay-gradient":""},"mobile":{"background-color":"var(--ast-global-color-5)","background-image":"","background-repeat":"repeat","background-position":"center center","background-size":"auto","background-attachment":"scroll","background-type":"","background-media":"","overlay-type":"","overlay-color":"","overlay-gradient":""}},"footnotes":""},"categories":[18484,4735,17749,4840,48665],"tags":[200934,200933,137998,58251,72404,32127],"class_list":["post-98207","post","type-post","status-publish","format-standard","hentry","category-comportamiento-politico","category-comunicaciones-sociales","category-navarra","category-opinion-publica","category-terrorismo","tag-antonio-diaz","tag-cristina-zurutuza-munoz","tag-elena-gutierrez-garcia","tag-manuel-victor-martin-algarra","tag-maria-teresa-sadaba-garraza","tag-ma-jose-canel-crespo"],"_links":{"self":[{"href":"https:\/\/www.deberes.net\/tesis\/wp-json\/wp\/v2\/posts\/98207","targetHints":{"allow":["GET"]}}],"collection":[{"href":"https:\/\/www.deberes.net\/tesis\/wp-json\/wp\/v2\/posts"}],"about":[{"href":"https:\/\/www.deberes.net\/tesis\/wp-json\/wp\/v2\/types\/post"}],"author":[{"embeddable":true,"href":"https:\/\/www.deberes.net\/tesis\/wp-json\/wp\/v2\/users\/1"}],"replies":[{"embeddable":true,"href":"https:\/\/www.deberes.net\/tesis\/wp-json\/wp\/v2\/comments?post=98207"}],"version-history":[{"count":0,"href":"https:\/\/www.deberes.net\/tesis\/wp-json\/wp\/v2\/posts\/98207\/revisions"}],"wp:attachment":[{"href":"https:\/\/www.deberes.net\/tesis\/wp-json\/wp\/v2\/media?parent=98207"}],"wp:term":[{"taxonomy":"category","embeddable":true,"href":"https:\/\/www.deberes.net\/tesis\/wp-json\/wp\/v2\/categories?post=98207"},{"taxonomy":"post_tag","embeddable":true,"href":"https:\/\/www.deberes.net\/tesis\/wp-json\/wp\/v2\/tags?post=98207"}],"curies":[{"name":"wp","href":"https:\/\/api.w.org\/{rel}","templated":true}]}}