{"id":98320,"date":"2018-03-11T10:19:02","date_gmt":"2018-03-11T10:19:02","guid":{"rendered":"https:\/\/www.deberes.net\/tesis\/sin-categoria\/las-cooperativas-de-trabajo-asociado-otra-forma-de-creacion-de-empleo\/"},"modified":"2018-03-11T10:19:02","modified_gmt":"2018-03-11T10:19:02","slug":"las-cooperativas-de-trabajo-asociado-otra-forma-de-creacion-de-empleo","status":"publish","type":"post","link":"https:\/\/www.deberes.net\/tesis\/derecho-del-trabajo-y-de-la-seguridad-social\/las-cooperativas-de-trabajo-asociado-otra-forma-de-creacion-de-empleo\/","title":{"rendered":"Las cooperativas de trabajo asociado: otra forma de creaci\u00f3n de empleo"},"content":{"rendered":"<h2>Tesis doctoral de <strong> Jose Cuevas Gallegos <\/strong><\/h2>\n<p>En las \u00faltimas d\u00e9cadas del siglo xx la crisis de la moderna sociedad industrial, tanto en su vertiente de crisis de empleo cuanto en su vertiente de crisis de valoraci\u00f3n cultural de las prestaciones laborales, reabre el viejo debate de la aptitud funcional de los medios de producci\u00f3n asociativos que permit\u00eda a los trabajadores asumir funciones de direcci\u00f3n y administraci\u00f3n de empresas. en la actual configuraci\u00f3n, el desdoblamiento de la sociedad contempor\u00e1nea entre empresas instaladas en el centro del sistema, con peso espec\u00edfico en el mercado, y empresas comparativamente menos estables desplazadas hacia la periferia, se ha ido acortando sensiblemente al abrirse paso no el cooperativismo como tercera v\u00eda sino el sector de econom\u00eda social operante en sentido de igualdad con el sector p\u00fablico y con el sector privado, que paulatinamente va nivelando las profundas diferencias econ\u00f3micas, de reconocimiento social, calidad de trabajo y de vida, seguridad social, innovaci\u00f3n tecnol\u00f3gica, formaci\u00f3n profesional, prevenci\u00f3n de riesgos, sistemas de protecci\u00f3n, etc., Que permite que parte del sistema presente s\u00edntomas evidentes de separaci\u00f3n en su tradicional ligaz\u00f3n a gran parte de las injusticias sociales de nuestro tiempo. mirando a la ue, nos urge destacar, por ahora, dos datos: el comit\u00e9 econ\u00f3mico y social europeo aprob\u00f3 un dictamen en marzo de 2000 sobre econom\u00eda social y mercado \u00fanico cuyo objeto no era otro queponer de relieve la importancia de la econom\u00eda social a escala europea y presentar propuestas concretas a las instituciones, los estados miembros y los sectores de la ue a fin de mejorar sus posibilidades de contribuir al bienestar, el empleo, el crecimiento sostenible y la cohesi\u00f3n social. 2 por su parte, la comisi\u00f3n de empleo y asuntos sociales del parlamento europeo aprob\u00f3, el 21-12-2008, el informe de fomento de la econom\u00eda social presentado por la eurodiputada italiana patrizia toia. El informe toia subraya que la econom\u00eda social, al conjugar rentabilidad y solidaridad, desempe\u00f1a un papel primordial en la econom\u00eda europea al permitir la creaci\u00f3n de empleos de calidad y el refuerzo de la cohesi\u00f3n social y territorial de la ciudadan\u00eda activa, de la solidaridad y del desarrollo sostenible. Sin embargo, advierte que la econom\u00eda social no podr\u00e1 prosperar y aportar todo su potencial si no est\u00e1n reunidas pol\u00edticas, legislativas y operativas, adecuadas. por otra parte, el informe define a la econom\u00eda social como un modelo de empresa que no se caracteriza por el tama\u00f1o o el sector de actividad, sino por los valores comunes que comparten sus diferentes componentes, mostrando a la econom\u00eda social como una realidad incuestionable de la sociedad europea tanto por su peso en la econom\u00eda como por su papel en la construcci\u00f3n europea y estima que un 10% de las empresas europeas (dos millones en total) son de econom\u00eda social que emplean en conjunto el 6% de la poblaci\u00f3n del continente. concluye solicitando que las particularidades de la econom\u00eda social sean tenidas debidamente en cuenta en la elaboraci\u00f3n de los marcos jur\u00eddicos que afecten a estas actividades productivas, se\u00f1alando que particularmente, en este per\u00edodo de crisis econ\u00f3mica, la econom\u00eda social puede ser la clave para la recuperaci\u00f3n de muchos sectores de la econom\u00eda. el pleno del parlamento europeo, en su sesi\u00f3n de 19-2-2009, aprob\u00f3 el citado informe manifest\u00e1ndose a favor de que la econom\u00eda social se reconozca en el di\u00e1logo social europeo sectorial e intersectorial y sugiere que tanto la comisi\u00f3n como los estados miembros impulsen en\u00e9rgicamente 3 el proceso de inclusi\u00f3n de los agentes de la econom\u00eda social en la concertaci\u00f3n social y en el di\u00e1logo civil. parece que con ello ya se est\u00e1 haciendo una referencia expl\u00edcita a algo m\u00e1s que a los cl\u00e1sicos sectores p\u00fablico y privado y, adem\u00e1s, con un objetivo funcional muy concreto: mejorar el nivel de empleo y la concertaci\u00f3n social a escala europea. nuestra opini\u00f3n, es posible, la encontramos refrendada en la doctrina cuando se nos dice que en su pr\u00e1ctica, <se refiere a los agentes de la econom\u00eda social> desarrollan una actividad econ\u00f3mica productora de bienes y\/o servicios cuya l\u00f3gica de funcionamiento organizativa, a nivel microecon\u00f3mico, choca con las de otros dos modos a los que nos tiene acostumbrados la literatura econ\u00f3mica dominante por lo que a pesar de su acusada heterogeneidad interna, justifican concebirlas las organizaciones de econom\u00eda social> como un sector institucional, junto al sector p\u00fablico y al sector privado capitalista, en las modernas econom\u00edas de mercado. con igual contundencia, y refiri\u00e9ndose a los problemas de desempleo, distribuci\u00f3n de rentas, calidad de los servicios p\u00fablicos, vivienda, sanidad, educaci\u00f3n, calidad de vida de la poblaci\u00f3n jubilada, etc., ocupan un espacio de actuaci\u00f3n&#8230;Cuya misi\u00f3n, de inter\u00e9s relevante para toda la sociedad, consiste en contribuir a resolver&#8230; Viejos y nuevos problemas que afectan a nuestras sociedades&#8230;Que no pueden resolverse satisfactoriamente con la exclusiva acci\u00f3n de las empresas capitalistas, empresas p\u00fablicas y sector p\u00fablico en general. y de nuevo el cl\u00e1sico gide y su conocida alegor\u00eda: una catedral donde arriba se situar\u00edan todas aquellas formas institucionales basadas en la libre asociaci\u00f3n que tienden a la emancipaci\u00f3n de la clase obrera por sus propios medios (la econom\u00eda social), a un lado las modalidades de 4 intervenci\u00f3n del estado, a otro, las instituciones (capitalistas) patronales, y abajo, el infierno social de los miserables. y es ahora cuando la realidad de una ley de econom\u00eda social se hace m\u00e1s patente atendiendo a las palabras institucionales del ministro de trabajo e inmigraci\u00f3n y de la secretaria de estado de empleo para los que una ley general de econom\u00eda social ver\u00e1 la luz en esta legislatura o, en mundo de los hechos, la resol. 23-1-2009, boe 28-2-2009, por la que se publican las subvenciones concedidas al amparo de lo dispuesto en la orden tin\/1305\/2008, de 6 de mayo, aparece como beneficiario ciriecespa\u00f1a, proyecto subvencionable: informe para la elaboraci\u00f3n de una ley de fomento de la econom\u00eda social.<\/p>\n<p>&nbsp;<\/p>\n<h3>Datos acad\u00e9micos de la tesis doctoral \u00ab<strong>Las cooperativas de trabajo asociado: otra forma de creaci\u00f3n de empleo<\/strong>\u00ab<\/h3>\n<ul>\n<li><strong>T\u00edtulo de la tesis:<\/strong>\u00a0 Las cooperativas de trabajo asociado: otra forma de creaci\u00f3n de empleo <\/li>\n<li><strong>Autor:<\/strong>\u00a0 Jose Cuevas Gallegos <\/li>\n<li><strong>Universidad:<\/strong>\u00a0 Ja\u00e9n<\/li>\n<li><strong>Fecha de lectura de la tesis:<\/strong>\u00a0 18\/12\/2009<\/li>\n<\/ul>\n<p>&nbsp;<\/p>\n<h3>Direcci\u00f3n y tribunal<\/h3>\n<ul>\n<li><strong>Director de la tesis<\/strong>\n<ul>\n<li>Cristobal Molina Navarrete<\/li>\n<\/ul>\n<\/li>\n<li><strong>Tribunal<\/strong>\n<ul>\n<li>Presidente del tribunal: fernando Vald\u00e9s dal-r\u00e9 <\/li>\n<li>Juan Garc\u00eda blasco (vocal)<\/li>\n<li>Mar\u00eda  nieves Moreno vida (vocal)<\/li>\n<li>Jos\u00e9 Luis Monereo perez (vocal)<\/li>\n<\/ul>\n<\/li>\n<\/ul>\n<p>&nbsp;<\/p>\n","protected":false},"excerpt":{"rendered":"<p>Tesis doctoral de Jose Cuevas Gallegos En las \u00faltimas d\u00e9cadas del siglo xx la crisis de la moderna sociedad industrial, [&hellip;]<\/p>\n","protected":false},"author":1,"featured_media":0,"comment_status":"open","ping_status":"open","sticky":false,"template":"","format":"standard","meta":{"site-sidebar-layout":"default","site-content-layout":"","ast-site-content-layout":"","site-content-style":"default","site-sidebar-style":"default","ast-global-header-display":"","ast-banner-title-visibility":"","ast-main-header-display":"","ast-hfb-above-header-display":"","ast-hfb-below-header-display":"","ast-hfb-mobile-header-display":"","site-post-title":"","ast-breadcrumbs-content":"","ast-featured-img":"","footer-sml-layout":"","theme-transparent-header-meta":"","adv-header-id-meta":"","stick-header-meta":"","header-above-stick-meta":"","header-main-stick-meta":"","header-below-stick-meta":"","astra-migrate-meta-layouts":"default","ast-page-background-enabled":"default","ast-page-background-meta":{"desktop":{"background-color":"var(--ast-global-color-4)","background-image":"","background-repeat":"repeat","background-position":"center center","background-size":"auto","background-attachment":"scroll","background-type":"","background-media":"","overlay-type":"","overlay-color":"","overlay-gradient":""},"tablet":{"background-color":"","background-image":"","background-repeat":"repeat","background-position":"center center","background-size":"auto","background-attachment":"scroll","background-type":"","background-media":"","overlay-type":"","overlay-color":"","overlay-gradient":""},"mobile":{"background-color":"","background-image":"","background-repeat":"repeat","background-position":"center center","background-size":"auto","background-attachment":"scroll","background-type":"","background-media":"","overlay-type":"","overlay-color":"","overlay-gradient":""}},"ast-content-background-meta":{"desktop":{"background-color":"var(--ast-global-color-5)","background-image":"","background-repeat":"repeat","background-position":"center center","background-size":"auto","background-attachment":"scroll","background-type":"","background-media":"","overlay-type":"","overlay-color":"","overlay-gradient":""},"tablet":{"background-color":"var(--ast-global-color-5)","background-image":"","background-repeat":"repeat","background-position":"center center","background-size":"auto","background-attachment":"scroll","background-type":"","background-media":"","overlay-type":"","overlay-color":"","overlay-gradient":""},"mobile":{"background-color":"var(--ast-global-color-5)","background-image":"","background-repeat":"repeat","background-position":"center center","background-size":"auto","background-attachment":"scroll","background-type":"","background-media":"","overlay-type":"","overlay-color":"","overlay-gradient":""}},"footnotes":""},"categories":[2170,18923],"tags":[74787,4718,201115,28783,28782,46858],"class_list":["post-98320","post","type-post","status-publish","format-standard","hentry","category-derecho-del-trabajo-y-de-la-seguridad-social","category-jaen","tag-cristobal-molina-navarrete","tag-fernando-valdes-dal-re","tag-jose-cuevas-gallegos","tag-jose-luis-monereo-perez","tag-juan-garcia-blasco","tag-maria-nieves-moreno-vida"],"_links":{"self":[{"href":"https:\/\/www.deberes.net\/tesis\/wp-json\/wp\/v2\/posts\/98320","targetHints":{"allow":["GET"]}}],"collection":[{"href":"https:\/\/www.deberes.net\/tesis\/wp-json\/wp\/v2\/posts"}],"about":[{"href":"https:\/\/www.deberes.net\/tesis\/wp-json\/wp\/v2\/types\/post"}],"author":[{"embeddable":true,"href":"https:\/\/www.deberes.net\/tesis\/wp-json\/wp\/v2\/users\/1"}],"replies":[{"embeddable":true,"href":"https:\/\/www.deberes.net\/tesis\/wp-json\/wp\/v2\/comments?post=98320"}],"version-history":[{"count":0,"href":"https:\/\/www.deberes.net\/tesis\/wp-json\/wp\/v2\/posts\/98320\/revisions"}],"wp:attachment":[{"href":"https:\/\/www.deberes.net\/tesis\/wp-json\/wp\/v2\/media?parent=98320"}],"wp:term":[{"taxonomy":"category","embeddable":true,"href":"https:\/\/www.deberes.net\/tesis\/wp-json\/wp\/v2\/categories?post=98320"},{"taxonomy":"post_tag","embeddable":true,"href":"https:\/\/www.deberes.net\/tesis\/wp-json\/wp\/v2\/tags?post=98320"}],"curies":[{"name":"wp","href":"https:\/\/api.w.org\/{rel}","templated":true}]}}