{"id":98350,"date":"2018-03-11T10:19:08","date_gmt":"2018-03-11T10:19:08","guid":{"rendered":"https:\/\/www.deberes.net\/tesis\/sin-categoria\/variabilidad-de-extremos-ha%c2%addricos-en-la-pena%c2%adnsula-iberica-a-partir-de-fuentes-documentales\/"},"modified":"2018-03-11T10:19:08","modified_gmt":"2018-03-11T10:19:08","slug":"variabilidad-de-extremos-ha%c2%addricos-en-la-pena%c2%adnsula-iberica-a-partir-de-fuentes-documentales","status":"publish","type":"post","link":"https:\/\/www.deberes.net\/tesis\/paleoclimatologia\/variabilidad-de-extremos-ha%c2%addricos-en-la-pena%c2%adnsula-iberica-a-partir-de-fuentes-documentales\/","title":{"rendered":"Variabilidad de extremos h\u00eddricos en la pen\u00ednsula ib\u00e9rica a partir de fuentes documentales"},"content":{"rendered":"<h2>Tesis doctoral de <strong> Fernando Dom\u00ednguez Castro <\/strong><\/h2>\n<p>En esta tesis doctoral es estudia la variabilidad de los extremos de precipitaci\u00f3n desde 1506 hasta 1900 para la zona central de la pen\u00ednsula ib\u00e9rica a partir de fuentes documentales. Para ello: -se desarrolla una nueva metodolog\u00eda que permite inferir, a partir del registro de rogativas, la duraci\u00f3n de las sequ\u00edas a resoluci\u00f3n estacional. -se describe la evoluci\u00f3n de las sequ\u00edas acontecidas entre 1506 y 1900 en toledo a partir del registro de rogativas disponible con resoluci\u00f3n estacional. -se infiere la extensi\u00f3n espacial de las sequ\u00edas acaecidas en toledo analizando registros de rogativas de otras ciudades de espa\u00f1a, as\u00ed como nuevas evidencias documentales. -se identifican los periodos secos m\u00e1s importantes que afectan a varias estaciones del a\u00f1o. -se cuantifican las cronolog\u00edas de inundaciones hist\u00f3ricas disponibles para las ciudades de aranjuez, toledo y talavera. como resultados destacamos que en contra de lo que cabr\u00eda esperar, se ha observando que las sequ\u00edas e inundaciones aumentan y disminuyen su frecuencia de manera similar a trav\u00e9s del periodo de estudio as\u00ed, en los periodos en los que se registran sequ\u00edas es frecuente que tambi\u00e9n se registren inundaciones, aunque los periodos de alta frecuencia no coinciden de manera exacta y adem\u00e1s los eventos no suelen coincidir en los mismos a\u00f1os, d\u00e1ndose esta circunstancia tan s\u00f3lo en 17 a\u00f1os de los 400 a\u00f1os estudiados. se ha registrado dos periodos con alta frecuencia de sequ\u00edas e inundaciones: -1576-1612: durante este periodo las sequ\u00edas y las inundaciones presentan una alta frecuencia. Tras este periodo, entre 1613 y 1623, las sequ\u00edas contin\u00faan siendo frecuentes pero las inundaciones disminuyen dr\u00e1sticamente. -1740-1798: periodo alta frecuencia de sequ\u00edas e inundaciones. Previo a este periodo entre 1719 y 1739, tenemos una situaci\u00f3n similar a la de 1613-1624, donde las sequ\u00edas poseen una alta frecuencia pero las inundaciones no.<\/p>\n<p>&nbsp;<\/p>\n<h3>Datos acad\u00e9micos de la tesis doctoral \u00ab<strong>Variabilidad de extremos h\u00eddricos en la pen\u00ednsula ib\u00e9rica a partir de fuentes documentales<\/strong>\u00ab<\/h3>\n<ul>\n<li><strong>T\u00edtulo de la tesis:<\/strong>\u00a0 Variabilidad de extremos h\u00eddricos en la pen\u00ednsula ib\u00e9rica a partir de fuentes documentales <\/li>\n<li><strong>Autor:<\/strong>\u00a0 Fernando Dom\u00ednguez Castro <\/li>\n<li><strong>Universidad:<\/strong>\u00a0 Pablo de olavide<\/li>\n<li><strong>Fecha de lectura de la tesis:<\/strong>\u00a0 18\/12\/2009<\/li>\n<\/ul>\n<p>&nbsp;<\/p>\n<h3>Direcci\u00f3n y tribunal<\/h3>\n<ul>\n<li><strong>Director de la tesis<\/strong>\n<ul>\n<li>Pedro Ribera Rodr\u00edguez<\/li>\n<\/ul>\n<\/li>\n<li><strong>Tribunal<\/strong>\n<ul>\n<li>Presidente del tribunal: emiliano Hern\u00e1ndez mart\u00edn <\/li>\n<li>Mar\u00eda no Barriendos vallve (vocal)<\/li>\n<li>Jos\u00e9 Manuel Vaquero mart\u00ednez (vocal)<\/li>\n<li>Mar\u00eda  teresa del Teso martin (vocal)<\/li>\n<\/ul>\n<\/li>\n<\/ul>\n<p>&nbsp;<\/p>\n","protected":false},"excerpt":{"rendered":"<p>Tesis doctoral de Fernando Dom\u00ednguez Castro En esta tesis doctoral es estudia la variabilidad de los extremos de precipitaci\u00f3n desde [&hellip;]<\/p>\n","protected":false},"author":1,"featured_media":0,"comment_status":"open","ping_status":"open","sticky":false,"template":"","format":"standard","meta":{"site-sidebar-layout":"default","site-content-layout":"","ast-site-content-layout":"","site-content-style":"default","site-sidebar-style":"default","ast-global-header-display":"","ast-banner-title-visibility":"","ast-main-header-display":"","ast-hfb-above-header-display":"","ast-hfb-below-header-display":"","ast-hfb-mobile-header-display":"","site-post-title":"","ast-breadcrumbs-content":"","ast-featured-img":"","footer-sml-layout":"","theme-transparent-header-meta":"","adv-header-id-meta":"","stick-header-meta":"","header-above-stick-meta":"","header-main-stick-meta":"","header-below-stick-meta":"","astra-migrate-meta-layouts":"default","ast-page-background-enabled":"default","ast-page-background-meta":{"desktop":{"background-color":"var(--ast-global-color-4)","background-image":"","background-repeat":"repeat","background-position":"center center","background-size":"auto","background-attachment":"scroll","background-type":"","background-media":"","overlay-type":"","overlay-color":"","overlay-gradient":""},"tablet":{"background-color":"","background-image":"","background-repeat":"repeat","background-position":"center center","background-size":"auto","background-attachment":"scroll","background-type":"","background-media":"","overlay-type":"","overlay-color":"","overlay-gradient":""},"mobile":{"background-color":"","background-image":"","background-repeat":"repeat","background-position":"center center","background-size":"auto","background-attachment":"scroll","background-type":"","background-media":"","overlay-type":"","overlay-color":"","overlay-gradient":""}},"ast-content-background-meta":{"desktop":{"background-color":"var(--ast-global-color-5)","background-image":"","background-repeat":"repeat","background-position":"center center","background-size":"auto","background-attachment":"scroll","background-type":"","background-media":"","overlay-type":"","overlay-color":"","overlay-gradient":""},"tablet":{"background-color":"var(--ast-global-color-5)","background-image":"","background-repeat":"repeat","background-position":"center center","background-size":"auto","background-attachment":"scroll","background-type":"","background-media":"","overlay-type":"","overlay-color":"","overlay-gradient":""},"mobile":{"background-color":"var(--ast-global-color-5)","background-image":"","background-repeat":"repeat","background-position":"center center","background-size":"auto","background-attachment":"scroll","background-type":"","background-media":"","overlay-type":"","overlay-color":"","overlay-gradient":""}},"footnotes":""},"categories":[7201,37286,4328],"tags":[6033,201177,50862,99641,128715,133218],"class_list":["post-98350","post","type-post","status-publish","format-standard","hentry","category-climatologia-analitica","category-pablo-de-olavide","category-paleoclimatologia","tag-emiliano-hernandez-martin","tag-fernando-dominguez-castro","tag-jose-manuel-vaquero-Martinez","tag-maria-no-barriendos-vallve","tag-maria-teresa-del-teso-martin","tag-pedro-ribera-rodriguez"],"_links":{"self":[{"href":"https:\/\/www.deberes.net\/tesis\/wp-json\/wp\/v2\/posts\/98350","targetHints":{"allow":["GET"]}}],"collection":[{"href":"https:\/\/www.deberes.net\/tesis\/wp-json\/wp\/v2\/posts"}],"about":[{"href":"https:\/\/www.deberes.net\/tesis\/wp-json\/wp\/v2\/types\/post"}],"author":[{"embeddable":true,"href":"https:\/\/www.deberes.net\/tesis\/wp-json\/wp\/v2\/users\/1"}],"replies":[{"embeddable":true,"href":"https:\/\/www.deberes.net\/tesis\/wp-json\/wp\/v2\/comments?post=98350"}],"version-history":[{"count":0,"href":"https:\/\/www.deberes.net\/tesis\/wp-json\/wp\/v2\/posts\/98350\/revisions"}],"wp:attachment":[{"href":"https:\/\/www.deberes.net\/tesis\/wp-json\/wp\/v2\/media?parent=98350"}],"wp:term":[{"taxonomy":"category","embeddable":true,"href":"https:\/\/www.deberes.net\/tesis\/wp-json\/wp\/v2\/categories?post=98350"},{"taxonomy":"post_tag","embeddable":true,"href":"https:\/\/www.deberes.net\/tesis\/wp-json\/wp\/v2\/tags?post=98350"}],"curies":[{"name":"wp","href":"https:\/\/api.w.org\/{rel}","templated":true}]}}