{"id":98375,"date":"2018-03-11T10:19:08","date_gmt":"2018-03-11T10:19:08","guid":{"rendered":"https:\/\/www.deberes.net\/tesis\/sin-categoria\/el-periodismo-por-pensar-filosofa%c2%ada-del-periodismo-informativo\/"},"modified":"2018-03-11T10:19:08","modified_gmt":"2018-03-11T10:19:08","slug":"el-periodismo-por-pensar-filosofa%c2%ada-del-periodismo-informativo","status":"publish","type":"post","link":"https:\/\/www.deberes.net\/tesis\/filosofia-de-las-ciencias-sociales\/el-periodismo-por-pensar-filosofa%c2%ada-del-periodismo-informativo\/","title":{"rendered":"El periodismo por pensar. filosof\u00edadel periodismo informativo"},"content":{"rendered":"<h2>Tesis doctoral de <strong> Jos\u00e9 Manuel Chill\u00f3n Lorenzo <\/strong><\/h2>\n<p>Una de las grandes cuestiones que se le impone a toda filosof\u00eda que quiera pensar el presente consiste en pensar la informaci\u00f3n medi\u00e1tica. Su capacidad para crear la realidad social que vivimos as\u00ed como su ubicuidad e influencia nos obligan a tenerlos en cuenta si es que la filosof\u00eda desea seguir haci\u00e9ndose cargo de uno de los grandes \u00abtemas de nuestro tiempo\u00bb al decir de ortega. Y todav\u00eda m\u00e1s, cuando se comprueba que buena parte de los conceptos de la teor\u00eda de la informaci\u00f3n period\u00edstica son profundamente filos\u00f3ficos. Es el caso de la objetividad, la verdad, la veracidad&#8230;  la tesis quiere, en este sentido, recobrar las tradiciones filos\u00f3ficas en las que se arriagan tales conceptos y releerlos para el periodismo desde la coherencia que se impone al concer cu\u00e1les son sus fundamentos racionales. Se descubre, de esta manera, que de la objetividad depende la justificaci\u00f3n del quehacer informativo, de la verdad la legitimidad del periodismo y de la veracidad la \u00e9tica profesional. Ontolog\u00eda, epistemolog\u00eda y \u00e9tica comparecen aqu\u00ed para forjar eso, una filosof\u00eda del periodismo informativo. una filosof\u00eda, por tanto, que haga a la teor\u00eda del periodismo consciente de sus presupuetsos racionales y de sus consecuencias morales, y a la propia filosof\u00eda, ser consecuente con esa llamada popperiana a \u00abno filosofar si no es desde un problema real\u00bb<\/p>\n<p>&nbsp;<\/p>\n<h3>Datos acad\u00e9micos de la tesis doctoral \u00ab<strong>El periodismo por pensar. filosof\u00edadel periodismo informativo<\/strong>\u00ab<\/h3>\n<ul>\n<li><strong>T\u00edtulo de la tesis:<\/strong>\u00a0 El periodismo por pensar. filosof\u00edadel periodismo informativo <\/li>\n<li><strong>Autor:<\/strong>\u00a0 Jos\u00e9 Manuel Chill\u00f3n Lorenzo <\/li>\n<li><strong>Universidad:<\/strong>\u00a0 Valladolid<\/li>\n<li><strong>Fecha de lectura de la tesis:<\/strong>\u00a0 21\/12\/2009<\/li>\n<\/ul>\n<p>&nbsp;<\/p>\n<h3>Direcci\u00f3n y tribunal<\/h3>\n<ul>\n<li><strong>Director de la tesis<\/strong>\n<ul>\n<li>Alfredo F. Marcos Mart\u00ednez<\/li>\n<\/ul>\n<\/li>\n<li><strong>Tribunal<\/strong>\n<ul>\n<li>Presidente del tribunal: Javierde Lorenzo mart\u00ednez <\/li>\n<li>Mar\u00eda Jes\u00fas Casals carro (vocal)<\/li>\n<li>leonardo Rodriguez dupl\u00e1 (vocal)<\/li>\n<li>ignacio Sanchez camara (vocal)<\/li>\n<\/ul>\n<\/li>\n<\/ul>\n<p>&nbsp;<\/p>\n","protected":false},"excerpt":{"rendered":"<p>Tesis doctoral de Jos\u00e9 Manuel Chill\u00f3n Lorenzo Una de las grandes cuestiones que se le impone a toda filosof\u00eda que [&hellip;]<\/p>\n","protected":false},"author":1,"featured_media":0,"comment_status":"open","ping_status":"open","sticky":false,"template":"","format":"standard","meta":{"site-sidebar-layout":"default","site-content-layout":"","ast-site-content-layout":"","site-content-style":"default","site-sidebar-style":"default","ast-global-header-display":"","ast-banner-title-visibility":"","ast-main-header-display":"","ast-hfb-above-header-display":"","ast-hfb-below-header-display":"","ast-hfb-mobile-header-display":"","site-post-title":"","ast-breadcrumbs-content":"","ast-featured-img":"","footer-sml-layout":"","theme-transparent-header-meta":"","adv-header-id-meta":"","stick-header-meta":"","header-above-stick-meta":"","header-main-stick-meta":"","header-below-stick-meta":"","astra-migrate-meta-layouts":"default","ast-page-background-enabled":"default","ast-page-background-meta":{"desktop":{"background-color":"var(--ast-global-color-4)","background-image":"","background-repeat":"repeat","background-position":"center center","background-size":"auto","background-attachment":"scroll","background-type":"","background-media":"","overlay-type":"","overlay-color":"","overlay-gradient":""},"tablet":{"background-color":"","background-image":"","background-repeat":"repeat","background-position":"center center","background-size":"auto","background-attachment":"scroll","background-type":"","background-media":"","overlay-type":"","overlay-color":"","overlay-gradient":""},"mobile":{"background-color":"","background-image":"","background-repeat":"repeat","background-position":"center center","background-size":"auto","background-attachment":"scroll","background-type":"","background-media":"","overlay-type":"","overlay-color":"","overlay-gradient":""}},"ast-content-background-meta":{"desktop":{"background-color":"var(--ast-global-color-5)","background-image":"","background-repeat":"repeat","background-position":"center center","background-size":"auto","background-attachment":"scroll","background-type":"","background-media":"","overlay-type":"","overlay-color":"","overlay-gradient":""},"tablet":{"background-color":"var(--ast-global-color-5)","background-image":"","background-repeat":"repeat","background-position":"center center","background-size":"auto","background-attachment":"scroll","background-type":"","background-media":"","overlay-type":"","overlay-color":"","overlay-gradient":""},"mobile":{"background-color":"var(--ast-global-color-5)","background-image":"","background-repeat":"repeat","background-position":"center center","background-size":"auto","background-attachment":"scroll","background-type":"","background-media":"","overlay-type":"","overlay-color":"","overlay-gradient":""}},"footnotes":""},"categories":[5250,5812,12451],"tags":[13573,7162,27902,201213,52685,67406],"class_list":["post-98375","post","type-post","status-publish","format-standard","hentry","category-filosofia-de-las-ciencias-sociales","category-historia-del-periodismo","category-valladolid","tag-alfredo-f-marcos-Martinez","tag-ignacio-sanchez-camara","tag-javierde-lorenzo-Martinez","tag-jose-manuel-chillon-lorenzo","tag-leonardo-rodriguez-dupla","tag-maria-jesus-casals-carro"],"_links":{"self":[{"href":"https:\/\/www.deberes.net\/tesis\/wp-json\/wp\/v2\/posts\/98375","targetHints":{"allow":["GET"]}}],"collection":[{"href":"https:\/\/www.deberes.net\/tesis\/wp-json\/wp\/v2\/posts"}],"about":[{"href":"https:\/\/www.deberes.net\/tesis\/wp-json\/wp\/v2\/types\/post"}],"author":[{"embeddable":true,"href":"https:\/\/www.deberes.net\/tesis\/wp-json\/wp\/v2\/users\/1"}],"replies":[{"embeddable":true,"href":"https:\/\/www.deberes.net\/tesis\/wp-json\/wp\/v2\/comments?post=98375"}],"version-history":[{"count":0,"href":"https:\/\/www.deberes.net\/tesis\/wp-json\/wp\/v2\/posts\/98375\/revisions"}],"wp:attachment":[{"href":"https:\/\/www.deberes.net\/tesis\/wp-json\/wp\/v2\/media?parent=98375"}],"wp:term":[{"taxonomy":"category","embeddable":true,"href":"https:\/\/www.deberes.net\/tesis\/wp-json\/wp\/v2\/categories?post=98375"},{"taxonomy":"post_tag","embeddable":true,"href":"https:\/\/www.deberes.net\/tesis\/wp-json\/wp\/v2\/tags?post=98375"}],"curies":[{"name":"wp","href":"https:\/\/api.w.org\/{rel}","templated":true}]}}