{"id":98376,"date":"2018-03-11T10:19:08","date_gmt":"2018-03-11T10:19:08","guid":{"rendered":"https:\/\/www.deberes.net\/tesis\/sin-categoria\/fluxus-en-el-intersticio-george-maciunas-y-los-debates-fluxus-sobre-colectividad-individualidad-y-frente-comun\/"},"modified":"2018-03-11T10:19:08","modified_gmt":"2018-03-11T10:19:08","slug":"fluxus-en-el-intersticio-george-maciunas-y-los-debates-fluxus-sobre-colectividad-individualidad-y-frente-comun","status":"publish","type":"post","link":"https:\/\/www.deberes.net\/tesis\/historia-del-arte-de-los-siglos-xix-y-xx\/fluxus-en-el-intersticio-george-maciunas-y-los-debates-fluxus-sobre-colectividad-individualidad-y-frente-comun\/","title":{"rendered":"Fluxus en el intersticio: george maciunas y los debates fluxus sobre colectividad, individualidad y frente com\u00fan"},"content":{"rendered":"<h2>Tesis doctoral de <strong> Ignacio Estella Noriega <\/strong><\/h2>\n<p>Presenta la visi\u00f3n del colectivo fluxus seg\u00fan fue ideada por george maciunas, supuesto \u00abauto-asumido\u00bb l\u00edder de este colectivo art\u00edstico. Plantea, gracias a este acercamiento, una revisi\u00f3n de las ideas generalmente aceptadas sobre este colectivo de los a\u00f1os sesenta y setenta.   de esta forma se atiende especialmente a las formas en las que g. Maciunas intent\u00f3 dotar a fluxus de una identidad estable que retara las diversas formas de individualismo que se encuentran tanto en el mundo del arte como en el entorno intelectual m\u00e1s amplio en el que se produjo fluxus. Las repercusiones que sus ideas generaron en otros artistas tambi\u00e9n est\u00e1n recogidas.   tambi\u00e9n se discuten ideas generalmente relacionadas con fluxus como su supuesto car\u00e1cter democr\u00e1tico, sus aspiraciones de generar una esfera p\u00fablica especializada y la relaci\u00f3n con las pr\u00e1cticas pol\u00edticas del momento. finalmente se plantean los paralelismo con las colectividades pol\u00edticas dominantes en la actualidad que encuentran en fluxus tanto un posible antecedente como una contra-imagen.<\/p>\n<p>&nbsp;<\/p>\n<h3>Datos acad\u00e9micos de la tesis doctoral \u00ab<strong>Fluxus en el intersticio: george maciunas y los debates fluxus sobre colectividad, individualidad y frente com\u00fan<\/strong>\u00ab<\/h3>\n<ul>\n<li><strong>T\u00edtulo de la tesis:<\/strong>\u00a0 Fluxus en el intersticio: george maciunas y los debates fluxus sobre colectividad, individualidad y frente com\u00fan <\/li>\n<li><strong>Autor:<\/strong>\u00a0 Ignacio Estella Noriega <\/li>\n<li><strong>Universidad:<\/strong>\u00a0 Carlos III de Madrid<\/li>\n<li><strong>Fecha de lectura de la tesis:<\/strong>\u00a0 21\/12\/2009<\/li>\n<\/ul>\n<p>&nbsp;<\/p>\n<h3>Direcci\u00f3n y tribunal<\/h3>\n<ul>\n<li><strong>Director de la tesis<\/strong>\n<ul>\n<li>Jos\u00e9 Luis De La Nuez Santana<\/li>\n<\/ul>\n<\/li>\n<li><strong>Tribunal<\/strong>\n<ul>\n<li>Presidente del tribunal: Antonio Rodriguez de las heras p\u00e9rez <\/li>\n<li>Juli\u00e1n D\u00edaz s\u00e1nchez (vocal)<\/li>\n<li>Jes\u00fas Carrillo castillo (vocal)<\/li>\n<li>jordi Claramonte arrufat (vocal)<\/li>\n<\/ul>\n<\/li>\n<\/ul>\n<p>&nbsp;<\/p>\n","protected":false},"excerpt":{"rendered":"<p>Tesis doctoral de Ignacio Estella Noriega Presenta la visi\u00f3n del colectivo fluxus seg\u00fan fue ideada por george maciunas, supuesto \u00abauto-asumido\u00bb [&hellip;]<\/p>\n","protected":false},"author":1,"featured_media":0,"comment_status":"open","ping_status":"open","sticky":false,"template":"","format":"standard","meta":{"site-sidebar-layout":"default","site-content-layout":"","ast-site-content-layout":"","site-content-style":"default","site-sidebar-style":"default","ast-global-header-display":"","ast-banner-title-visibility":"","ast-main-header-display":"","ast-hfb-above-header-display":"","ast-hfb-below-header-display":"","ast-hfb-mobile-header-display":"","site-post-title":"","ast-breadcrumbs-content":"","ast-featured-img":"","footer-sml-layout":"","theme-transparent-header-meta":"","adv-header-id-meta":"","stick-header-meta":"","header-above-stick-meta":"","header-main-stick-meta":"","header-below-stick-meta":"","astra-migrate-meta-layouts":"default","ast-page-background-enabled":"default","ast-page-background-meta":{"desktop":{"background-color":"var(--ast-global-color-4)","background-image":"","background-repeat":"repeat","background-position":"center center","background-size":"auto","background-attachment":"scroll","background-type":"","background-media":"","overlay-type":"","overlay-color":"","overlay-gradient":""},"tablet":{"background-color":"","background-image":"","background-repeat":"repeat","background-position":"center center","background-size":"auto","background-attachment":"scroll","background-type":"","background-media":"","overlay-type":"","overlay-color":"","overlay-gradient":""},"mobile":{"background-color":"","background-image":"","background-repeat":"repeat","background-position":"center center","background-size":"auto","background-attachment":"scroll","background-type":"","background-media":"","overlay-type":"","overlay-color":"","overlay-gradient":""}},"ast-content-background-meta":{"desktop":{"background-color":"var(--ast-global-color-5)","background-image":"","background-repeat":"repeat","background-position":"center center","background-size":"auto","background-attachment":"scroll","background-type":"","background-media":"","overlay-type":"","overlay-color":"","overlay-gradient":""},"tablet":{"background-color":"var(--ast-global-color-5)","background-image":"","background-repeat":"repeat","background-position":"center center","background-size":"auto","background-attachment":"scroll","background-type":"","background-media":"","overlay-type":"","overlay-color":"","overlay-gradient":""},"mobile":{"background-color":"var(--ast-global-color-5)","background-image":"","background-repeat":"repeat","background-position":"center center","background-size":"auto","background-attachment":"scroll","background-type":"","background-media":"","overlay-type":"","overlay-color":"","overlay-gradient":""}},"footnotes":""},"categories":[18550,4510,2563,13716],"tags":[25270,201214,69989,125082,197167,56934],"class_list":["post-98376","post","type-post","status-publish","format-standard","hentry","category-carlos-iii-de-madrid","category-estetica-de-las-bellas-artes","category-historia-del-arte-de-los-siglos-xix-y-xx","category-sociologia-del-arte","tag-antonio-rodriguez-de-las-heras-perez","tag-ignacio-estella-noriega","tag-jesus-carrillo-castillo","tag-jordi-claramonte-arrufat","tag-jose-luis-de-la-nuez-santana","tag-julian-diaz-sanchez"],"_links":{"self":[{"href":"https:\/\/www.deberes.net\/tesis\/wp-json\/wp\/v2\/posts\/98376","targetHints":{"allow":["GET"]}}],"collection":[{"href":"https:\/\/www.deberes.net\/tesis\/wp-json\/wp\/v2\/posts"}],"about":[{"href":"https:\/\/www.deberes.net\/tesis\/wp-json\/wp\/v2\/types\/post"}],"author":[{"embeddable":true,"href":"https:\/\/www.deberes.net\/tesis\/wp-json\/wp\/v2\/users\/1"}],"replies":[{"embeddable":true,"href":"https:\/\/www.deberes.net\/tesis\/wp-json\/wp\/v2\/comments?post=98376"}],"version-history":[{"count":0,"href":"https:\/\/www.deberes.net\/tesis\/wp-json\/wp\/v2\/posts\/98376\/revisions"}],"wp:attachment":[{"href":"https:\/\/www.deberes.net\/tesis\/wp-json\/wp\/v2\/media?parent=98376"}],"wp:term":[{"taxonomy":"category","embeddable":true,"href":"https:\/\/www.deberes.net\/tesis\/wp-json\/wp\/v2\/categories?post=98376"},{"taxonomy":"post_tag","embeddable":true,"href":"https:\/\/www.deberes.net\/tesis\/wp-json\/wp\/v2\/tags?post=98376"}],"curies":[{"name":"wp","href":"https:\/\/api.w.org\/{rel}","templated":true}]}}