{"id":98430,"date":"2018-03-11T10:19:12","date_gmt":"2018-03-11T10:19:12","guid":{"rendered":"https:\/\/www.deberes.net\/tesis\/sin-categoria\/la-simulacion-del-delito\/"},"modified":"2018-03-11T10:19:12","modified_gmt":"2018-03-11T10:19:12","slug":"la-simulacion-del-delito","status":"publish","type":"post","link":"https:\/\/www.deberes.net\/tesis\/derecho-penal\/la-simulacion-del-delito\/","title":{"rendered":"La simulaci\u00f3n del delito"},"content":{"rendered":"<h2>Tesis doctoral de <strong> Luisa Mar\u00eda Perez Rua <\/strong><\/h2>\n<p>A\u00fan cuando decir la verdad es un deber moral cuyo cumplimiento exige la vida social, sin embargo en la realidad ello no sucede as\u00ed, sino que con mucha frecuencia se falta a ella, reaccion\u00e1ndose contra la mentira desde diversos puntos de vista, entre ellos mediante la imposici\u00f3n de una pena. pues bien, a diferencia de otros delitos cuyo n\u00facleo es la mentira con amplia existencia a trav\u00e9s de la historia, la simulaci\u00f3n de delito aparece en nuestro c\u00f3digo penal en el a\u00f1o 1944, y lo hace ante una carencia total de antecedentes. Por ello, se inicia su estudio de esta figura legal basada en el art\u00edculo 457 cp, con el estudio del bien jur\u00eddico protegido en dicho precepto, partiendo de su encuadramiento en el cap\u00edtulo v del t\u00edtulo xx, libro ii del c\u00f3digo penal (delitos contra la administraci\u00f3n de justicia), teniendo en cuanta que a\u00fan cuando a la jurisprudencia no puede otorg\u00e1rsele la condici\u00f3n de fuente del derecho penal, s\u00ed ha de valorarse su contribuci\u00f3n a la fijaci\u00f3n, y, en su caso, interpretaci\u00f3n unitaria de los preceptos penales. una vez establecida la naturaleza jur\u00eddica y el bien jur\u00eddico protegido por tal delito, se procede al estudio de la tipicidad, los sujetos intervinientes en este delito, especial consideraci\u00f3n de la posibilidad de sujeto activo de la persona jur\u00eddica, del sujeto pasivo y del perjudicado, para luego estudiar la conducta t\u00edpica en este delito, causalidad, etc., As\u00ed como el objeto de la imputaci\u00f3n y personas ante quienes se ha de hacer la misma. especial atenci\u00f3n se otorga a la provocaci\u00f3n de actuaciones procesales, ya a si \u00e9stas constituyen condiciones objetivas de punibilidad, o por el contrario el resultado de la acci\u00f3n, con la trascendencia que ello tiene para admitir o no la tentativa, en este delito que se ha tildado en un momento dado de delito raro. por otro lado, se lleva a cabo el estudio de las causas de justificaci\u00f3n, imputabilidad, dolo, el error y la exigibilidad de otra conducta, haci\u00e9ndose incapi\u00e9 adem\u00e1s en el estudio del problema del autoencubrimiento, as\u00ed como del llamado iter cr\u00edminis, todo ello, sobre la base, no ya de la doctrina, sino asimismo del estudio sistem\u00e1tico de la jurisprudencia. estudio especial merecen los llamados problemas concursales, en cuanto a la frecuencia con que aparecen en los repertorios de jurisprudencia y sobre todo, en la pr\u00e1ctica forense.<\/p>\n<p>&nbsp;<\/p>\n<h3>Datos acad\u00e9micos de la tesis doctoral \u00ab<strong>La simulaci\u00f3n del delito<\/strong>\u00ab<\/h3>\n<ul>\n<li><strong>T\u00edtulo de la tesis:<\/strong>\u00a0 La simulaci\u00f3n del delito <\/li>\n<li><strong>Autor:<\/strong>\u00a0 Luisa Mar\u00eda Perez Rua <\/li>\n<li><strong>Universidad:<\/strong>\u00a0 Ja\u00e9n<\/li>\n<li><strong>Fecha de lectura de la tesis:<\/strong>\u00a0 21\/12\/2009<\/li>\n<\/ul>\n<p>&nbsp;<\/p>\n<h3>Direcci\u00f3n y tribunal<\/h3>\n<ul>\n<li><strong>Director de la tesis<\/strong>\n<ul>\n<li>Ignacio Francisco Ben\u00edtez Ort\u00fazar<\/li>\n<\/ul>\n<\/li>\n<li><strong>Tribunal<\/strong>\n<ul>\n<li>Presidente del tribunal: lorenzo Morillas cueva <\/li>\n<li>Mar\u00eda  Jos\u00e9 Jim\u00e9nez d\u00edaz (vocal)<\/li>\n<li>Rafael Cabrera mercado (vocal)<\/li>\n<li>Jos\u00e9 eduardo Sainz-cantero caparros (vocal)<\/li>\n<\/ul>\n<\/li>\n<\/ul>\n<p>&nbsp;<\/p>\n","protected":false},"excerpt":{"rendered":"<p>Tesis doctoral de Luisa Mar\u00eda Perez Rua A\u00fan cuando decir la verdad es un deber moral cuyo cumplimiento exige la [&hellip;]<\/p>\n","protected":false},"author":1,"featured_media":0,"comment_status":"open","ping_status":"open","sticky":false,"template":"","format":"standard","meta":{"site-sidebar-layout":"default","site-content-layout":"","ast-site-content-layout":"","site-content-style":"default","site-sidebar-style":"default","ast-global-header-display":"","ast-banner-title-visibility":"","ast-main-header-display":"","ast-hfb-above-header-display":"","ast-hfb-below-header-display":"","ast-hfb-mobile-header-display":"","site-post-title":"","ast-breadcrumbs-content":"","ast-featured-img":"","footer-sml-layout":"","theme-transparent-header-meta":"","adv-header-id-meta":"","stick-header-meta":"","header-above-stick-meta":"","header-main-stick-meta":"","header-below-stick-meta":"","astra-migrate-meta-layouts":"default","ast-page-background-enabled":"default","ast-page-background-meta":{"desktop":{"background-color":"var(--ast-global-color-4)","background-image":"","background-repeat":"repeat","background-position":"center center","background-size":"auto","background-attachment":"scroll","background-type":"","background-media":"","overlay-type":"","overlay-color":"","overlay-gradient":""},"tablet":{"background-color":"","background-image":"","background-repeat":"repeat","background-position":"center center","background-size":"auto","background-attachment":"scroll","background-type":"","background-media":"","overlay-type":"","overlay-color":"","overlay-gradient":""},"mobile":{"background-color":"","background-image":"","background-repeat":"repeat","background-position":"center center","background-size":"auto","background-attachment":"scroll","background-type":"","background-media":"","overlay-type":"","overlay-color":"","overlay-gradient":""}},"ast-content-background-meta":{"desktop":{"background-color":"var(--ast-global-color-5)","background-image":"","background-repeat":"repeat","background-position":"center center","background-size":"auto","background-attachment":"scroll","background-type":"","background-media":"","overlay-type":"","overlay-color":"","overlay-gradient":""},"tablet":{"background-color":"var(--ast-global-color-5)","background-image":"","background-repeat":"repeat","background-position":"center center","background-size":"auto","background-attachment":"scroll","background-type":"","background-media":"","overlay-type":"","overlay-color":"","overlay-gradient":""},"mobile":{"background-color":"var(--ast-global-color-5)","background-image":"","background-repeat":"repeat","background-position":"center center","background-size":"auto","background-attachment":"scroll","background-type":"","background-media":"","overlay-type":"","overlay-color":"","overlay-gradient":""}},"footnotes":""},"categories":[613,18923],"tags":[201305,190196,21819,201304,53152,41004],"class_list":["post-98430","post","type-post","status-publish","format-standard","hentry","category-derecho-penal","category-jaen","tag-ignacio-francisco-benitez-ortuzar","tag-jose-eduardo-sainz-cantero-caparros","tag-lorenzo-morillas-cueva","tag-luisa-maria-perez-rua","tag-maria-jose-jimenez-diaz","tag-rafael-cabrera-mercado"],"_links":{"self":[{"href":"https:\/\/www.deberes.net\/tesis\/wp-json\/wp\/v2\/posts\/98430","targetHints":{"allow":["GET"]}}],"collection":[{"href":"https:\/\/www.deberes.net\/tesis\/wp-json\/wp\/v2\/posts"}],"about":[{"href":"https:\/\/www.deberes.net\/tesis\/wp-json\/wp\/v2\/types\/post"}],"author":[{"embeddable":true,"href":"https:\/\/www.deberes.net\/tesis\/wp-json\/wp\/v2\/users\/1"}],"replies":[{"embeddable":true,"href":"https:\/\/www.deberes.net\/tesis\/wp-json\/wp\/v2\/comments?post=98430"}],"version-history":[{"count":0,"href":"https:\/\/www.deberes.net\/tesis\/wp-json\/wp\/v2\/posts\/98430\/revisions"}],"wp:attachment":[{"href":"https:\/\/www.deberes.net\/tesis\/wp-json\/wp\/v2\/media?parent=98430"}],"wp:term":[{"taxonomy":"category","embeddable":true,"href":"https:\/\/www.deberes.net\/tesis\/wp-json\/wp\/v2\/categories?post=98430"},{"taxonomy":"post_tag","embeddable":true,"href":"https:\/\/www.deberes.net\/tesis\/wp-json\/wp\/v2\/tags?post=98430"}],"curies":[{"name":"wp","href":"https:\/\/api.w.org\/{rel}","templated":true}]}}