{"id":98562,"date":"2018-03-11T10:19:25","date_gmt":"2018-03-11T10:19:25","guid":{"rendered":"https:\/\/www.deberes.net\/tesis\/sin-categoria\/la-formacion-de-las-elites-ilustradas-vascas-el-real-seminario-de-vergara-1776-1804\/"},"modified":"2018-03-11T10:19:25","modified_gmt":"2018-03-11T10:19:25","slug":"la-formacion-de-las-elites-ilustradas-vascas-el-real-seminario-de-vergara-1776-1804","status":"publish","type":"post","link":"https:\/\/www.deberes.net\/tesis\/historia-moderna\/la-formacion-de-las-elites-ilustradas-vascas-el-real-seminario-de-vergara-1776-1804\/","title":{"rendered":"La formaci\u00f3n de las \u00e9lites ilustradas vascas: el real seminario de vergara (1776-1804)"},"content":{"rendered":"<h2>Tesis doctoral de <strong> Alvaro Chaparro Sainz <\/strong><\/h2>\n<p>Inicialmente se ha buscado descubrir los or\u00edgenes sociales de los ilustrados vascos, contextualizando sus trayectorias profesionales con las del conjunto de familias, de origen vasco-navarro, que hab\u00edan protagonizado una din\u00e1mica de ascenso social a lo largo de todo el siglo xviii. La presencia de los ilustrados vascos en las esferas de poder, les permiti\u00f3 acceder, de manera directa, a una serie de relaciones privilegiadas con la corte de las cuales obtuvieron un destacado beneficio. Es en este marco donde situamos la fundaci\u00f3n del real seminario de vergara. a continuaci\u00f3n, se ha optado por realizar un an\u00e1lisis social del seminario de vergara. As\u00ed, se ha conseguido definir el perfil socio-profesional de los padres y parientes que enviaron a sus hijos y descendientes al centro educativo para observar c\u00f3mo estamos ante familias que participaron de las mismas estrategias familiares que los ilustrados vascos. Es decir, estamos ante parentelas que estaban ocupando cargos en la administraci\u00f3n, el ej\u00e9rcito o que se mov\u00edan en espacios cortesanos. finalmente, el perfil t\u00e9cnico y militar de la educaci\u00f3n que se imparti\u00f3 en el seminario de vergara tuvo una estrecha relaci\u00f3n con las posteriores carreras por las que optaron los alumnos. Casi la mitad de los seminaristas eligi\u00f3 el ej\u00e9rcito como salida profesional. Una opci\u00f3n que posibilitaba el medre y el acceso a altos cargos del aparato burocr\u00e1tico. Del mismo modo, debemos se\u00f1alar el peso que la familia de los seminaristas tuvo, no ya s\u00f3lo en la educaci\u00f3n, sino tambi\u00e9n a la hora de determinar la carrera por la que deb\u00edan optar sus hijos y descendientes. La combinaci\u00f3n de la educaci\u00f3n y las pr\u00e1cticas familiares devino en unos procesos de reproducci\u00f3n social muy marcados que nos muestran los intentos de perpetuaci\u00f3n y reproducci\u00f3n en las esferas de poder. En otras ocasiones, tambi\u00e9n se han podido detectar procesos de ascenso y movilidad social producidos a trav\u00e9s del real seminario de vergara. El centro se convirti\u00f3, en conclusi\u00f3n, en una realidad social a trav\u00e9s de la cual las \u00e9lites ilustradas vascas construyeron sus estrategias familiares y a trav\u00e9s del cual posibilitaron la formaci\u00f3n de una \u00e9lite social que ocup\u00f3 los m\u00e1s destacados cargos a finales del siglo xviii y principios del xix.<\/p>\n<p>&nbsp;<\/p>\n<h3>Datos acad\u00e9micos de la tesis doctoral \u00ab<strong>La formaci\u00f3n de las \u00e9lites ilustradas vascas: el real seminario de vergara (1776-1804)<\/strong>\u00ab<\/h3>\n<ul>\n<li><strong>T\u00edtulo de la tesis:<\/strong>\u00a0 La formaci\u00f3n de las \u00e9lites ilustradas vascas: el real seminario de vergara (1776-1804) <\/li>\n<li><strong>Autor:<\/strong>\u00a0 Alvaro Chaparro Sainz <\/li>\n<li><strong>Universidad:<\/strong>\u00a0 Pa\u00eds vasco\/euskal herriko unibertsitatea<\/li>\n<li><strong>Fecha de lectura de la tesis:<\/strong>\u00a0 13\/01\/2010<\/li>\n<\/ul>\n<p>&nbsp;<\/p>\n<h3>Direcci\u00f3n y tribunal<\/h3>\n<ul>\n<li><strong>Director de la tesis<\/strong>\n<ul>\n<li>Jos\u00e9 Mar\u00eda Imizcoz Beunza<\/li>\n<\/ul>\n<\/li>\n<li><strong>Tribunal<\/strong>\n<ul>\n<li>Presidente del tribunal: Mar\u00eda  victoria Lopez-cordon cortezo <\/li>\n<li>gloria angeles Franco rubio (vocal)<\/li>\n<li>Francisco And\u00fajar castillo (vocal)<\/li>\n<li>pierre yves Beaurepaire (vocal)<\/li>\n<\/ul>\n<\/li>\n<\/ul>\n<p>&nbsp;<\/p>\n","protected":false},"excerpt":{"rendered":"<p>Tesis doctoral de Alvaro Chaparro Sainz Inicialmente se ha buscado descubrir los or\u00edgenes sociales de los ilustrados vascos, contextualizando sus [&hellip;]<\/p>\n","protected":false},"author":1,"featured_media":0,"comment_status":"open","ping_status":"open","sticky":false,"template":"","format":"standard","meta":{"site-sidebar-layout":"default","site-content-layout":"","ast-site-content-layout":"","site-content-style":"default","site-sidebar-style":"default","ast-global-header-display":"","ast-banner-title-visibility":"","ast-main-header-display":"","ast-hfb-above-header-display":"","ast-hfb-below-header-display":"","ast-hfb-mobile-header-display":"","site-post-title":"","ast-breadcrumbs-content":"","ast-featured-img":"","footer-sml-layout":"","theme-transparent-header-meta":"","adv-header-id-meta":"","stick-header-meta":"","header-above-stick-meta":"","header-main-stick-meta":"","header-below-stick-meta":"","astra-migrate-meta-layouts":"default","ast-page-background-enabled":"default","ast-page-background-meta":{"desktop":{"background-color":"var(--ast-global-color-4)","background-image":"","background-repeat":"repeat","background-position":"center center","background-size":"auto","background-attachment":"scroll","background-type":"","background-media":"","overlay-type":"","overlay-color":"","overlay-gradient":""},"tablet":{"background-color":"","background-image":"","background-repeat":"repeat","background-position":"center center","background-size":"auto","background-attachment":"scroll","background-type":"","background-media":"","overlay-type":"","overlay-color":"","overlay-gradient":""},"mobile":{"background-color":"","background-image":"","background-repeat":"repeat","background-position":"center center","background-size":"auto","background-attachment":"scroll","background-type":"","background-media":"","overlay-type":"","overlay-color":"","overlay-gradient":""}},"ast-content-background-meta":{"desktop":{"background-color":"var(--ast-global-color-5)","background-image":"","background-repeat":"repeat","background-position":"center center","background-size":"auto","background-attachment":"scroll","background-type":"","background-media":"","overlay-type":"","overlay-color":"","overlay-gradient":""},"tablet":{"background-color":"var(--ast-global-color-5)","background-image":"","background-repeat":"repeat","background-position":"center center","background-size":"auto","background-attachment":"scroll","background-type":"","background-media":"","overlay-type":"","overlay-color":"","overlay-gradient":""},"mobile":{"background-color":"var(--ast-global-color-5)","background-image":"","background-repeat":"repeat","background-position":"center center","background-size":"auto","background-attachment":"scroll","background-type":"","background-media":"","overlay-type":"","overlay-color":"","overlay-gradient":""}},"footnotes":""},"categories":[1816,989,12909],"tags":[201518,21864,77632,145596,5360,201519],"class_list":["post-98562","post","type-post","status-publish","format-standard","hentry","category-historia-contemporanea","category-historia-moderna","category-pais-vasco-euskal-herriko-unibertsitatea","tag-alvaro-chaparro-sainz","tag-francisco-andujar-castillo","tag-gloria-angeles-franco-rubio","tag-jose-maria-imizcoz-beunza","tag-maria-victoria-lopez-cordon-cortezo","tag-pierre-yves-beaurepaire"],"_links":{"self":[{"href":"https:\/\/www.deberes.net\/tesis\/wp-json\/wp\/v2\/posts\/98562","targetHints":{"allow":["GET"]}}],"collection":[{"href":"https:\/\/www.deberes.net\/tesis\/wp-json\/wp\/v2\/posts"}],"about":[{"href":"https:\/\/www.deberes.net\/tesis\/wp-json\/wp\/v2\/types\/post"}],"author":[{"embeddable":true,"href":"https:\/\/www.deberes.net\/tesis\/wp-json\/wp\/v2\/users\/1"}],"replies":[{"embeddable":true,"href":"https:\/\/www.deberes.net\/tesis\/wp-json\/wp\/v2\/comments?post=98562"}],"version-history":[{"count":0,"href":"https:\/\/www.deberes.net\/tesis\/wp-json\/wp\/v2\/posts\/98562\/revisions"}],"wp:attachment":[{"href":"https:\/\/www.deberes.net\/tesis\/wp-json\/wp\/v2\/media?parent=98562"}],"wp:term":[{"taxonomy":"category","embeddable":true,"href":"https:\/\/www.deberes.net\/tesis\/wp-json\/wp\/v2\/categories?post=98562"},{"taxonomy":"post_tag","embeddable":true,"href":"https:\/\/www.deberes.net\/tesis\/wp-json\/wp\/v2\/tags?post=98562"}],"curies":[{"name":"wp","href":"https:\/\/api.w.org\/{rel}","templated":true}]}}