{"id":98626,"date":"2018-03-11T10:19:30","date_gmt":"2018-03-11T10:19:30","guid":{"rendered":"https:\/\/www.deberes.net\/tesis\/sin-categoria\/ciberespacio-e-identidad-bajo-el-paradigma-comunicativo-de-niklas-luhmann\/"},"modified":"2018-03-11T10:19:30","modified_gmt":"2018-03-11T10:19:30","slug":"ciberespacio-e-identidad-bajo-el-paradigma-comunicativo-de-niklas-luhmann","status":"publish","type":"post","link":"https:\/\/www.deberes.net\/tesis\/medios-de-comunicacion-de-masas\/ciberespacio-e-identidad-bajo-el-paradigma-comunicativo-de-niklas-luhmann\/","title":{"rendered":"Ciberespacio e identidad bajo el paradigma comunicativo de niklas luhmann"},"content":{"rendered":"<h2>Tesis doctoral de <strong> Antonio  Jose Asencio Guillen <\/strong><\/h2>\n<p>El presente trabajo se propone estudiar el ciberespacio en tanto que \u00e1mbito tecnol\u00f3gico donde se libra una de las batallas sociol\u00f3gicas centrales y uno de los interrogantes te\u00f3ricos m\u00e1s complejos: la identidad. Una identidad que ya no podemos explicar con los par\u00e1metros que conoc\u00edamos: naci\u00f3n, raza, cultura, sexo, g\u00e9nero, generaci\u00f3n. Si las teor\u00edas de la comunicaci\u00f3n desarrolladas hasta la fecha han reflexionado ante la aparici\u00f3n de cada nueva tecnolog\u00eda utilizando como eje de an\u00e1lisis la dial\u00e9ctica entre sujeto y sociedad, o sujeto y tecnolog\u00eda, el presente trabajo se propone superar ese sesgo antropol\u00f3gico (obst\u00e1culo epistemol\u00f3gico seg\u00fan luhmann) para comprender mejor el funcionamiento del ciberespacio y su relaci\u00f3n con la identidad. Para ello, se recurre a las teor\u00edas sist\u00e9micas y constructivistas, hasta llegar al modelo comunicativo de niklas luhmann, que es aplicado al estudio del ciberespacio. De esta manera, validamos la hip\u00f3tesis de que el ciberespacio funciona a la vez como sistema tecnol\u00f3gico y entorno social, donde, a trav\u00e9s de los procesos comunicativos internos, se genera una pluralidad de subsistemas sociales que denominamos identidades, y que no son sino constructos comunicativos generados autopoi\u00e9ticamente, y clausurados operativamente en relaci\u00f3n a su entorno, con el que mantienen una relaci\u00f3n de acoplamiento estructural.<\/p>\n<p>&nbsp;<\/p>\n<h3>Datos acad\u00e9micos de la tesis doctoral \u00ab<strong>Ciberespacio e identidad bajo el paradigma comunicativo de niklas luhmann<\/strong>\u00ab<\/h3>\n<ul>\n<li><strong>T\u00edtulo de la tesis:<\/strong>\u00a0 Ciberespacio e identidad bajo el paradigma comunicativo de niklas luhmann <\/li>\n<li><strong>Autor:<\/strong>\u00a0 Antonio  Jose Asencio Guillen <\/li>\n<li><strong>Universidad:<\/strong>\u00a0 M\u00e1laga<\/li>\n<li><strong>Fecha de lectura de la tesis:<\/strong>\u00a0 15\/01\/2010<\/li>\n<\/ul>\n<p>&nbsp;<\/p>\n<h3>Direcci\u00f3n y tribunal<\/h3>\n<ul>\n<li><strong>Director de la tesis<\/strong>\n<ul>\n<li>Bernardo Diaz Nosty<\/li>\n<\/ul>\n<\/li>\n<li><strong>Tribunal<\/strong>\n<ul>\n<li>Presidente del tribunal: Juan  Antonio Garcia galindo <\/li>\n<li>trinidad carolina Moreno castro (vocal)<\/li>\n<li>benito Alaez corral (vocal)<\/li>\n<li>Juan Montabes pereira (vocal)<\/li>\n<\/ul>\n<\/li>\n<\/ul>\n<p>&nbsp;<\/p>\n","protected":false},"excerpt":{"rendered":"<p>Tesis doctoral de Antonio Jose Asencio Guillen El presente trabajo se propone estudiar el ciberespacio en tanto que \u00e1mbito tecnol\u00f3gico [&hellip;]<\/p>\n","protected":false},"author":1,"featured_media":0,"comment_status":"open","ping_status":"open","sticky":false,"template":"","format":"standard","meta":{"site-sidebar-layout":"default","site-content-layout":"","ast-site-content-layout":"","site-content-style":"default","site-sidebar-style":"default","ast-global-header-display":"","ast-banner-title-visibility":"","ast-main-header-display":"","ast-hfb-above-header-display":"","ast-hfb-below-header-display":"","ast-hfb-mobile-header-display":"","site-post-title":"","ast-breadcrumbs-content":"","ast-featured-img":"","footer-sml-layout":"","theme-transparent-header-meta":"","adv-header-id-meta":"","stick-header-meta":"","header-above-stick-meta":"","header-main-stick-meta":"","header-below-stick-meta":"","astra-migrate-meta-layouts":"default","ast-page-background-enabled":"default","ast-page-background-meta":{"desktop":{"background-color":"var(--ast-global-color-4)","background-image":"","background-repeat":"repeat","background-position":"center center","background-size":"auto","background-attachment":"scroll","background-type":"","background-media":"","overlay-type":"","overlay-color":"","overlay-gradient":""},"tablet":{"background-color":"","background-image":"","background-repeat":"repeat","background-position":"center center","background-size":"auto","background-attachment":"scroll","background-type":"","background-media":"","overlay-type":"","overlay-color":"","overlay-gradient":""},"mobile":{"background-color":"","background-image":"","background-repeat":"repeat","background-position":"center center","background-size":"auto","background-attachment":"scroll","background-type":"","background-media":"","overlay-type":"","overlay-color":"","overlay-gradient":""}},"ast-content-background-meta":{"desktop":{"background-color":"var(--ast-global-color-5)","background-image":"","background-repeat":"repeat","background-position":"center center","background-size":"auto","background-attachment":"scroll","background-type":"","background-media":"","overlay-type":"","overlay-color":"","overlay-gradient":""},"tablet":{"background-color":"var(--ast-global-color-5)","background-image":"","background-repeat":"repeat","background-position":"center center","background-size":"auto","background-attachment":"scroll","background-type":"","background-media":"","overlay-type":"","overlay-color":"","overlay-gradient":""},"mobile":{"background-color":"var(--ast-global-color-5)","background-image":"","background-repeat":"repeat","background-position":"center center","background-size":"auto","background-attachment":"scroll","background-type":"","background-media":"","overlay-type":"","overlay-color":"","overlay-gradient":""}},"footnotes":""},"categories":[7834,5051,13715,32239,17329],"tags":[201615,132365,23795,47661,38624,45332],"class_list":["post-98626","post","type-post","status-publish","format-standard","hentry","category-malaga","category-medios-de-comunicacion-de-masas","category-sociologia-de-los-medios-de-comunicacion-de-masas","category-teoria-de-las-ideologias","category-teoria-sociologica","tag-antonio-jose-asencio-guillen","tag-benito-alaez-corral","tag-bernardo-diaz-nosty","tag-juan-antonio-garcia-galindo","tag-juan-montabes-pereira","tag-trinidad-carolina-moreno-castro"],"_links":{"self":[{"href":"https:\/\/www.deberes.net\/tesis\/wp-json\/wp\/v2\/posts\/98626","targetHints":{"allow":["GET"]}}],"collection":[{"href":"https:\/\/www.deberes.net\/tesis\/wp-json\/wp\/v2\/posts"}],"about":[{"href":"https:\/\/www.deberes.net\/tesis\/wp-json\/wp\/v2\/types\/post"}],"author":[{"embeddable":true,"href":"https:\/\/www.deberes.net\/tesis\/wp-json\/wp\/v2\/users\/1"}],"replies":[{"embeddable":true,"href":"https:\/\/www.deberes.net\/tesis\/wp-json\/wp\/v2\/comments?post=98626"}],"version-history":[{"count":0,"href":"https:\/\/www.deberes.net\/tesis\/wp-json\/wp\/v2\/posts\/98626\/revisions"}],"wp:attachment":[{"href":"https:\/\/www.deberes.net\/tesis\/wp-json\/wp\/v2\/media?parent=98626"}],"wp:term":[{"taxonomy":"category","embeddable":true,"href":"https:\/\/www.deberes.net\/tesis\/wp-json\/wp\/v2\/categories?post=98626"},{"taxonomy":"post_tag","embeddable":true,"href":"https:\/\/www.deberes.net\/tesis\/wp-json\/wp\/v2\/tags?post=98626"}],"curies":[{"name":"wp","href":"https:\/\/api.w.org\/{rel}","templated":true}]}}