{"id":9864,"date":"1996-01-01T00:00:00","date_gmt":"1996-01-01T00:00:00","guid":{"rendered":"https:\/\/www.deberes.net\/tesis\/1996\/01\/01\/comportamiento-en-el-consumo-de-las-familias-espanolas-analisis-de-datos-de-panel\/"},"modified":"1996-01-01T00:00:00","modified_gmt":"1996-01-01T00:00:00","slug":"comportamiento-en-el-consumo-de-las-familias-espanolas-analisis-de-datos-de-panel","status":"publish","type":"post","link":"https:\/\/www.deberes.net\/tesis\/ciencias-economicas\/comportamiento-en-el-consumo-de-las-familias-espanolas-analisis-de-datos-de-panel\/","title":{"rendered":"Comportamiento en el consumo de las familias espa\u00f1olas: analisis de datos de panel."},"content":{"rendered":"<h2>Tesis doctoral de <strong> Agust\u00edn Garc\u00eda Garc\u00eda <\/strong><\/h2>\n<p>El trabajo analiza el comportamiento del consumo privado en espa\u00f1a.Se parte de una revision de la literatura sobre la funcion de consumo y se realiza un contraste de las teorias tradicionales con datos de la economia espa\u00f1ola.Con el fin de eliminar alguno de los supuestos mas restrictivos de los modelos tradicionales, se desarrolla un modelo para datos de cohortes. Para ello contamos con la encuesta continua de presupuestos familiares, elaborada por el ine.  se elabora el modelo para datos desagregados y se realizan diversas modificaciones para mejorar los resultados. Se utiliza la metodolog\u00eda econometrica de datos de panel.  se obtiene evidencia sobre el comportamiento de los consumidores segun las pautas marcadas por la teoria del ciclo vital-renta permanente. Igualmente se extraen algunas conclusiones acerca de la heterogeneidad de los individuos, de los tipos de descuento utilizados, de la existencia de restricciones de liquidez, etc.<\/p>\n<p>&nbsp;<\/p>\n<h3>Datos acad\u00e9micos de la tesis doctoral \u00ab<strong>Comportamiento en el consumo de las familias espa\u00f1olas: analisis de datos de panel.<\/strong>\u00ab<\/h3>\n<ul>\n<li><strong>T\u00edtulo de la tesis:<\/strong>\u00a0 Comportamiento en el consumo de las familias espa\u00f1olas: analisis de datos de panel. <\/li>\n<li><strong>Autor:<\/strong>\u00a0 Agust\u00edn Garc\u00eda Garc\u00eda <\/li>\n<li><strong>Universidad:<\/strong>\u00a0 Extremadura<\/li>\n<li><strong>Fecha de lectura de la tesis:<\/strong>\u00a0 01\/01\/1996<\/li>\n<\/ul>\n<p>&nbsp;<\/p>\n<h3>Direcci\u00f3n y tribunal<\/h3>\n<ul>\n<li><strong>Director de la tesis<\/strong>\n<ul>\n<li>Eduardo Berenguer Comas<\/li>\n<\/ul>\n<\/li>\n<li><strong>Tribunal<\/strong>\n<ul>\n<li>Presidente del tribunal: Jose Garcia Solanes <\/li>\n<li>Juli\u00e1n Ramajo Hern\u00e1ndez (vocal)<\/li>\n<li>Joaqu\u00edn Novella Izquierdo (vocal)<\/li>\n<li>Joaquin Alegre Martin (vocal)<\/li>\n<\/ul>\n<\/li>\n<\/ul>\n<p>&nbsp;<\/p>\n","protected":false},"excerpt":{"rendered":"<p>Tesis doctoral de Agust\u00edn Garc\u00eda Garc\u00eda El trabajo analiza el comportamiento del consumo privado en espa\u00f1a.Se parte de una revision [&hellip;]<\/p>\n","protected":false},"author":1,"featured_media":0,"comment_status":"open","ping_status":"open","sticky":false,"template":"","format":"standard","meta":{"site-sidebar-layout":"default","site-content-layout":"","ast-site-content-layout":"","site-content-style":"default","site-sidebar-style":"default","ast-global-header-display":"","ast-banner-title-visibility":"","ast-main-header-display":"","ast-hfb-above-header-display":"","ast-hfb-below-header-display":"","ast-hfb-mobile-header-display":"","site-post-title":"","ast-breadcrumbs-content":"","ast-featured-img":"","footer-sml-layout":"","theme-transparent-header-meta":"","adv-header-id-meta":"","stick-header-meta":"","header-above-stick-meta":"","header-main-stick-meta":"","header-below-stick-meta":"","astra-migrate-meta-layouts":"default","ast-page-background-enabled":"default","ast-page-background-meta":{"desktop":{"background-color":"var(--ast-global-color-4)","background-image":"","background-repeat":"repeat","background-position":"center center","background-size":"auto","background-attachment":"scroll","background-type":"","background-media":"","overlay-type":"","overlay-color":"","overlay-gradient":""},"tablet":{"background-color":"","background-image":"","background-repeat":"repeat","background-position":"center center","background-size":"auto","background-attachment":"scroll","background-type":"","background-media":"","overlay-type":"","overlay-color":"","overlay-gradient":""},"mobile":{"background-color":"","background-image":"","background-repeat":"repeat","background-position":"center center","background-size":"auto","background-attachment":"scroll","background-type":"","background-media":"","overlay-type":"","overlay-color":"","overlay-gradient":""}},"ast-content-background-meta":{"desktop":{"background-color":"var(--ast-global-color-5)","background-image":"","background-repeat":"repeat","background-position":"center center","background-size":"auto","background-attachment":"scroll","background-type":"","background-media":"","overlay-type":"","overlay-color":"","overlay-gradient":""},"tablet":{"background-color":"var(--ast-global-color-5)","background-image":"","background-repeat":"repeat","background-position":"center center","background-size":"auto","background-attachment":"scroll","background-type":"","background-media":"","overlay-type":"","overlay-color":"","overlay-gradient":""},"mobile":{"background-color":"var(--ast-global-color-5)","background-image":"","background-repeat":"repeat","background-position":"center center","background-size":"auto","background-attachment":"scroll","background-type":"","background-media":"","overlay-type":"","overlay-color":"","overlay-gradient":""}},"footnotes":""},"categories":[772,82,747,949,20250,737],"tags":[22830,20253,33397,33396,11537,25883],"class_list":["post-9864","post","type-post","status-publish","format-standard","hentry","category-actividad-economica","category-ciencias-economicas","category-consumo-ahorro-e-inversion","category-extremadura","category-teoria-del-ahorro","category-teoria-economica","tag-agustin-garcia-garcia","tag-eduardo-berenguer-comas","tag-joaquin-alegre-martin","tag-joaquin-novella-izquierdo","tag-jose-garcia-solanes","tag-julian-ramajo-hernandez"],"_links":{"self":[{"href":"https:\/\/www.deberes.net\/tesis\/wp-json\/wp\/v2\/posts\/9864","targetHints":{"allow":["GET"]}}],"collection":[{"href":"https:\/\/www.deberes.net\/tesis\/wp-json\/wp\/v2\/posts"}],"about":[{"href":"https:\/\/www.deberes.net\/tesis\/wp-json\/wp\/v2\/types\/post"}],"author":[{"embeddable":true,"href":"https:\/\/www.deberes.net\/tesis\/wp-json\/wp\/v2\/users\/1"}],"replies":[{"embeddable":true,"href":"https:\/\/www.deberes.net\/tesis\/wp-json\/wp\/v2\/comments?post=9864"}],"version-history":[{"count":0,"href":"https:\/\/www.deberes.net\/tesis\/wp-json\/wp\/v2\/posts\/9864\/revisions"}],"wp:attachment":[{"href":"https:\/\/www.deberes.net\/tesis\/wp-json\/wp\/v2\/media?parent=9864"}],"wp:term":[{"taxonomy":"category","embeddable":true,"href":"https:\/\/www.deberes.net\/tesis\/wp-json\/wp\/v2\/categories?post=9864"},{"taxonomy":"post_tag","embeddable":true,"href":"https:\/\/www.deberes.net\/tesis\/wp-json\/wp\/v2\/tags?post=9864"}],"curies":[{"name":"wp","href":"https:\/\/api.w.org\/{rel}","templated":true}]}}