{"id":98650,"date":"2018-03-11T10:19:30","date_gmt":"2018-03-11T10:19:30","guid":{"rendered":"https:\/\/www.deberes.net\/tesis\/sin-categoria\/gatepac-1928-1939\/"},"modified":"2018-03-11T10:19:30","modified_gmt":"2018-03-11T10:19:30","slug":"gatepac-1928-1939","status":"publish","type":"post","link":"https:\/\/www.deberes.net\/tesis\/arquitectura\/gatepac-1928-1939\/","title":{"rendered":"Gatepac (1928-1939)"},"content":{"rendered":"<h2>Tesis doctoral de <strong> \u00f3scar Miguel Ares \u00e1lvarez <\/strong><\/h2>\n<p>El grupo de arquitectos y t\u00e9cnicos espa\u00f1oles para la actividad contemporanea, conocido como gatepac, fue el intento, por parte de una serie de arquitectos residentes en Madrid, san sebasti\u00e1n, bilbao y barcelona,  por emprender una aventura, la de vanguardia, en el exiguo panorama arquitect\u00f3nico espa\u00f1ol dentro del esperanzador contexto de la segunda rep\u00fablica espa\u00f1ola.  este trabajo abarca tres de los periodos m\u00e1s interesantes de la historia del siglo xx, pues no podemos sustraer del legado del gatepac los factores pol\u00edticos, sociales y econ\u00f3micos que en torno a \u00e9l se produjeron. El gatepac abarca: el final de la dictadura del general primo de rivera, la segunda rep\u00fablica, y la guerra civil. Durante este espacio temporal tuvo lugar la pre-historia, historia y post-historia del gatepac, desarrollados en esta tesis en siete cap\u00edtulos, desde 1928 a 1939.  a su vez, cada uno de los cap\u00edtulos incluidos en este trabajo se ha dividido en cuatro grandes bloques tem\u00e1ticos:   &#8211; el primero, analiza al gatepac en el contexto internacional; en especial su integraci\u00f3n en los ciam. &#8211; el segundo, a la obra y evoluci\u00f3n del grupo catal\u00e1n del gatepac; m\u00e1s conocido como gatcpac, liderado     por j.L.Sert &#8211; el tercero,  a los grupo norte y centro de aizp\u00farua y mercadal. &#8211; el cuarto, a la difusi\u00f3n y contenidos de la revista ac.  pol\u00edtica, arquitectura, sociolog\u00eda, relaciones internacionales, son vocablos que est\u00e1n ligados a esta radiograf\u00eda que pretende demostrar los aciertos y las contradicciones de esa plataforma que para practicar la vanguardia fue el gatepac.<\/p>\n<p>&nbsp;<\/p>\n<h3>Datos acad\u00e9micos de la tesis doctoral \u00ab<strong>Gatepac (1928-1939)<\/strong>\u00ab<\/h3>\n<ul>\n<li><strong>T\u00edtulo de la tesis:<\/strong>\u00a0 Gatepac (1928-1939) <\/li>\n<li><strong>Autor:<\/strong>\u00a0 \u00f3scar Miguel Ares \u00e1lvarez <\/li>\n<li><strong>Universidad:<\/strong>\u00a0 Valladolid<\/li>\n<li><strong>Fecha de lectura de la tesis:<\/strong>\u00a0 18\/01\/2010<\/li>\n<\/ul>\n<p>&nbsp;<\/p>\n<h3>Direcci\u00f3n y tribunal<\/h3>\n<ul>\n<li><strong>Director de la tesis<\/strong>\n<ul>\n<li>Juan  Antonio Cortes Vazquez De Parga<\/li>\n<\/ul>\n<\/li>\n<li><strong>Tribunal<\/strong>\n<ul>\n<li>Presidente del tribunal: Jos\u00e9 Mar\u00eda Rovira  gimeno <\/li>\n<li>Jos\u00e9 angel Sanz esquide (vocal)<\/li>\n<li>daniel Villalobos alonso (vocal)<\/li>\n<li>Jos\u00e9 angel Medina  murua (vocal)<\/li>\n<\/ul>\n<\/li>\n<\/ul>\n<p>&nbsp;<\/p>\n","protected":false},"excerpt":{"rendered":"<p>Tesis doctoral de \u00f3scar Miguel Ares \u00e1lvarez El grupo de arquitectos y t\u00e9cnicos espa\u00f1oles para la actividad contemporanea, conocido como [&hellip;]<\/p>\n","protected":false},"author":1,"featured_media":0,"comment_status":"open","ping_status":"open","sticky":false,"template":"","format":"standard","meta":{"site-sidebar-layout":"default","site-content-layout":"","ast-site-content-layout":"","site-content-style":"default","site-sidebar-style":"default","ast-global-header-display":"","ast-banner-title-visibility":"","ast-main-header-display":"","ast-hfb-above-header-display":"","ast-hfb-below-header-display":"","ast-hfb-mobile-header-display":"","site-post-title":"","ast-breadcrumbs-content":"","ast-featured-img":"","footer-sml-layout":"","theme-transparent-header-meta":"","adv-header-id-meta":"","stick-header-meta":"","header-above-stick-meta":"","header-main-stick-meta":"","header-below-stick-meta":"","astra-migrate-meta-layouts":"default","ast-page-background-enabled":"default","ast-page-background-meta":{"desktop":{"background-color":"var(--ast-global-color-4)","background-image":"","background-repeat":"repeat","background-position":"center center","background-size":"auto","background-attachment":"scroll","background-type":"","background-media":"","overlay-type":"","overlay-color":"","overlay-gradient":""},"tablet":{"background-color":"","background-image":"","background-repeat":"repeat","background-position":"center center","background-size":"auto","background-attachment":"scroll","background-type":"","background-media":"","overlay-type":"","overlay-color":"","overlay-gradient":""},"mobile":{"background-color":"","background-image":"","background-repeat":"repeat","background-position":"center center","background-size":"auto","background-attachment":"scroll","background-type":"","background-media":"","overlay-type":"","overlay-color":"","overlay-gradient":""}},"ast-content-background-meta":{"desktop":{"background-color":"var(--ast-global-color-5)","background-image":"","background-repeat":"repeat","background-position":"center center","background-size":"auto","background-attachment":"scroll","background-type":"","background-media":"","overlay-type":"","overlay-color":"","overlay-gradient":""},"tablet":{"background-color":"var(--ast-global-color-5)","background-image":"","background-repeat":"repeat","background-position":"center center","background-size":"auto","background-attachment":"scroll","background-type":"","background-media":"","overlay-type":"","overlay-color":"","overlay-gradient":""},"mobile":{"background-color":"var(--ast-global-color-5)","background-image":"","background-repeat":"repeat","background-position":"center center","background-size":"auto","background-attachment":"scroll","background-type":"","background-media":"","overlay-type":"","overlay-color":"","overlay-gradient":""}},"footnotes":""},"categories":[4509,12451],"tags":[167579,166365,41520,201653,15918,201652],"class_list":["post-98650","post","type-post","status-publish","format-standard","hentry","category-arquitectura","category-valladolid","tag-daniel-villalobos-alonso","tag-jose-angel-medina-murua","tag-jose-angel-sanz-esquide","tag-jose-maria-rovira-gimeno","tag-juan-antonio-cortes-vazquez-de-parga","tag-oscar-miguel-ares-alvarez"],"_links":{"self":[{"href":"https:\/\/www.deberes.net\/tesis\/wp-json\/wp\/v2\/posts\/98650","targetHints":{"allow":["GET"]}}],"collection":[{"href":"https:\/\/www.deberes.net\/tesis\/wp-json\/wp\/v2\/posts"}],"about":[{"href":"https:\/\/www.deberes.net\/tesis\/wp-json\/wp\/v2\/types\/post"}],"author":[{"embeddable":true,"href":"https:\/\/www.deberes.net\/tesis\/wp-json\/wp\/v2\/users\/1"}],"replies":[{"embeddable":true,"href":"https:\/\/www.deberes.net\/tesis\/wp-json\/wp\/v2\/comments?post=98650"}],"version-history":[{"count":0,"href":"https:\/\/www.deberes.net\/tesis\/wp-json\/wp\/v2\/posts\/98650\/revisions"}],"wp:attachment":[{"href":"https:\/\/www.deberes.net\/tesis\/wp-json\/wp\/v2\/media?parent=98650"}],"wp:term":[{"taxonomy":"category","embeddable":true,"href":"https:\/\/www.deberes.net\/tesis\/wp-json\/wp\/v2\/categories?post=98650"},{"taxonomy":"post_tag","embeddable":true,"href":"https:\/\/www.deberes.net\/tesis\/wp-json\/wp\/v2\/tags?post=98650"}],"curies":[{"name":"wp","href":"https:\/\/api.w.org\/{rel}","templated":true}]}}