{"id":98684,"date":"2018-03-11T10:19:35","date_gmt":"2018-03-11T10:19:35","guid":{"rendered":"https:\/\/www.deberes.net\/tesis\/sin-categoria\/alteridad-y-trabajo-social-perspectivas-y-alcances-de-la-experiencia-de-alteridad-en-el-trabajo-social-en-contextos-de-exclusion\/"},"modified":"2018-03-11T10:19:35","modified_gmt":"2018-03-11T10:19:35","slug":"alteridad-y-trabajo-social-perspectivas-y-alcances-de-la-experiencia-de-alteridad-en-el-trabajo-social-en-contextos-de-exclusion","status":"publish","type":"post","link":"https:\/\/www.deberes.net\/tesis\/filosofia-de-la-intersubjetividad\/alteridad-y-trabajo-social-perspectivas-y-alcances-de-la-experiencia-de-alteridad-en-el-trabajo-social-en-contextos-de-exclusion\/","title":{"rendered":"Alteridad y trabajo social. perspectivas y alcances de la experiencia de alteridad en el trabajo social en contextos de exclusi\u00f3n"},"content":{"rendered":"<h2>Tesis doctoral de <strong> Mar\u00eda  Gabriela Rubilar Donoso <\/strong><\/h2>\n<p>Esta tesis  identifica la arquitectura central de un enfoque de alteridad para el trabajo social, analizando los aportes y posibilidades que este enfoque puede ofrecer a la intervenci\u00f3n social en contextos de exclusi\u00f3n.  tomando como principal referente los aportes de  emmanuel levinas se  identifican cuatro pilares fundamentales en torno a los cuales levantar esta propuesta y desplegar los argumentos te\u00f3ricos y conceptuales que le dan soporte. Este esquema se complejiza, cuando se concibe a la exclusi\u00f3n como negaci\u00f3n de la alteridad, para ello se analizan algunas de las tendencias te\u00f3ricas y conceptuales predominantes en espa\u00f1a en el abordaje y comprensi\u00f3n de la exclusi\u00f3n, destacando en esta aproximaci\u00f3n las aportaciones de joaqu\u00edn garc\u00eda roca, que permiten fundamentar las bases de un modelo de intervenci\u00f3n social dinamizado por la consideraci\u00f3n de las alteridades de los sujetos; la idea esencial de encuentro; y la influencia de las narrativas. estos lineamientos y fundamentos que conforman la propuesta de alteridad fueron discutidos con los aportes y perspectivas de una treintena de testimonios de profesionales que se desempe\u00f1an en contextos de exclusi\u00f3n, cuyas visiones y aproximaciones permiten revisar sus fundamentos, madurar la propuesta e incorporar otras dimensiones no consideradas.<\/p>\n<p>&nbsp;<\/p>\n<h3>Datos acad\u00e9micos de la tesis doctoral \u00ab<strong>Alteridad y trabajo social. perspectivas y alcances de la experiencia de alteridad en el trabajo social en contextos de exclusi\u00f3n<\/strong>\u00ab<\/h3>\n<ul>\n<li><strong>T\u00edtulo de la tesis:<\/strong>\u00a0 Alteridad y trabajo social. perspectivas y alcances de la experiencia de alteridad en el trabajo social en contextos de exclusi\u00f3n <\/li>\n<li><strong>Autor:<\/strong>\u00a0 Mar\u00eda  Gabriela Rubilar Donoso <\/li>\n<li><strong>Universidad:<\/strong>\u00a0 Pontificia comillas<\/li>\n<li><strong>Fecha de lectura de la tesis:<\/strong>\u00a0 20\/01\/2010<\/li>\n<\/ul>\n<p>&nbsp;<\/p>\n<h3>Direcci\u00f3n y tribunal<\/h3>\n<ul>\n<li><strong>Director de la tesis<\/strong>\n<ul>\n<li>Fernando Miguel Vidal Fernandez<\/li>\n<\/ul>\n<\/li>\n<li><strong>Tribunal<\/strong>\n<ul>\n<li>Presidente del tribunal: Jes\u00fas marcial Conill sancho <\/li>\n<li>Rafael Aliena miralles (vocal)<\/li>\n<li>Mar\u00eda  asuncion Martinez roman (vocal)<\/li>\n<li>Miguel Garcia-bar\u00f3 lopez (vocal)<\/li>\n<\/ul>\n<\/li>\n<\/ul>\n<p>&nbsp;<\/p>\n","protected":false},"excerpt":{"rendered":"<p>Tesis doctoral de Mar\u00eda Gabriela Rubilar Donoso Esta tesis identifica la arquitectura central de un enfoque de alteridad para el [&hellip;]<\/p>\n","protected":false},"author":1,"featured_media":0,"comment_status":"open","ping_status":"open","sticky":false,"template":"","format":"standard","meta":{"site-sidebar-layout":"default","site-content-layout":"","ast-site-content-layout":"","site-content-style":"default","site-sidebar-style":"default","ast-global-header-display":"","ast-banner-title-visibility":"","ast-main-header-display":"","ast-hfb-above-header-display":"","ast-hfb-below-header-display":"","ast-hfb-mobile-header-display":"","site-post-title":"","ast-breadcrumbs-content":"","ast-featured-img":"","footer-sml-layout":"","theme-transparent-header-meta":"","adv-header-id-meta":"","stick-header-meta":"","header-above-stick-meta":"","header-main-stick-meta":"","header-below-stick-meta":"","astra-migrate-meta-layouts":"default","ast-page-background-enabled":"default","ast-page-background-meta":{"desktop":{"background-color":"var(--ast-global-color-4)","background-image":"","background-repeat":"repeat","background-position":"center center","background-size":"auto","background-attachment":"scroll","background-type":"","background-media":"","overlay-type":"","overlay-color":"","overlay-gradient":""},"tablet":{"background-color":"","background-image":"","background-repeat":"repeat","background-position":"center center","background-size":"auto","background-attachment":"scroll","background-type":"","background-media":"","overlay-type":"","overlay-color":"","overlay-gradient":""},"mobile":{"background-color":"","background-image":"","background-repeat":"repeat","background-position":"center center","background-size":"auto","background-attachment":"scroll","background-type":"","background-media":"","overlay-type":"","overlay-color":"","overlay-gradient":""}},"ast-content-background-meta":{"desktop":{"background-color":"var(--ast-global-color-5)","background-image":"","background-repeat":"repeat","background-position":"center center","background-size":"auto","background-attachment":"scroll","background-type":"","background-media":"","overlay-type":"","overlay-color":"","overlay-gradient":""},"tablet":{"background-color":"var(--ast-global-color-5)","background-image":"","background-repeat":"repeat","background-position":"center center","background-size":"auto","background-attachment":"scroll","background-type":"","background-media":"","overlay-type":"","overlay-color":"","overlay-gradient":""},"mobile":{"background-color":"var(--ast-global-color-5)","background-image":"","background-repeat":"repeat","background-position":"center center","background-size":"auto","background-attachment":"scroll","background-type":"","background-media":"","overlay-type":"","overlay-color":"","overlay-gradient":""}},"footnotes":""},"categories":[8649,8648,23864,18397,17329],"tags":[101789,12440,37310,201710,22905,82528],"class_list":["post-98684","post","type-post","status-publish","format-standard","hentry","category-etica-filosofica","category-filosofia-de-la-intersubjetividad","category-pobreza","category-pontificia-comillas","category-teoria-sociologica","tag-fernando-miguel-vidal-fernandez","tag-jesus-marcial-conill-sancho","tag-maria-asuncion-Martinez-roman","tag-maria-gabriela-rubilar-donoso","tag-miguel-garcia-baro-lopez","tag-rafael-aliena-miralles"],"_links":{"self":[{"href":"https:\/\/www.deberes.net\/tesis\/wp-json\/wp\/v2\/posts\/98684","targetHints":{"allow":["GET"]}}],"collection":[{"href":"https:\/\/www.deberes.net\/tesis\/wp-json\/wp\/v2\/posts"}],"about":[{"href":"https:\/\/www.deberes.net\/tesis\/wp-json\/wp\/v2\/types\/post"}],"author":[{"embeddable":true,"href":"https:\/\/www.deberes.net\/tesis\/wp-json\/wp\/v2\/users\/1"}],"replies":[{"embeddable":true,"href":"https:\/\/www.deberes.net\/tesis\/wp-json\/wp\/v2\/comments?post=98684"}],"version-history":[{"count":0,"href":"https:\/\/www.deberes.net\/tesis\/wp-json\/wp\/v2\/posts\/98684\/revisions"}],"wp:attachment":[{"href":"https:\/\/www.deberes.net\/tesis\/wp-json\/wp\/v2\/media?parent=98684"}],"wp:term":[{"taxonomy":"category","embeddable":true,"href":"https:\/\/www.deberes.net\/tesis\/wp-json\/wp\/v2\/categories?post=98684"},{"taxonomy":"post_tag","embeddable":true,"href":"https:\/\/www.deberes.net\/tesis\/wp-json\/wp\/v2\/tags?post=98684"}],"curies":[{"name":"wp","href":"https:\/\/api.w.org\/{rel}","templated":true}]}}