{"id":98708,"date":"2018-03-11T10:19:35","date_gmt":"2018-03-11T10:19:35","guid":{"rendered":"https:\/\/www.deberes.net\/tesis\/sin-categoria\/ana-lisi-estructural-de-parta%c2%adcules-i-protea%c2%afnes-del-virus-de-la-bursitis-infecciosa\/"},"modified":"2018-03-11T10:19:35","modified_gmt":"2018-03-11T10:19:35","slug":"ana-lisi-estructural-de-parta%c2%adcules-i-protea%c2%afnes-del-virus-de-la-bursitis-infecciosa","status":"publish","type":"post","link":"https:\/\/www.deberes.net\/tesis\/virologia\/ana-lisi-estructural-de-parta%c2%adcules-i-protea%c2%afnes-del-virus-de-la-bursitis-infecciosa\/","title":{"rendered":"An\u00c1\u00a0lisi estructural de part\u00edcules i prote\u00c1\u00afnes del virus de la bursitis infecciosa"},"content":{"rendered":"<h2>Tesis doctoral de <strong> Dami? Garriga Rigau <\/strong><\/h2>\n<p>La enfermedad de la bursitis infecciosa, o enfermedad de gumboro, es una patolog\u00eda aviar de origen viral que afecta principalmente a las cr\u00edas de aves. En las granjas de cr\u00eda de aves de corral, el virus que la origina, el ibdv, provoca  una elevada mortalidad en los pollos.  la determinaci\u00f3n de la estructura tridimensional a alta resoluci\u00f3n de la prote\u00edna de la c\u00e1pside de este virus, la vp2, ha permitido caracterizar algunos de los elementos que median el ensamblaje y la estabilidad de la c\u00e1pside viral. Tambi\u00e9n se han identificado los residuos implicados en la formaci\u00f3n de cuerpos de inclusi\u00f3n, que confieren resistencia a las part\u00edculas en el entorno extracelular.  por otro lado, la determinaci\u00f3n de la estructura tridimensional de la polimerasa del virus, la vp1, aport\u00f3 nuevos datos sobre la iniciaci\u00f3n de la polimerizaci\u00f3n y sobre la regulaci\u00f3n de su actividad por parte de vp3, la prote\u00edna encargada de la coordinaci\u00f3n del ciclo viral.<\/p>\n<p>&nbsp;<\/p>\n<h3>Datos acad\u00e9micos de la tesis doctoral \u00ab<strong>An\u00c1\u00a0lisi estructural de part\u00edcules i prote\u00c1\u00afnes del virus de la bursitis infecciosa<\/strong>\u00ab<\/h3>\n<ul>\n<li><strong>T\u00edtulo de la tesis:<\/strong>\u00a0 An\u00c1\u00a0lisi estructural de part\u00edcules i prote\u00c1\u00afnes del virus de la bursitis infecciosa <\/li>\n<li><strong>Autor:<\/strong>\u00a0 Dami? Garriga Rigau <\/li>\n<li><strong>Universidad:<\/strong>\u00a0 Pompeu fabra<\/li>\n<li><strong>Fecha de lectura de la tesis:<\/strong>\u00a0 21\/01\/2010<\/li>\n<\/ul>\n<p>&nbsp;<\/p>\n<h3>Direcci\u00f3n y tribunal<\/h3>\n<ul>\n<li><strong>Director de la tesis<\/strong>\n<ul>\n<li>Nuria Verdaguer Massana<\/li>\n<\/ul>\n<\/li>\n<li><strong>Tribunal<\/strong>\n<ul>\n<li>Presidente del tribunal: ignacio Fita rodriguez <\/li>\n<li>Jos\u00e9 Ruiz cast\u00f3n (vocal)<\/li>\n<li>Antonio Mas l\u00f3pez (vocal)<\/li>\n<li>isabel Us\u00f3n finkenzeller (vocal)<\/li>\n<\/ul>\n<\/li>\n<\/ul>\n<p>&nbsp;<\/p>\n","protected":false},"excerpt":{"rendered":"<p>Tesis doctoral de Dami? Garriga Rigau La enfermedad de la bursitis infecciosa, o enfermedad de gumboro, es una patolog\u00eda aviar [&hellip;]<\/p>\n","protected":false},"author":1,"featured_media":0,"comment_status":"open","ping_status":"open","sticky":false,"template":"","format":"standard","meta":{"site-sidebar-layout":"default","site-content-layout":"","ast-site-content-layout":"","site-content-style":"default","site-sidebar-style":"default","ast-global-header-display":"","ast-banner-title-visibility":"","ast-main-header-display":"","ast-hfb-above-header-display":"","ast-hfb-below-header-display":"","ast-hfb-mobile-header-display":"","site-post-title":"","ast-breadcrumbs-content":"","ast-featured-img":"","footer-sml-layout":"","theme-transparent-header-meta":"","adv-header-id-meta":"","stick-header-meta":"","header-above-stick-meta":"","header-main-stick-meta":"","header-below-stick-meta":"","astra-migrate-meta-layouts":"default","ast-page-background-enabled":"default","ast-page-background-meta":{"desktop":{"background-color":"var(--ast-global-color-4)","background-image":"","background-repeat":"repeat","background-position":"center center","background-size":"auto","background-attachment":"scroll","background-type":"","background-media":"","overlay-type":"","overlay-color":"","overlay-gradient":""},"tablet":{"background-color":"","background-image":"","background-repeat":"repeat","background-position":"center center","background-size":"auto","background-attachment":"scroll","background-type":"","background-media":"","overlay-type":"","overlay-color":"","overlay-gradient":""},"mobile":{"background-color":"","background-image":"","background-repeat":"repeat","background-position":"center center","background-size":"auto","background-attachment":"scroll","background-type":"","background-media":"","overlay-type":"","overlay-color":"","overlay-gradient":""}},"ast-content-background-meta":{"desktop":{"background-color":"var(--ast-global-color-5)","background-image":"","background-repeat":"repeat","background-position":"center center","background-size":"auto","background-attachment":"scroll","background-type":"","background-media":"","overlay-type":"","overlay-color":"","overlay-gradient":""},"tablet":{"background-color":"var(--ast-global-color-5)","background-image":"","background-repeat":"repeat","background-position":"center center","background-size":"auto","background-attachment":"scroll","background-type":"","background-media":"","overlay-type":"","overlay-color":"","overlay-gradient":""},"mobile":{"background-color":"var(--ast-global-color-5)","background-image":"","background-repeat":"repeat","background-position":"center center","background-size":"auto","background-attachment":"scroll","background-type":"","background-media":"","overlay-type":"","overlay-color":"","overlay-gradient":""}},"footnotes":""},"categories":[36606,12152,18712,280,5590],"tags":[93011,201747,15733,130622,192316,76185],"class_list":["post-98708","post","type-post","status-publish","format-standard","hentry","category-biologia-molecular-de-microorganismos","category-cristalografia","category-pompeu-fabra","category-virologia","category-virologia-animal","tag-antonio-mas-lopez","tag-dami-garriga-rigau","tag-ignacio-fita-rodriguez","tag-isabel-uson-finkenzeller","tag-jose-ruiz-caston","tag-nuria-verdaguer-massana"],"_links":{"self":[{"href":"https:\/\/www.deberes.net\/tesis\/wp-json\/wp\/v2\/posts\/98708","targetHints":{"allow":["GET"]}}],"collection":[{"href":"https:\/\/www.deberes.net\/tesis\/wp-json\/wp\/v2\/posts"}],"about":[{"href":"https:\/\/www.deberes.net\/tesis\/wp-json\/wp\/v2\/types\/post"}],"author":[{"embeddable":true,"href":"https:\/\/www.deberes.net\/tesis\/wp-json\/wp\/v2\/users\/1"}],"replies":[{"embeddable":true,"href":"https:\/\/www.deberes.net\/tesis\/wp-json\/wp\/v2\/comments?post=98708"}],"version-history":[{"count":0,"href":"https:\/\/www.deberes.net\/tesis\/wp-json\/wp\/v2\/posts\/98708\/revisions"}],"wp:attachment":[{"href":"https:\/\/www.deberes.net\/tesis\/wp-json\/wp\/v2\/media?parent=98708"}],"wp:term":[{"taxonomy":"category","embeddable":true,"href":"https:\/\/www.deberes.net\/tesis\/wp-json\/wp\/v2\/categories?post=98708"},{"taxonomy":"post_tag","embeddable":true,"href":"https:\/\/www.deberes.net\/tesis\/wp-json\/wp\/v2\/tags?post=98708"}],"curies":[{"name":"wp","href":"https:\/\/api.w.org\/{rel}","templated":true}]}}