{"id":98769,"date":"2018-03-11T10:19:39","date_gmt":"2018-03-11T10:19:39","guid":{"rendered":"https:\/\/www.deberes.net\/tesis\/sin-categoria\/el-derecho-a-la-reagrupacion-familiar-de-las-personas-extranjeras\/"},"modified":"2018-03-11T10:19:39","modified_gmt":"2018-03-11T10:19:39","slug":"el-derecho-a-la-reagrupacion-familiar-de-las-personas-extranjeras","status":"publish","type":"post","link":"https:\/\/www.deberes.net\/tesis\/derecho-administrativo\/el-derecho-a-la-reagrupacion-familiar-de-las-personas-extranjeras\/","title":{"rendered":"El derecho a la reagrupaci\u00f3n familiar de las personas extranjeras"},"content":{"rendered":"<h2>Tesis doctoral de <strong> Mar\u00eda  Nieves Arrese Iriondo <\/strong><\/h2>\n<p>El derecho a la reagrupaci\u00f3n familiar de las personas extranjeras es una materia de plena actualidad que forma parte de las pol\u00edticas migratorias. Su an\u00e1lisis requiere estudiar los dos componentes del enunciado. Por una parte, el derecho a la vida familiar como derecho fundamental que se ha de reconocer a todo ser humano y, por otra, el r\u00e9gimen jur\u00eddico de las personas extranjeras. La regulaci\u00f3n de la reagrupaci\u00f3n familiar pone de manifiesto que se prioriza la concepci\u00f3n de que la entrada y residencia en territorio estatal por esta v\u00eda es un privilegio, por lo que los requisitos para su ejercicio son cada vez m\u00e1s restrictivos. Este posicionamiento no toma en consideraci\u00f3n la extensi\u00f3n real del derecho a la vida familiar. De esta forma, se frena una interpretaci\u00f3n de los derechos fundamentales de car\u00e1cter expansivo que pudiera afectar al derecho de extranjer\u00eda, concibi\u00e9ndose \u00e9ste principalmente como instrumento para el control de los flujos migratorios, y no como garant\u00eda de los derechos fundamentales.<\/p>\n<p>&nbsp;<\/p>\n<h3>Datos acad\u00e9micos de la tesis doctoral \u00ab<strong>El derecho a la reagrupaci\u00f3n familiar de las personas extranjeras<\/strong>\u00ab<\/h3>\n<ul>\n<li><strong>T\u00edtulo de la tesis:<\/strong>\u00a0 El derecho a la reagrupaci\u00f3n familiar de las personas extranjeras <\/li>\n<li><strong>Autor:<\/strong>\u00a0 Mar\u00eda  Nieves Arrese Iriondo <\/li>\n<li><strong>Universidad:<\/strong>\u00a0 Pa\u00eds vasco\/euskal herriko unibertsitatea<\/li>\n<li><strong>Fecha de lectura de la tesis:<\/strong>\u00a0 22\/01\/2010<\/li>\n<\/ul>\n<p>&nbsp;<\/p>\n<h3>Direcci\u00f3n y tribunal<\/h3>\n<ul>\n<li><strong>Director de la tesis<\/strong>\n<ul>\n<li>I\u00f1aki Lasagabaster Herrarte<\/li>\n<\/ul>\n<\/li>\n<li><strong>Tribunal<\/strong>\n<ul>\n<li>Presidente del tribunal: Jos\u00e9 manuel Castells arteche <\/li>\n<li>mart\u00edn Mar\u00eda Razquin lizarraga (vocal)<\/li>\n<li>Jos\u00e9 Juan Suay rincon (vocal)<\/li>\n<li>vicenc Aguado cudola (vocal)<\/li>\n<\/ul>\n<\/li>\n<\/ul>\n<p>&nbsp;<\/p>\n","protected":false},"excerpt":{"rendered":"<p>Tesis doctoral de Mar\u00eda Nieves Arrese Iriondo El derecho a la reagrupaci\u00f3n familiar de las personas extranjeras es una materia [&hellip;]<\/p>\n","protected":false},"author":1,"featured_media":0,"comment_status":"open","ping_status":"open","sticky":false,"template":"","format":"standard","meta":{"site-sidebar-layout":"default","site-content-layout":"","ast-site-content-layout":"","site-content-style":"default","site-sidebar-style":"default","ast-global-header-display":"","ast-banner-title-visibility":"","ast-main-header-display":"","ast-hfb-above-header-display":"","ast-hfb-below-header-display":"","ast-hfb-mobile-header-display":"","site-post-title":"","ast-breadcrumbs-content":"","ast-featured-img":"","footer-sml-layout":"","theme-transparent-header-meta":"","adv-header-id-meta":"","stick-header-meta":"","header-above-stick-meta":"","header-main-stick-meta":"","header-below-stick-meta":"","astra-migrate-meta-layouts":"default","ast-page-background-enabled":"default","ast-page-background-meta":{"desktop":{"background-color":"var(--ast-global-color-4)","background-image":"","background-repeat":"repeat","background-position":"center center","background-size":"auto","background-attachment":"scroll","background-type":"","background-media":"","overlay-type":"","overlay-color":"","overlay-gradient":""},"tablet":{"background-color":"","background-image":"","background-repeat":"repeat","background-position":"center center","background-size":"auto","background-attachment":"scroll","background-type":"","background-media":"","overlay-type":"","overlay-color":"","overlay-gradient":""},"mobile":{"background-color":"","background-image":"","background-repeat":"repeat","background-position":"center center","background-size":"auto","background-attachment":"scroll","background-type":"","background-media":"","overlay-type":"","overlay-color":"","overlay-gradient":""}},"ast-content-background-meta":{"desktop":{"background-color":"var(--ast-global-color-5)","background-image":"","background-repeat":"repeat","background-position":"center center","background-size":"auto","background-attachment":"scroll","background-type":"","background-media":"","overlay-type":"","overlay-color":"","overlay-gradient":""},"tablet":{"background-color":"var(--ast-global-color-5)","background-image":"","background-repeat":"repeat","background-position":"center center","background-size":"auto","background-attachment":"scroll","background-type":"","background-media":"","overlay-type":"","overlay-color":"","overlay-gradient":""},"mobile":{"background-color":"var(--ast-global-color-5)","background-image":"","background-repeat":"repeat","background-position":"center center","background-size":"auto","background-attachment":"scroll","background-type":"","background-media":"","overlay-type":"","overlay-color":"","overlay-gradient":""}},"footnotes":""},"categories":[1442,12909],"tags":[31981,16777,28472,201845,139650,90225],"class_list":["post-98769","post","type-post","status-publish","format-standard","hentry","category-derecho-administrativo","category-pais-vasco-euskal-herriko-unibertsitatea","tag-inaki-lasagabaster-herrarte","tag-jose-juan-suay-rincon","tag-jose-manuel-castells-arteche","tag-maria-nieves-arrese-iriondo","tag-martin-maria-razquin-lizarraga","tag-vicenc-aguado-cudola"],"_links":{"self":[{"href":"https:\/\/www.deberes.net\/tesis\/wp-json\/wp\/v2\/posts\/98769","targetHints":{"allow":["GET"]}}],"collection":[{"href":"https:\/\/www.deberes.net\/tesis\/wp-json\/wp\/v2\/posts"}],"about":[{"href":"https:\/\/www.deberes.net\/tesis\/wp-json\/wp\/v2\/types\/post"}],"author":[{"embeddable":true,"href":"https:\/\/www.deberes.net\/tesis\/wp-json\/wp\/v2\/users\/1"}],"replies":[{"embeddable":true,"href":"https:\/\/www.deberes.net\/tesis\/wp-json\/wp\/v2\/comments?post=98769"}],"version-history":[{"count":0,"href":"https:\/\/www.deberes.net\/tesis\/wp-json\/wp\/v2\/posts\/98769\/revisions"}],"wp:attachment":[{"href":"https:\/\/www.deberes.net\/tesis\/wp-json\/wp\/v2\/media?parent=98769"}],"wp:term":[{"taxonomy":"category","embeddable":true,"href":"https:\/\/www.deberes.net\/tesis\/wp-json\/wp\/v2\/categories?post=98769"},{"taxonomy":"post_tag","embeddable":true,"href":"https:\/\/www.deberes.net\/tesis\/wp-json\/wp\/v2\/tags?post=98769"}],"curies":[{"name":"wp","href":"https:\/\/api.w.org\/{rel}","templated":true}]}}