{"id":98798,"date":"2018-03-11T10:19:39","date_gmt":"2018-03-11T10:19:39","guid":{"rendered":"https:\/\/www.deberes.net\/tesis\/sin-categoria\/el-desplazamiento-transnacional-de-trabajadores\/"},"modified":"2018-03-11T10:19:39","modified_gmt":"2018-03-11T10:19:39","slug":"el-desplazamiento-transnacional-de-trabajadores","status":"publish","type":"post","link":"https:\/\/www.deberes.net\/tesis\/derecho-internacional\/el-desplazamiento-transnacional-de-trabajadores\/","title":{"rendered":"El desplazamiento transnacional de trabajadores"},"content":{"rendered":"<h2>Tesis doctoral de <strong> Mireia Llobera  Vila <\/strong><\/h2>\n<p>La investigaci\u00f3n se ha dirigido al estudio del desplazamiento transnacional de trabajadores, en tanto que objeto normado de la directiva 96\/71\/ce.   la tesis doctoral se ha dirigido a articular una respuesta  jur\u00eddica frente al vaciamiento comunitario de determinadas instituciones sociales de nuestro derecho interno. De modo que se ha hecho un particular hincapi\u00e9 en los dos primeros cap\u00edtulos en la identificaci\u00f3n de determinadas inconsistencias te\u00f3ricas, e incluso antinomias, en la propia l\u00f3gica jur\u00eddico-constitucional comunitaria, a fin de articular una l\u00ednea de defensa jur\u00eddica de los diversos dispositivos jur\u00eddicos que conforman el principio de favor laboris en el derecho el trabajo, sin tratar, no obstante, de escaparnos de dicho sistema de validez jur\u00eddica, pues lo que se ha pretendido es que el derecho econ\u00f3mico comunitario pugnase con sus propios l\u00edmites.  ha sido obligado comenzar por identificar los distintos planos jur\u00eddicos en los que se ha producido una retorsi\u00f3n de un principio fundante de la comunidad, concretamente el principio de no discriminaci\u00f3n,  lo que ha permitido poner en cuesti\u00f3n los motivos jur\u00eddicos que actualmente est\u00e1n permitiendo excluir al factor trabajo, que se desplaza en el mercado interior de servicios, de los beneficios de la paridad de trato; sometiendo tambi\u00e9n a cr\u00edtica el modo en que el principio de proporcionalidad est\u00e1 siendo utilizado por el derecho econ\u00f3mico comunitario para determinar qu\u00e9 tipo de normas laborales resultan aceptables en el mercado interior de servicios.  esta deriva del derecho comunitario en la aplicaci\u00f3n del principio de remoci\u00f3n de obst\u00e1culos a las normas sociolaborales ha exigido de esta investigaci\u00f3n un an\u00e1lisis de conformidad al tratado de la legislaci\u00f3n laboral espa\u00f1ola que ha impuesto l\u00edmites a la subcontrataci\u00f3n de servicios dirigida a la protecci\u00f3n de  los trabajadores subcontratados. En particular se ha estudiado y defendido la adecuaci\u00f3n al art\u00edculo 56 del tratado de  de los mecanismos de extensi\u00f3n de responsabilidad en materia salarial, de seguridad social y sancionadora, as\u00ed como de los l\u00edmites a la subcontrataci\u00f3n impuestos por la ley 32\/2006 en materia de subcontrataci\u00f3n en el sector de la construcci\u00f3n.  este tratamiento de la subcontrataci\u00f3n nos ha conducido tambi\u00e9n necesariamente a analizar la endeble frontera entre la contrata y la cesi\u00f3n ilegal de trabajadores desplazados. Baste se\u00f1alar en este sentido que la posibilidad que tienen actualmente los estados de determinar el concepto de trabajador, permite poner ciertos l\u00edmites legales a la cesi\u00f3n ilegal y al desplazamiento de falsos aut\u00f3nomos.  dicho estudio normativo y metodol\u00f3gico previo nos ha permitido, por \u00faltimo, identificar una serie valores y principios, en el cuarto cap\u00edtulo, de alcance pol\u00edtico-constitucional que subyacen en el derecho comunitario y que responden a una nueva noci\u00f3n de constitucionalismo y, en definitiva, acu\u00f1an una nueva idea de estado de derecho. Hemos ido describiendo, en este sentido, como en los distintos \u00e1mbitos de esta investigaci\u00f3n las categor\u00edas jur\u00eddicas fundamentales que sustentan nuestro ordenamiento,  a estas alturas ya fusionado con el comunitario, han quedado fuertemente impregnadas de categor\u00edas econ\u00f3micas, de un modo que lentamente acaba desconstruyendo el derecho.<\/p>\n<p>&nbsp;<\/p>\n<h3>Datos acad\u00e9micos de la tesis doctoral \u00ab<strong>El desplazamiento transnacional de trabajadores<\/strong>\u00ab<\/h3>\n<ul>\n<li><strong>T\u00edtulo de la tesis:<\/strong>\u00a0 El desplazamiento transnacional de trabajadores <\/li>\n<li><strong>Autor:<\/strong>\u00a0 Mireia Llobera  Vila <\/li>\n<li><strong>Universidad:<\/strong>\u00a0 Universitat de val\u00e9ncia (estudi general)<\/li>\n<li><strong>Fecha de lectura de la tesis:<\/strong>\u00a0 25\/01\/2010<\/li>\n<\/ul>\n<p>&nbsp;<\/p>\n<h3>Direcci\u00f3n y tribunal<\/h3>\n<ul>\n<li><strong>Director de la tesis<\/strong>\n<ul>\n<li>Juan L\u00f3pez Gand\u00eda<\/li>\n<\/ul>\n<\/li>\n<li><strong>Tribunal<\/strong>\n<ul>\n<li>Presidente del tribunal: Juan  manuel Ramirez Martinez <\/li>\n<li>Miguel Rodriguez pi\u00f1ero royo (vocal)<\/li>\n<li>Antonio Baylos grau (vocal)<\/li>\n<li>teresa P\u00e9rez del r\u00edo (vocal)<\/li>\n<\/ul>\n<\/li>\n<\/ul>\n<p>&nbsp;<\/p>\n","protected":false},"excerpt":{"rendered":"<p>Tesis doctoral de Mireia Llobera Vila La investigaci\u00f3n se ha dirigido al estudio del desplazamiento transnacional de trabajadores, en tanto [&hellip;]<\/p>\n","protected":false},"author":1,"featured_media":0,"comment_status":"open","ping_status":"open","sticky":false,"template":"","format":"standard","meta":{"site-sidebar-layout":"default","site-content-layout":"","ast-site-content-layout":"","site-content-style":"default","site-sidebar-style":"default","ast-global-header-display":"","ast-banner-title-visibility":"","ast-main-header-display":"","ast-hfb-above-header-display":"","ast-hfb-below-header-display":"","ast-hfb-mobile-header-display":"","site-post-title":"","ast-breadcrumbs-content":"","ast-featured-img":"","footer-sml-layout":"","theme-transparent-header-meta":"","adv-header-id-meta":"","stick-header-meta":"","header-above-stick-meta":"","header-main-stick-meta":"","header-below-stick-meta":"","astra-migrate-meta-layouts":"default","ast-page-background-enabled":"default","ast-page-background-meta":{"desktop":{"background-color":"var(--ast-global-color-4)","background-image":"","background-repeat":"repeat","background-position":"center center","background-size":"auto","background-attachment":"scroll","background-type":"","background-media":"","overlay-type":"","overlay-color":"","overlay-gradient":""},"tablet":{"background-color":"","background-image":"","background-repeat":"repeat","background-position":"center center","background-size":"auto","background-attachment":"scroll","background-type":"","background-media":"","overlay-type":"","overlay-color":"","overlay-gradient":""},"mobile":{"background-color":"","background-image":"","background-repeat":"repeat","background-position":"center center","background-size":"auto","background-attachment":"scroll","background-type":"","background-media":"","overlay-type":"","overlay-color":"","overlay-gradient":""}},"ast-content-background-meta":{"desktop":{"background-color":"var(--ast-global-color-5)","background-image":"","background-repeat":"repeat","background-position":"center center","background-size":"auto","background-attachment":"scroll","background-type":"","background-media":"","overlay-type":"","overlay-color":"","overlay-gradient":""},"tablet":{"background-color":"var(--ast-global-color-5)","background-image":"","background-repeat":"repeat","background-position":"center center","background-size":"auto","background-attachment":"scroll","background-type":"","background-media":"","overlay-type":"","overlay-color":"","overlay-gradient":""},"mobile":{"background-color":"var(--ast-global-color-5)","background-image":"","background-repeat":"repeat","background-position":"center center","background-size":"auto","background-attachment":"scroll","background-type":"","background-media":"","overlay-type":"","overlay-color":"","overlay-gradient":""}},"footnotes":""},"categories":[1450,2170,1211],"tags":[18714,26860,22849,65761,201894,54151],"class_list":["post-98798","post","type-post","status-publish","format-standard","hentry","category-derecho-constitucional","category-derecho-del-trabajo-y-de-la-seguridad-social","category-derecho-internacional","tag-antonio-baylos-grau","tag-juan-lopez-gandia","tag-juan-manuel-ramirez-Martinez","tag-miguel-rodriguez-pinero-royo","tag-mireia-llobera-vila","tag-teresa-perez-del-rio"],"_links":{"self":[{"href":"https:\/\/www.deberes.net\/tesis\/wp-json\/wp\/v2\/posts\/98798","targetHints":{"allow":["GET"]}}],"collection":[{"href":"https:\/\/www.deberes.net\/tesis\/wp-json\/wp\/v2\/posts"}],"about":[{"href":"https:\/\/www.deberes.net\/tesis\/wp-json\/wp\/v2\/types\/post"}],"author":[{"embeddable":true,"href":"https:\/\/www.deberes.net\/tesis\/wp-json\/wp\/v2\/users\/1"}],"replies":[{"embeddable":true,"href":"https:\/\/www.deberes.net\/tesis\/wp-json\/wp\/v2\/comments?post=98798"}],"version-history":[{"count":0,"href":"https:\/\/www.deberes.net\/tesis\/wp-json\/wp\/v2\/posts\/98798\/revisions"}],"wp:attachment":[{"href":"https:\/\/www.deberes.net\/tesis\/wp-json\/wp\/v2\/media?parent=98798"}],"wp:term":[{"taxonomy":"category","embeddable":true,"href":"https:\/\/www.deberes.net\/tesis\/wp-json\/wp\/v2\/categories?post=98798"},{"taxonomy":"post_tag","embeddable":true,"href":"https:\/\/www.deberes.net\/tesis\/wp-json\/wp\/v2\/tags?post=98798"}],"curies":[{"name":"wp","href":"https:\/\/api.w.org\/{rel}","templated":true}]}}