{"id":98810,"date":"2018-03-11T10:19:44","date_gmt":"2018-03-11T10:19:44","guid":{"rendered":"https:\/\/www.deberes.net\/tesis\/sin-categoria\/educacion-ambiental-y-formacion-del-profesorado-en-mexico-estudio-de-perfiles-ambientales-en-las-escuelas-normales-de-sonora\/"},"modified":"2018-03-11T10:19:44","modified_gmt":"2018-03-11T10:19:44","slug":"educacion-ambiental-y-formacion-del-profesorado-en-mexico-estudio-de-perfiles-ambientales-en-las-escuelas-normales-de-sonora","status":"publish","type":"post","link":"https:\/\/www.deberes.net\/tesis\/preparacion-de-profesores\/educacion-ambiental-y-formacion-del-profesorado-en-mexico-estudio-de-perfiles-ambientales-en-las-escuelas-normales-de-sonora\/","title":{"rendered":"Educaci\u00f3n ambiental y formaci\u00f3n del profesorado en m\u00e9xico: estudio de perfiles ambientales en las escuelas normales de sonora"},"content":{"rendered":"<h2>Tesis doctoral de <strong> Beatriz Olivia Camarena  Gomez <\/strong><\/h2>\n<p>Esta investigaci\u00f3n explora en el imaginario social de estudiantes y docentes de profesorado inicial en sonora, m\u00e9xico, sus respectivos perfiles ambientales para indagar la orientaci\u00f3n ambiental que presentan  en el marco de las fases que integran la escala social de valores (compuesta por escalas ya probadas respecto a valores, conciencia, paradigma, actitud y comportamiento). Si bien el estudio se centra en los actores sociales, la reflexi\u00f3n remite a las organizaciones sociales, a sus reglas y los procesos. Esto, por considerar que las circunstancias externas (marco institucional, formal, establecido) modifican los procesos internos (perfil ambiental); y que a la inversa, tambi\u00e9n sucede lo mismo.  el an\u00e1lisis de resultados del estudio emp\u00edrico consisti\u00f3 en la estimaci\u00f3n de diferencias significativas (inter y intra gremio) tomando en consideraci\u00f3n cinco variables como criterios de segmentaci\u00f3n (sexo, contexto escolar, edad o semestre escolar en curso; y formaci\u00f3n ambiental), para lo cual se procedi\u00f3 con el test de levene y la prueba t para igualdad de medias. La acotaci\u00f3n de perfiles ambientales implic\u00f3 el an\u00e1lisis factorial de componentes principales con rotaci\u00f3n varimax; as\u00ed como el an\u00e1lisis de conglomerado (k-media)  para identificar los principales agrupamientos. Identificados los clusters, se explor\u00f3 tambi\u00e9n la relaci\u00f3n existente entre la pertenencia a los agrupamientos y las variables sociodemogr\u00e1ficas de inter\u00e9s (an\u00e1lisis de ji-cuadrado de pearson).  el acercamiento al perfil ambiental predominante en cada gremio, muestra algunos aspectos posibles de mejorar particularmente referidos al paradigma y comportamiento ambiental -sobre todo en estudiantes-. Se concluye que es importante realizar estudios de este tipo, a manera de diagn\u00f3stico previo a la estrategia de intervenci\u00f3n educativa, porque permiten destacar esas \u00e1reas de oportunidad que presenta el grupo de inter\u00e9s y en ese sentido, reorientar el programa de educaci\u00f3n ambiental a implementar, en el af\u00e1n de garantizar mejores resultados.<\/p>\n<p>&nbsp;<\/p>\n<h3>Datos acad\u00e9micos de la tesis doctoral \u00ab<strong>Educaci\u00f3n ambiental y formaci\u00f3n del profesorado en m\u00e9xico: estudio de perfiles ambientales en las escuelas normales de sonora<\/strong>\u00ab<\/h3>\n<ul>\n<li><strong>T\u00edtulo de la tesis:<\/strong>\u00a0 Educaci\u00f3n ambiental y formaci\u00f3n del profesorado en m\u00e9xico: estudio de perfiles ambientales en las escuelas normales de sonora <\/li>\n<li><strong>Autor:<\/strong>\u00a0 Beatriz Olivia Camarena  Gomez <\/li>\n<li><strong>Universidad:<\/strong>\u00a0 Salamanca<\/li>\n<li><strong>Fecha de lectura de la tesis:<\/strong>\u00a0 25\/01\/2010<\/li>\n<\/ul>\n<p>&nbsp;<\/p>\n<h3>Direcci\u00f3n y tribunal<\/h3>\n<ul>\n<li><strong>Director de la tesis<\/strong>\n<ul>\n<li>Angela Barron Ruiz<\/li>\n<\/ul>\n<\/li>\n<li><strong>Tribunal<\/strong>\n<ul>\n<li>Presidente del tribunal: pilar Aznar minguet <\/li>\n<li>Francisco Aramburu ordozgoiti (vocal)<\/li>\n<li>jordi Segalas coral (vocal)<\/li>\n<li>Jos\u00e9 Guti\u00e9rrez p\u00e9rez (vocal)<\/li>\n<\/ul>\n<\/li>\n<\/ul>\n<p>&nbsp;<\/p>\n","protected":false},"excerpt":{"rendered":"<p>Tesis doctoral de Beatriz Olivia Camarena Gomez Esta investigaci\u00f3n explora en el imaginario social de estudiantes y docentes de profesorado [&hellip;]<\/p>\n","protected":false},"author":1,"featured_media":0,"comment_status":"open","ping_status":"open","sticky":false,"template":"","format":"standard","meta":{"site-sidebar-layout":"default","site-content-layout":"","ast-site-content-layout":"","site-content-style":"default","site-sidebar-style":"default","ast-global-header-display":"","ast-banner-title-visibility":"","ast-main-header-display":"","ast-hfb-above-header-display":"","ast-hfb-below-header-display":"","ast-hfb-mobile-header-display":"","site-post-title":"","ast-breadcrumbs-content":"","ast-featured-img":"","footer-sml-layout":"","theme-transparent-header-meta":"","adv-header-id-meta":"","stick-header-meta":"","header-above-stick-meta":"","header-main-stick-meta":"","header-below-stick-meta":"","astra-migrate-meta-layouts":"default","ast-page-background-enabled":"default","ast-page-background-meta":{"desktop":{"background-color":"var(--ast-global-color-4)","background-image":"","background-repeat":"repeat","background-position":"center center","background-size":"auto","background-attachment":"scroll","background-type":"","background-media":"","overlay-type":"","overlay-color":"","overlay-gradient":""},"tablet":{"background-color":"","background-image":"","background-repeat":"repeat","background-position":"center center","background-size":"auto","background-attachment":"scroll","background-type":"","background-media":"","overlay-type":"","overlay-color":"","overlay-gradient":""},"mobile":{"background-color":"","background-image":"","background-repeat":"repeat","background-position":"center center","background-size":"auto","background-attachment":"scroll","background-type":"","background-media":"","overlay-type":"","overlay-color":"","overlay-gradient":""}},"ast-content-background-meta":{"desktop":{"background-color":"var(--ast-global-color-5)","background-image":"","background-repeat":"repeat","background-position":"center center","background-size":"auto","background-attachment":"scroll","background-type":"","background-media":"","overlay-type":"","overlay-color":"","overlay-gradient":""},"tablet":{"background-color":"var(--ast-global-color-5)","background-image":"","background-repeat":"repeat","background-position":"center center","background-size":"auto","background-attachment":"scroll","background-type":"","background-media":"","overlay-type":"","overlay-color":"","overlay-gradient":""},"mobile":{"background-color":"var(--ast-global-color-5)","background-image":"","background-repeat":"repeat","background-position":"center center","background-size":"auto","background-attachment":"scroll","background-type":"","background-media":"","overlay-type":"","overlay-color":"","overlay-gradient":""}},"footnotes":""},"categories":[2871,11204,1340,1288,9386],"tags":[118372,201909,201910,197820,37033,11650],"class_list":["post-98810","post","type-post","status-publish","format-standard","hentry","category-analisis-por-escalas-en-psicologia","category-comportamiento-colectivo","category-planes-de-estudios","category-preparacion-de-profesores","category-salamanca","tag-angela-barron-ruiz","tag-beatriz-olivia-camarena-gomez","tag-francisco-aramburu-ordozgoiti","tag-jordi-segalas-coral","tag-jose-gutierrez-perez","tag-pilar-aznar-minguet"],"_links":{"self":[{"href":"https:\/\/www.deberes.net\/tesis\/wp-json\/wp\/v2\/posts\/98810","targetHints":{"allow":["GET"]}}],"collection":[{"href":"https:\/\/www.deberes.net\/tesis\/wp-json\/wp\/v2\/posts"}],"about":[{"href":"https:\/\/www.deberes.net\/tesis\/wp-json\/wp\/v2\/types\/post"}],"author":[{"embeddable":true,"href":"https:\/\/www.deberes.net\/tesis\/wp-json\/wp\/v2\/users\/1"}],"replies":[{"embeddable":true,"href":"https:\/\/www.deberes.net\/tesis\/wp-json\/wp\/v2\/comments?post=98810"}],"version-history":[{"count":0,"href":"https:\/\/www.deberes.net\/tesis\/wp-json\/wp\/v2\/posts\/98810\/revisions"}],"wp:attachment":[{"href":"https:\/\/www.deberes.net\/tesis\/wp-json\/wp\/v2\/media?parent=98810"}],"wp:term":[{"taxonomy":"category","embeddable":true,"href":"https:\/\/www.deberes.net\/tesis\/wp-json\/wp\/v2\/categories?post=98810"},{"taxonomy":"post_tag","embeddable":true,"href":"https:\/\/www.deberes.net\/tesis\/wp-json\/wp\/v2\/tags?post=98810"}],"curies":[{"name":"wp","href":"https:\/\/api.w.org\/{rel}","templated":true}]}}