{"id":98860,"date":"2018-03-11T10:19:44","date_gmt":"2018-03-11T10:19:44","guid":{"rendered":"https:\/\/www.deberes.net\/tesis\/sin-categoria\/diseno-y-validacion-de-un-instrumento-de-medida-de-la-eficacia-de-las-actividades-de-investigacion-y-desarrollo-evidencia-empa%c2%adrica-en-el-sector-farmaceutico-en-espana\/"},"modified":"2018-03-11T10:19:44","modified_gmt":"2018-03-11T10:19:44","slug":"diseno-y-validacion-de-un-instrumento-de-medida-de-la-eficacia-de-las-actividades-de-investigacion-y-desarrollo-evidencia-empa%c2%adrica-en-el-sector-farmaceutico-en-espana","status":"publish","type":"post","link":"https:\/\/www.deberes.net\/tesis\/cadiz\/diseno-y-validacion-de-un-instrumento-de-medida-de-la-eficacia-de-las-actividades-de-investigacion-y-desarrollo-evidencia-empa%c2%adrica-en-el-sector-farmaceutico-en-espana\/","title":{"rendered":"Dise\u00f1o y validaci\u00f3n de un instrumento de medida de la eficacia de las actividades de investigaci\u00f3n y desarrollo: evidencia emp\u00edrica en el sector farmace\u00fatico en espa\u00f1a"},"content":{"rendered":"<h2>Tesis doctoral de <strong> Eva Mar\u00eda Mulero Mendigorri <\/strong><\/h2>\n<p>El objetivo principal de la tesis es el dise\u00f1o y validaci\u00f3n de un instrumento de medida de la eficacia de las actividades de i+d. Para ello se ha realizado una amplia validaci\u00f3n de contenido de la escala, con el fin de recabar todos los aspectos e indicadores que pudieran inluir en la eficacia de las actividades de i+d. La escala se ha validado en el sector farmace\u00fatico espa\u00f1ol, en una muestra de 85 empresas. Se han realizado estudios de validez de la escala, entendida como consistencia interna y se han aportado indicios de validez concurrente, discriminante, nomot\u00e9tica y de criterio.<\/p>\n<p>&nbsp;<\/p>\n<h3>Datos acad\u00e9micos de la tesis doctoral \u00ab<strong>Dise\u00f1o y validaci\u00f3n de un instrumento de medida de la eficacia de las actividades de investigaci\u00f3n y desarrollo: evidencia emp\u00edrica en el sector farmace\u00fatico en espa\u00f1a<\/strong>\u00ab<\/h3>\n<ul>\n<li><strong>T\u00edtulo de la tesis:<\/strong>\u00a0 Dise\u00f1o y validaci\u00f3n de un instrumento de medida de la eficacia de las actividades de investigaci\u00f3n y desarrollo: evidencia emp\u00edrica en el sector farmace\u00fatico en espa\u00f1a <\/li>\n<li><strong>Autor:<\/strong>\u00a0 Eva Mar\u00eda Mulero Mendigorri <\/li>\n<li><strong>Universidad:<\/strong>\u00a0 C\u00e1diz<\/li>\n<li><strong>Fecha de lectura de la tesis:<\/strong>\u00a0 28\/01\/2010<\/li>\n<\/ul>\n<p>&nbsp;<\/p>\n<h3>Direcci\u00f3n y tribunal<\/h3>\n<ul>\n<li><strong>Director de la tesis<\/strong>\n<ul>\n<li>Teresa Garcia Valderrama<\/li>\n<\/ul>\n<\/li>\n<li><strong>Tribunal<\/strong>\n<ul>\n<li>Presidente del tribunal: joaquina Laffarga briones <\/li>\n<li>bernab\u00e9 Escobar p\u00e9rez (vocal)<\/li>\n<li>\u00f3scar Lozano rojas (vocal)<\/li>\n<li>gonzalo S\u00e1nchez gardey (vocal)<\/li>\n<\/ul>\n<\/li>\n<\/ul>\n<p>&nbsp;<\/p>\n","protected":false},"excerpt":{"rendered":"<p>Tesis doctoral de Eva Mar\u00eda Mulero Mendigorri El objetivo principal de la tesis es el dise\u00f1o y validaci\u00f3n de un [&hellip;]<\/p>\n","protected":false},"author":1,"featured_media":0,"comment_status":"open","ping_status":"open","sticky":false,"template":"","format":"standard","meta":{"site-sidebar-layout":"default","site-content-layout":"","ast-site-content-layout":"","site-content-style":"default","site-sidebar-style":"default","ast-global-header-display":"","ast-banner-title-visibility":"","ast-main-header-display":"","ast-hfb-above-header-display":"","ast-hfb-below-header-display":"","ast-hfb-mobile-header-display":"","site-post-title":"","ast-breadcrumbs-content":"","ast-featured-img":"","footer-sml-layout":"","theme-transparent-header-meta":"","adv-header-id-meta":"","stick-header-meta":"","header-above-stick-meta":"","header-main-stick-meta":"","header-below-stick-meta":"","astra-migrate-meta-layouts":"default","ast-page-background-enabled":"default","ast-page-background-meta":{"desktop":{"background-color":"var(--ast-global-color-4)","background-image":"","background-repeat":"repeat","background-position":"center center","background-size":"auto","background-attachment":"scroll","background-type":"","background-media":"","overlay-type":"","overlay-color":"","overlay-gradient":""},"tablet":{"background-color":"","background-image":"","background-repeat":"repeat","background-position":"center center","background-size":"auto","background-attachment":"scroll","background-type":"","background-media":"","overlay-type":"","overlay-color":"","overlay-gradient":""},"mobile":{"background-color":"","background-image":"","background-repeat":"repeat","background-position":"center center","background-size":"auto","background-attachment":"scroll","background-type":"","background-media":"","overlay-type":"","overlay-color":"","overlay-gradient":""}},"ast-content-background-meta":{"desktop":{"background-color":"var(--ast-global-color-5)","background-image":"","background-repeat":"repeat","background-position":"center center","background-size":"auto","background-attachment":"scroll","background-type":"","background-media":"","overlay-type":"","overlay-color":"","overlay-gradient":""},"tablet":{"background-color":"var(--ast-global-color-5)","background-image":"","background-repeat":"repeat","background-position":"center center","background-size":"auto","background-attachment":"scroll","background-type":"","background-media":"","overlay-type":"","overlay-color":"","overlay-gradient":""},"mobile":{"background-color":"var(--ast-global-color-5)","background-image":"","background-repeat":"repeat","background-position":"center center","background-size":"auto","background-attachment":"scroll","background-type":"","background-media":"","overlay-type":"","overlay-color":"","overlay-gradient":""}},"footnotes":""},"categories":[2871,1506,1699,25738,20807],"tags":[69928,201987,117302,1701,200641,20596],"class_list":["post-98860","post","type-post","status-publish","format-standard","hentry","category-analisis-por-escalas-en-psicologia","category-cadiz","category-contabilidad-financiera","category-economia-de-la-investigacion-y-del-desarrollo","category-sector-de-investigacion-y-desarrollo","tag-bernabe-escobar-perez","tag-eva-maria-mulero-mendigorri","tag-gonzalo-sanchez-gardey","tag-joaquina-laffarga-briones","tag-oscar-lozano-rojas","tag-teresa-garcia-valderrama"],"_links":{"self":[{"href":"https:\/\/www.deberes.net\/tesis\/wp-json\/wp\/v2\/posts\/98860","targetHints":{"allow":["GET"]}}],"collection":[{"href":"https:\/\/www.deberes.net\/tesis\/wp-json\/wp\/v2\/posts"}],"about":[{"href":"https:\/\/www.deberes.net\/tesis\/wp-json\/wp\/v2\/types\/post"}],"author":[{"embeddable":true,"href":"https:\/\/www.deberes.net\/tesis\/wp-json\/wp\/v2\/users\/1"}],"replies":[{"embeddable":true,"href":"https:\/\/www.deberes.net\/tesis\/wp-json\/wp\/v2\/comments?post=98860"}],"version-history":[{"count":0,"href":"https:\/\/www.deberes.net\/tesis\/wp-json\/wp\/v2\/posts\/98860\/revisions"}],"wp:attachment":[{"href":"https:\/\/www.deberes.net\/tesis\/wp-json\/wp\/v2\/media?parent=98860"}],"wp:term":[{"taxonomy":"category","embeddable":true,"href":"https:\/\/www.deberes.net\/tesis\/wp-json\/wp\/v2\/categories?post=98860"},{"taxonomy":"post_tag","embeddable":true,"href":"https:\/\/www.deberes.net\/tesis\/wp-json\/wp\/v2\/tags?post=98860"}],"curies":[{"name":"wp","href":"https:\/\/api.w.org\/{rel}","templated":true}]}}