{"id":98861,"date":"2018-03-11T10:19:44","date_gmt":"2018-03-11T10:19:44","guid":{"rendered":"https:\/\/www.deberes.net\/tesis\/sin-categoria\/prevencion-y-castigo-del-blanqueo-de-capitales-una-aproximacion-desde-el-analisis-economico-del-derecho\/"},"modified":"2018-03-11T10:19:44","modified_gmt":"2018-03-11T10:19:44","slug":"prevencion-y-castigo-del-blanqueo-de-capitales-una-aproximacion-desde-el-analisis-economico-del-derecho","status":"publish","type":"post","link":"https:\/\/www.deberes.net\/tesis\/ciencias-juridicas-y-derecho\/prevencion-y-castigo-del-blanqueo-de-capitales-una-aproximacion-desde-el-analisis-economico-del-derecho\/","title":{"rendered":"Prevenci\u00f3n y castigo del blanqueo de capitales. una aproximaci\u00f3n desde el an\u00e1lisis econ\u00f3mico del derecho."},"content":{"rendered":"<h2>Tesis doctoral de <strong> Mateo Bermejo <\/strong><\/h2>\n<p>El presente trabajo aborda el estudio del fen\u00f3meno del blanqueo de capitales y de los instrumentos jur\u00eddicos de prevenci\u00f3n y castigo del mismo, desde la perspectiva metodol\u00f3gica del an\u00e1lisis econ\u00f3mico del derecho. En este marco se analizan tanto la lesividad social del blanqueo de capitales como la respuesta de pol\u00edtica jur\u00eddica orientada a su reducci\u00f3n, con base en el supuesto conductual de racionalidad instrumental de los individuos y con el criterio de eficiencia como baremo orientador. La finalidad del trabajo es doble: por un lado, justificar la prohibici\u00f3n del blanqueo de capitales con fundamento en el da\u00f1o social que origina dicha actividad y, por otro, subordinar la justificaci\u00f3n del sistema de prevenci\u00f3n y castigo a que la evaluaci\u00f3n del mismo evidencie que resulta eficiente en la reducci\u00f3n de dichos da\u00f1os sociales. Last but not least, se pretende que las conclusiones alcanzadas pongan de manifiesto la utilidad del an\u00e1lisis econ\u00f3mico del derecho para el an\u00e1lisis y la evaluaci\u00f3n de la pol\u00edtica jur\u00eddica.<\/p>\n<p>&nbsp;<\/p>\n<h3>Datos acad\u00e9micos de la tesis doctoral \u00ab<strong>Prevenci\u00f3n y castigo del blanqueo de capitales. una aproximaci\u00f3n desde el an\u00e1lisis econ\u00f3mico del derecho.<\/strong>\u00ab<\/h3>\n<ul>\n<li><strong>T\u00edtulo de la tesis:<\/strong>\u00a0 Prevenci\u00f3n y castigo del blanqueo de capitales. una aproximaci\u00f3n desde el an\u00e1lisis econ\u00f3mico del derecho. <\/li>\n<li><strong>Autor:<\/strong>\u00a0 Mateo Bermejo <\/li>\n<li><strong>Universidad:<\/strong>\u00a0 Pompeu fabra<\/li>\n<li><strong>Fecha de lectura de la tesis:<\/strong>\u00a0 28\/01\/2010<\/li>\n<\/ul>\n<p>&nbsp;<\/p>\n<h3>Direcci\u00f3n y tribunal<\/h3>\n<ul>\n<li><strong>Director de la tesis<\/strong>\n<ul>\n<li>Jes\u00fas Mar\u00eda Silva S\u00e1nchez<\/li>\n<\/ul>\n<\/li>\n<li><strong>Tribunal<\/strong>\n<ul>\n<li>Presidente del tribunal: Jos\u00e9 Luis Diez ripolles <\/li>\n<li>i\u00f1igo Ortiz de urbina (vocal)<\/li>\n<li>bernardo Feijo\u00f3 s\u00e1nchez (vocal)<\/li>\n<li>ad\u00e1n Nieto mart\u00edn (vocal)<\/li>\n<\/ul>\n<\/li>\n<\/ul>\n<p>&nbsp;<\/p>\n","protected":false},"excerpt":{"rendered":"<p>Tesis doctoral de Mateo Bermejo El presente trabajo aborda el estudio del fen\u00f3meno del blanqueo de capitales y de los [&hellip;]<\/p>\n","protected":false},"author":1,"featured_media":0,"comment_status":"open","ping_status":"open","sticky":false,"template":"","format":"standard","meta":{"site-sidebar-layout":"default","site-content-layout":"","ast-site-content-layout":"","site-content-style":"default","site-sidebar-style":"default","ast-global-header-display":"","ast-banner-title-visibility":"","ast-main-header-display":"","ast-hfb-above-header-display":"","ast-hfb-below-header-display":"","ast-hfb-mobile-header-display":"","site-post-title":"","ast-breadcrumbs-content":"","ast-featured-img":"","footer-sml-layout":"","theme-transparent-header-meta":"","adv-header-id-meta":"","stick-header-meta":"","header-above-stick-meta":"","header-main-stick-meta":"","header-below-stick-meta":"","astra-migrate-meta-layouts":"default","ast-page-background-enabled":"default","ast-page-background-meta":{"desktop":{"background-color":"var(--ast-global-color-4)","background-image":"","background-repeat":"repeat","background-position":"center center","background-size":"auto","background-attachment":"scroll","background-type":"","background-media":"","overlay-type":"","overlay-color":"","overlay-gradient":""},"tablet":{"background-color":"","background-image":"","background-repeat":"repeat","background-position":"center center","background-size":"auto","background-attachment":"scroll","background-type":"","background-media":"","overlay-type":"","overlay-color":"","overlay-gradient":""},"mobile":{"background-color":"","background-image":"","background-repeat":"repeat","background-position":"center center","background-size":"auto","background-attachment":"scroll","background-type":"","background-media":"","overlay-type":"","overlay-color":"","overlay-gradient":""}},"ast-content-background-meta":{"desktop":{"background-color":"var(--ast-global-color-5)","background-image":"","background-repeat":"repeat","background-position":"center center","background-size":"auto","background-attachment":"scroll","background-type":"","background-media":"","overlay-type":"","overlay-color":"","overlay-gradient":""},"tablet":{"background-color":"var(--ast-global-color-5)","background-image":"","background-repeat":"repeat","background-position":"center center","background-size":"auto","background-attachment":"scroll","background-type":"","background-media":"","overlay-type":"","overlay-color":"","overlay-gradient":""},"mobile":{"background-color":"var(--ast-global-color-5)","background-image":"","background-repeat":"repeat","background-position":"center center","background-size":"auto","background-attachment":"scroll","background-type":"","background-media":"","overlay-type":"","overlay-color":"","overlay-gradient":""}},"footnotes":""},"categories":[612,613,18712],"tags":[18511,87734,74866,4561,10952,201988],"class_list":["post-98861","post","type-post","status-publish","format-standard","hentry","category-ciencias-juridicas-y-derecho","category-derecho-penal","category-pompeu-fabra","tag-adan-nieto-martin","tag-bernardo-feijoo-sanchez","tag-inigo-ortiz-de-urbina","tag-jesus-maria-silva-sanchez","tag-jose-luis-diez-ripolles","tag-mateo-bermejo"],"_links":{"self":[{"href":"https:\/\/www.deberes.net\/tesis\/wp-json\/wp\/v2\/posts\/98861","targetHints":{"allow":["GET"]}}],"collection":[{"href":"https:\/\/www.deberes.net\/tesis\/wp-json\/wp\/v2\/posts"}],"about":[{"href":"https:\/\/www.deberes.net\/tesis\/wp-json\/wp\/v2\/types\/post"}],"author":[{"embeddable":true,"href":"https:\/\/www.deberes.net\/tesis\/wp-json\/wp\/v2\/users\/1"}],"replies":[{"embeddable":true,"href":"https:\/\/www.deberes.net\/tesis\/wp-json\/wp\/v2\/comments?post=98861"}],"version-history":[{"count":0,"href":"https:\/\/www.deberes.net\/tesis\/wp-json\/wp\/v2\/posts\/98861\/revisions"}],"wp:attachment":[{"href":"https:\/\/www.deberes.net\/tesis\/wp-json\/wp\/v2\/media?parent=98861"}],"wp:term":[{"taxonomy":"category","embeddable":true,"href":"https:\/\/www.deberes.net\/tesis\/wp-json\/wp\/v2\/categories?post=98861"},{"taxonomy":"post_tag","embeddable":true,"href":"https:\/\/www.deberes.net\/tesis\/wp-json\/wp\/v2\/tags?post=98861"}],"curies":[{"name":"wp","href":"https:\/\/api.w.org\/{rel}","templated":true}]}}