{"id":98918,"date":"2018-03-11T10:19:49","date_gmt":"2018-03-11T10:19:49","guid":{"rendered":"https:\/\/www.deberes.net\/tesis\/sin-categoria\/un-estudio-etnografico-en-el-campo-de-la-innovacion-educativa-el-programa-experimental-aulas-taller\/"},"modified":"2018-03-11T10:19:49","modified_gmt":"2018-03-11T10:19:49","slug":"un-estudio-etnografico-en-el-campo-de-la-innovacion-educativa-el-programa-experimental-aulas-taller","status":"publish","type":"post","link":"https:\/\/www.deberes.net\/tesis\/etnografia-y-etnologia\/un-estudio-etnografico-en-el-campo-de-la-innovacion-educativa-el-programa-experimental-aulas-taller\/","title":{"rendered":"Un estudio etnografico en el campo de la innovacion educativa: el programa experimental aulas taller"},"content":{"rendered":"<h2>Tesis doctoral de <strong> Concepcion Riera Quintana <\/strong><\/h2>\n<p>La presente investigaci\u00f3n tiene como objeto de estudio el programa aulas taller (pat), una innovaci\u00f3n educativa que se desarroll\u00f3 con car\u00e1cter experimental en treinta y dos centros p\u00fablicos de la comunidad aut\u00f3noma canaria durante la d\u00e9cada de los 90. El pat se inici\u00f3 con la finalidad de favorecer la integraci\u00f3n del alumnado con necesidades educativas especiales en el \u00faltimo tramo de la ense\u00f1anza obligatoria, y su puesta en marcha supuso el desarrollo de un proceso de cambio global en los centros que participaron en la experiencia. el principal objetivo que ha guiado esta investigaci\u00f3n ha sido el de conocer y comprender en profundidad el d\u00eda a d\u00eda de esta experiencia innovadora, y describir e interpretar el proceso de cambio propuesto por el pat. Con esta finalidad, se seleccion\u00f3 un colegio adscrito al programa en la isla de tenerife y se llev\u00f3 a cabo un estudio etnogr\u00e1fico que analiza, de manera cr\u00edtica, el desarrollo del pat en la pr\u00e1ctica (tanto en el centro como en la coordinaci\u00f3n general) durante el per\u00edodo comprendido entre el a\u00f1o 1994 y el a\u00f1o 1996, en el que finaliz\u00f3 el trabajo de campo. el informe est\u00e1 organizado en cinco cap\u00edtulos. El primero est\u00e1 dedicado a contextualizar te\u00f3ricamente la experiencia, y describe tanto los referentes sobre los que se fue construyendo el programa como el armaz\u00f3n te\u00f3rico utilizado para su an\u00e1lisis; el segundo cap\u00edtulo expone cronol\u00f3gicamente el desarrollo metodol\u00f3gico del estudio, incluyendo una reflexi\u00f3n cr\u00edtica sobre el proceso de investigaci\u00f3n; en el cap\u00edtulo iii se describen los dos escenarios principales de la investigaci\u00f3n (la coordinaci\u00f3n general del pat y el colegio seleccionado para su estudio) haciendo un recorrido hist\u00f3rico desde su creaci\u00f3n en el a\u00f1o 1990 hasta el curso 1995-1996; el cap\u00edtulo iv analiza e interpreta la informaci\u00f3n recogida durante el desarrollo pr\u00e1ctico de la experiencia; por \u00faltimo, el cap\u00edtulo v se presenta a modo de recapitulaci\u00f3n de los anteriores, presentando las principales ideas que queremos resaltar del recorrido de la innovaci\u00f3n y abriendo nuevas l\u00edneas de indagaci\u00f3n.<\/p>\n<p>&nbsp;<\/p>\n<h3>Datos acad\u00e9micos de la tesis doctoral \u00ab<strong>Un estudio etnografico en el campo de la innovacion educativa: el programa experimental aulas taller<\/strong>\u00ab<\/h3>\n<ul>\n<li><strong>T\u00edtulo de la tesis:<\/strong>\u00a0 Un estudio etnografico en el campo de la innovacion educativa: el programa experimental aulas taller <\/li>\n<li><strong>Autor:<\/strong>\u00a0 Concepcion Riera Quintana <\/li>\n<li><strong>Universidad:<\/strong>\u00a0 La laguna<\/li>\n<li><strong>Fecha de lectura de la tesis:<\/strong>\u00a0 30\/01\/2010<\/li>\n<\/ul>\n<p>&nbsp;<\/p>\n<h3>Direcci\u00f3n y tribunal<\/h3>\n<ul>\n<li><strong>Director de la tesis<\/strong>\n<ul>\n<li>Javier Marrero Acosta<\/li>\n<\/ul>\n<\/li>\n<li><strong>Tribunal<\/strong>\n<ul>\n<li>Presidente del tribunal: angel P\u00e9rez g\u00f3mez <\/li>\n<li>Juan  a. Yanes gonz\u00e1lez (vocal)<\/li>\n<li>M\u00aa paz Sand\u00edn esteban (vocal)<\/li>\n<li>jaume Mart\u00ednez bonaf\u00e9 (vocal)<\/li>\n<\/ul>\n<\/li>\n<\/ul>\n<p>&nbsp;<\/p>\n","protected":false},"excerpt":{"rendered":"<p>Tesis doctoral de Concepcion Riera Quintana La presente investigaci\u00f3n tiene como objeto de estudio el programa aulas taller (pat), una [&hellip;]<\/p>\n","protected":false},"author":1,"featured_media":0,"comment_status":"open","ping_status":"open","sticky":false,"template":"","format":"standard","meta":{"site-sidebar-layout":"default","site-content-layout":"","ast-site-content-layout":"","site-content-style":"default","site-sidebar-style":"default","ast-global-header-display":"","ast-banner-title-visibility":"","ast-main-header-display":"","ast-hfb-above-header-display":"","ast-hfb-below-header-display":"","ast-hfb-mobile-header-display":"","site-post-title":"","ast-breadcrumbs-content":"","ast-featured-img":"","footer-sml-layout":"","theme-transparent-header-meta":"","adv-header-id-meta":"","stick-header-meta":"","header-above-stick-meta":"","header-main-stick-meta":"","header-below-stick-meta":"","astra-migrate-meta-layouts":"default","ast-page-background-enabled":"default","ast-page-background-meta":{"desktop":{"background-color":"var(--ast-global-color-4)","background-image":"","background-repeat":"repeat","background-position":"center center","background-size":"auto","background-attachment":"scroll","background-type":"","background-media":"","overlay-type":"","overlay-color":"","overlay-gradient":""},"tablet":{"background-color":"","background-image":"","background-repeat":"repeat","background-position":"center center","background-size":"auto","background-attachment":"scroll","background-type":"","background-media":"","overlay-type":"","overlay-color":"","overlay-gradient":""},"mobile":{"background-color":"","background-image":"","background-repeat":"repeat","background-position":"center center","background-size":"auto","background-attachment":"scroll","background-type":"","background-media":"","overlay-type":"","overlay-color":"","overlay-gradient":""}},"ast-content-background-meta":{"desktop":{"background-color":"var(--ast-global-color-5)","background-image":"","background-repeat":"repeat","background-position":"center center","background-size":"auto","background-attachment":"scroll","background-type":"","background-media":"","overlay-type":"","overlay-color":"","overlay-gradient":""},"tablet":{"background-color":"var(--ast-global-color-5)","background-image":"","background-repeat":"repeat","background-position":"center center","background-size":"auto","background-attachment":"scroll","background-type":"","background-media":"","overlay-type":"","overlay-color":"","overlay-gradient":""},"mobile":{"background-color":"var(--ast-global-color-5)","background-image":"","background-repeat":"repeat","background-position":"center center","background-size":"auto","background-attachment":"scroll","background-type":"","background-media":"","overlay-type":"","overlay-color":"","overlay-gradient":""}},"footnotes":""},"categories":[2623,6222,726,9915,1141],"tags":[7869,202092,10165,1145,202093,74082],"class_list":["post-98918","post","type-post","status-publish","format-standard","hentry","category-educacion-basica","category-educacion-especial","category-etnografia-y-etnologia","category-la-laguna","category-pedagogia","tag-angel-perez-gomez","tag-concepcion-riera-quintana","tag-jaume-Martinez-bonafe","tag-javier-marrero-acosta","tag-juan-a-yanes-gonzalez","tag-ma-paz-sandin-esteban"],"_links":{"self":[{"href":"https:\/\/www.deberes.net\/tesis\/wp-json\/wp\/v2\/posts\/98918","targetHints":{"allow":["GET"]}}],"collection":[{"href":"https:\/\/www.deberes.net\/tesis\/wp-json\/wp\/v2\/posts"}],"about":[{"href":"https:\/\/www.deberes.net\/tesis\/wp-json\/wp\/v2\/types\/post"}],"author":[{"embeddable":true,"href":"https:\/\/www.deberes.net\/tesis\/wp-json\/wp\/v2\/users\/1"}],"replies":[{"embeddable":true,"href":"https:\/\/www.deberes.net\/tesis\/wp-json\/wp\/v2\/comments?post=98918"}],"version-history":[{"count":0,"href":"https:\/\/www.deberes.net\/tesis\/wp-json\/wp\/v2\/posts\/98918\/revisions"}],"wp:attachment":[{"href":"https:\/\/www.deberes.net\/tesis\/wp-json\/wp\/v2\/media?parent=98918"}],"wp:term":[{"taxonomy":"category","embeddable":true,"href":"https:\/\/www.deberes.net\/tesis\/wp-json\/wp\/v2\/categories?post=98918"},{"taxonomy":"post_tag","embeddable":true,"href":"https:\/\/www.deberes.net\/tesis\/wp-json\/wp\/v2\/tags?post=98918"}],"curies":[{"name":"wp","href":"https:\/\/api.w.org\/{rel}","templated":true}]}}