{"id":98926,"date":"2010-01-02T00:00:00","date_gmt":"2010-01-02T00:00:00","guid":{"rendered":"https:\/\/www.deberes.net\/tesis\/sin-categoria\/estudio-de-la-volatilizacion-de-piezas-de-circon-en-atmosfera-reductora-para-su-uso-como-barrera-protectora-y-en-la-produccion-de-electrodos-para-dispositivos-electroqua%c2%admicos\/"},"modified":"2010-01-02T00:00:00","modified_gmt":"2010-01-02T00:00:00","slug":"estudio-de-la-volatilizacion-de-piezas-de-circon-en-atmosfera-reductora-para-su-uso-como-barrera-protectora-y-en-la-produccion-de-electrodos-para-dispositivos-electroqua%c2%admicos","status":"publish","type":"post","link":"https:\/\/www.deberes.net\/tesis\/santiago-de-compostela\/estudio-de-la-volatilizacion-de-piezas-de-circon-en-atmosfera-reductora-para-su-uso-como-barrera-protectora-y-en-la-produccion-de-electrodos-para-dispositivos-electroqua%c2%admicos\/","title":{"rendered":"Estudio de la volatilizaci\u00f3n de piezas de circ\u00f3n en atm\u00f3sfera reductora para su uso como barrera protectora y en la producci\u00f3n de electrodos para dispositivos electroqu\u00edmicos"},"content":{"rendered":"<h2>Tesis doctoral de <strong> Pablo Barreiro Gonz\u00e1lez <\/strong><\/h2>\n<p>Se estudia en la tesis el procedimiento de volatilizaci\u00f3n de circ\u00f3n en atm\u00f3sferas reductoras a altas temperaturas. Esta volatilizaci\u00f3n da lugar a una capa porosa de circona.  este estudio se centra en la estabilizaci\u00f3n con \u00f3xido de itrio de las capas porosas de circona, y el conocimiento de la reacci\u00f3n para su uso en la producci\u00f3n de estas capas o la aplicaci\u00f3n del circ\u00f3n como material protector frente a altas temperaturas o ambientes agresivos.<\/p>\n<p>&nbsp;<\/p>\n<h3>Datos acad\u00e9micos de la tesis doctoral \u00ab<strong>Estudio de la volatilizaci\u00f3n de piezas de circ\u00f3n en atm\u00f3sfera reductora para su uso como barrera protectora y en la producci\u00f3n de electrodos para dispositivos electroqu\u00edmicos<\/strong>\u00ab<\/h3>\n<ul>\n<li><strong>T\u00edtulo de la tesis:<\/strong>\u00a0 Estudio de la volatilizaci\u00f3n de piezas de circ\u00f3n en atm\u00f3sfera reductora para su uso como barrera protectora y en la producci\u00f3n de electrodos para dispositivos electroqu\u00edmicos <\/li>\n<li><strong>Autor:<\/strong>\u00a0 Pablo Barreiro Gonz\u00e1lez <\/li>\n<li><strong>Universidad:<\/strong>\u00a0 Santiago de compostela<\/li>\n<li><strong>Fecha de lectura de la tesis:<\/strong>\u00a0 01\/02\/2010<\/li>\n<\/ul>\n<p>&nbsp;<\/p>\n<h3>Direcci\u00f3n y tribunal<\/h3>\n<ul>\n<li><strong>Director de la tesis<\/strong>\n<ul>\n<li>Francisco Guitian Rivera<\/li>\n<\/ul>\n<\/li>\n<li><strong>Tribunal<\/strong>\n<ul>\n<li>Presidente del tribunal: jose Rivas rey <\/li>\n<li>Juan  Manuel Lema rodicio (vocal)<\/li>\n<li>Jos\u00e9 serafin Moya corral (vocal)<\/li>\n<li>ram\u00f3n Torrecillas san mill\u00e1n (vocal)<\/li>\n<\/ul>\n<\/li>\n<\/ul>\n<p>&nbsp;<\/p>\n","protected":false},"excerpt":{"rendered":"<p>Tesis doctoral de Pablo Barreiro Gonz\u00e1lez Se estudia en la tesis el procedimiento de volatilizaci\u00f3n de circ\u00f3n en atm\u00f3sferas reductoras [&hellip;]<\/p>\n","protected":false},"author":1,"featured_media":0,"comment_status":"open","ping_status":"open","sticky":false,"template":"","format":"standard","meta":{"site-sidebar-layout":"default","site-content-layout":"","ast-site-content-layout":"","site-content-style":"default","site-sidebar-style":"default","ast-global-header-display":"","ast-banner-title-visibility":"","ast-main-header-display":"","ast-hfb-above-header-display":"","ast-hfb-below-header-display":"","ast-hfb-mobile-header-display":"","site-post-title":"","ast-breadcrumbs-content":"","ast-featured-img":"","footer-sml-layout":"","theme-transparent-header-meta":"","adv-header-id-meta":"","stick-header-meta":"","header-above-stick-meta":"","header-main-stick-meta":"","header-below-stick-meta":"","astra-migrate-meta-layouts":"default","ast-page-background-enabled":"default","ast-page-background-meta":{"desktop":{"background-color":"var(--ast-global-color-4)","background-image":"","background-repeat":"repeat","background-position":"center center","background-size":"auto","background-attachment":"scroll","background-type":"","background-media":"","overlay-type":"","overlay-color":"","overlay-gradient":""},"tablet":{"background-color":"","background-image":"","background-repeat":"repeat","background-position":"center center","background-size":"auto","background-attachment":"scroll","background-type":"","background-media":"","overlay-type":"","overlay-color":"","overlay-gradient":""},"mobile":{"background-color":"","background-image":"","background-repeat":"repeat","background-position":"center center","background-size":"auto","background-attachment":"scroll","background-type":"","background-media":"","overlay-type":"","overlay-color":"","overlay-gradient":""}},"ast-content-background-meta":{"desktop":{"background-color":"var(--ast-global-color-5)","background-image":"","background-repeat":"repeat","background-position":"center center","background-size":"auto","background-attachment":"scroll","background-type":"","background-media":"","overlay-type":"","overlay-color":"","overlay-gradient":""},"tablet":{"background-color":"var(--ast-global-color-5)","background-image":"","background-repeat":"repeat","background-position":"center center","background-size":"auto","background-attachment":"scroll","background-type":"","background-media":"","overlay-type":"","overlay-color":"","overlay-gradient":""},"mobile":{"background-color":"var(--ast-global-color-5)","background-image":"","background-repeat":"repeat","background-position":"center center","background-size":"auto","background-attachment":"scroll","background-type":"","background-media":"","overlay-type":"","overlay-color":"","overlay-gradient":""}},"footnotes":""},"categories":[977,1126],"tags":[21510,2493,39760,2651,202102,39758],"class_list":["post-98926","post","type-post","status-publish","format-standard","hentry","category-santiago-de-compostela","category-tecnologia-de-materiales","tag-francisco-guitian-rivera","tag-jose-rivas-rey","tag-jose-serafin-moya-corral","tag-juan-manuel-lema-rodicio","tag-pablo-barreiro-gonzalez","tag-ramon-torrecillas-san-millan"],"_links":{"self":[{"href":"https:\/\/www.deberes.net\/tesis\/wp-json\/wp\/v2\/posts\/98926","targetHints":{"allow":["GET"]}}],"collection":[{"href":"https:\/\/www.deberes.net\/tesis\/wp-json\/wp\/v2\/posts"}],"about":[{"href":"https:\/\/www.deberes.net\/tesis\/wp-json\/wp\/v2\/types\/post"}],"author":[{"embeddable":true,"href":"https:\/\/www.deberes.net\/tesis\/wp-json\/wp\/v2\/users\/1"}],"replies":[{"embeddable":true,"href":"https:\/\/www.deberes.net\/tesis\/wp-json\/wp\/v2\/comments?post=98926"}],"version-history":[{"count":0,"href":"https:\/\/www.deberes.net\/tesis\/wp-json\/wp\/v2\/posts\/98926\/revisions"}],"wp:attachment":[{"href":"https:\/\/www.deberes.net\/tesis\/wp-json\/wp\/v2\/media?parent=98926"}],"wp:term":[{"taxonomy":"category","embeddable":true,"href":"https:\/\/www.deberes.net\/tesis\/wp-json\/wp\/v2\/categories?post=98926"},{"taxonomy":"post_tag","embeddable":true,"href":"https:\/\/www.deberes.net\/tesis\/wp-json\/wp\/v2\/tags?post=98926"}],"curies":[{"name":"wp","href":"https:\/\/api.w.org\/{rel}","templated":true}]}}