{"id":98955,"date":"2010-03-02T00:00:00","date_gmt":"2010-03-02T00:00:00","guid":{"rendered":"https:\/\/www.deberes.net\/tesis\/sin-categoria\/musica-y-musicos-en-la-catedral-de-murcia-entre-1600-1750\/"},"modified":"2010-03-02T00:00:00","modified_gmt":"2010-03-02T00:00:00","slug":"musica-y-musicos-en-la-catedral-de-murcia-entre-1600-1750","status":"publish","type":"post","link":"https:\/\/www.deberes.net\/tesis\/murcia\/musica-y-musicos-en-la-catedral-de-murcia-entre-1600-1750\/","title":{"rendered":"M\u00fasica y musicos en la catedral de murcia entre 1600-1750"},"content":{"rendered":"<h2>Tesis doctoral de <strong> Consuelo Prats Redondo <\/strong><\/h2>\n<p>La tesis titulada m\u00fasica y m\u00fasicos en la catedral de murcia: entre 1600-1750, es el resultado final de la b\u00fasqueda, elecci\u00f3n y elaboraci\u00f3n de un trabajo de investigaci\u00f3n centrado en la actividad musical que se desarroll\u00f3 en la seo murciana en el per\u00edodo de tiempo antedicho y cuyos agentes hist\u00f3ricos (hombres, grupos, relaciones sociales, formas, actividades, y creaciones art\u00edsticas) constituyeron y determinaron la vida y el saber musical de una \u00e9poca pret\u00e9rita de la m\u00fasica eclesi\u00e1stica en esta ciudad; quisiera destacar como objetivo central de esta investigaci\u00f3n &#8211; para la que he utilizado una metodolog\u00eda fundamentalmente hist\u00f3rica pero tambi\u00e9n descriptiva y anal\u00edtica- el contribuir al conocimiento sobre los posibles or\u00edgenes de la m\u00fasica en el \u00e1mbito catedralicio murciano y, sobre todo, dar a conocer los ciento cincuenta a\u00f1os primeros que pueden constatarse documentalmente del comportamiento y creaci\u00f3n musicales en la catedral de murcia. Para ello, se ha abierto el archivo capitular -acm- en el que sus contenidos musicales casi no han sido estudiados y el archivo musical -e:muc- cuyas obras apenas han vuelto a salir a la luz desde su creaci\u00f3n y mucho menos han sido transcritas y dispuestas de ese modo para su nueva ejecuci\u00f3n o interpretaci\u00f3n sonora, en la pr\u00e1ctica; aunque esta tesis se centra en el siglo xvii y primera mitad del siglo xviii, tambi\u00e9n citar\u00e9 algunos aspectos musicales anteriores a este per\u00edodo como pre\u00e1mbulo; a lo que seguir\u00e1 -seg\u00fan los l\u00edmites cronol\u00f3gicos elegidos- una primera parte<\/p>\n<p>&nbsp;<\/p>\n<h3>Datos acad\u00e9micos de la tesis doctoral \u00ab<strong>M\u00fasica y musicos en la catedral de murcia entre 1600-1750<\/strong>\u00ab<\/h3>\n<ul>\n<li><strong>T\u00edtulo de la tesis:<\/strong>\u00a0 M\u00fasica y musicos en la catedral de murcia entre 1600-1750 <\/li>\n<li><strong>Autor:<\/strong>\u00a0 Consuelo Prats Redondo <\/li>\n<li><strong>Universidad:<\/strong>\u00a0 Murcia<\/li>\n<li><strong>Fecha de lectura de la tesis:<\/strong>\u00a0 03\/02\/2010<\/li>\n<\/ul>\n<p>&nbsp;<\/p>\n<h3>Direcci\u00f3n y tribunal<\/h3>\n<ul>\n<li><strong>Director de la tesis<\/strong>\n<ul>\n<li>Antonio Ezquerro Esteban<\/li>\n<\/ul>\n<\/li>\n<li><strong>Tribunal<\/strong>\n<ul>\n<li>Presidente del tribunal: jos\u00e9 Pav\u00eda sim\u00f3 <\/li>\n<li>\u00c1lvaro Zaldivar gracia (vocal)<\/li>\n<li>Luis Antonio Gonz\u00e1lez mar\u00edn (vocal)<\/li>\n<li>josep Borras roca (vocal)<\/li>\n<\/ul>\n<\/li>\n<\/ul>\n<p>&nbsp;<\/p>\n","protected":false},"excerpt":{"rendered":"<p>Tesis doctoral de Consuelo Prats Redondo La tesis titulada m\u00fasica y m\u00fasicos en la catedral de murcia: entre 1600-1750, es [&hellip;]<\/p>\n","protected":false},"author":1,"featured_media":0,"comment_status":"open","ping_status":"open","sticky":false,"template":"","format":"standard","meta":{"site-sidebar-layout":"default","site-content-layout":"","ast-site-content-layout":"","site-content-style":"default","site-sidebar-style":"default","ast-global-header-display":"","ast-banner-title-visibility":"","ast-main-header-display":"","ast-hfb-above-header-display":"","ast-hfb-below-header-display":"","ast-hfb-mobile-header-display":"","site-post-title":"","ast-breadcrumbs-content":"","ast-featured-img":"","footer-sml-layout":"","theme-transparent-header-meta":"","adv-header-id-meta":"","stick-header-meta":"","header-above-stick-meta":"","header-main-stick-meta":"","header-below-stick-meta":"","astra-migrate-meta-layouts":"default","ast-page-background-enabled":"default","ast-page-background-meta":{"desktop":{"background-color":"var(--ast-global-color-4)","background-image":"","background-repeat":"repeat","background-position":"center center","background-size":"auto","background-attachment":"scroll","background-type":"","background-media":"","overlay-type":"","overlay-color":"","overlay-gradient":""},"tablet":{"background-color":"","background-image":"","background-repeat":"repeat","background-position":"center center","background-size":"auto","background-attachment":"scroll","background-type":"","background-media":"","overlay-type":"","overlay-color":"","overlay-gradient":""},"mobile":{"background-color":"","background-image":"","background-repeat":"repeat","background-position":"center center","background-size":"auto","background-attachment":"scroll","background-type":"","background-media":"","overlay-type":"","overlay-color":"","overlay-gradient":""}},"ast-content-background-meta":{"desktop":{"background-color":"var(--ast-global-color-5)","background-image":"","background-repeat":"repeat","background-position":"center center","background-size":"auto","background-attachment":"scroll","background-type":"","background-media":"","overlay-type":"","overlay-color":"","overlay-gradient":""},"tablet":{"background-color":"var(--ast-global-color-5)","background-image":"","background-repeat":"repeat","background-position":"center center","background-size":"auto","background-attachment":"scroll","background-type":"","background-media":"","overlay-type":"","overlay-color":"","overlay-gradient":""},"mobile":{"background-color":"var(--ast-global-color-5)","background-image":"","background-repeat":"repeat","background-position":"center center","background-size":"auto","background-attachment":"scroll","background-type":"","background-media":"","overlay-type":"","overlay-color":"","overlay-gradient":""}},"footnotes":""},"categories":[8235,9132],"tags":[59870,82355,202152,108781,192849,202153],"class_list":["post-98955","post","type-post","status-publish","format-standard","hentry","category-murcia","category-musica-y-musicologia","tag-alvaro-zaldivar-gracia","tag-antonio-ezquerro-esteban","tag-consuelo-prats-redondo","tag-jose-pavia-simo","tag-josep-borras-roca","tag-luis-antonio-gonzalez-marin"],"_links":{"self":[{"href":"https:\/\/www.deberes.net\/tesis\/wp-json\/wp\/v2\/posts\/98955","targetHints":{"allow":["GET"]}}],"collection":[{"href":"https:\/\/www.deberes.net\/tesis\/wp-json\/wp\/v2\/posts"}],"about":[{"href":"https:\/\/www.deberes.net\/tesis\/wp-json\/wp\/v2\/types\/post"}],"author":[{"embeddable":true,"href":"https:\/\/www.deberes.net\/tesis\/wp-json\/wp\/v2\/users\/1"}],"replies":[{"embeddable":true,"href":"https:\/\/www.deberes.net\/tesis\/wp-json\/wp\/v2\/comments?post=98955"}],"version-history":[{"count":0,"href":"https:\/\/www.deberes.net\/tesis\/wp-json\/wp\/v2\/posts\/98955\/revisions"}],"wp:attachment":[{"href":"https:\/\/www.deberes.net\/tesis\/wp-json\/wp\/v2\/media?parent=98955"}],"wp:term":[{"taxonomy":"category","embeddable":true,"href":"https:\/\/www.deberes.net\/tesis\/wp-json\/wp\/v2\/categories?post=98955"},{"taxonomy":"post_tag","embeddable":true,"href":"https:\/\/www.deberes.net\/tesis\/wp-json\/wp\/v2\/tags?post=98955"}],"curies":[{"name":"wp","href":"https:\/\/api.w.org\/{rel}","templated":true}]}}