{"id":98975,"date":"2010-04-02T00:00:00","date_gmt":"2010-04-02T00:00:00","guid":{"rendered":"https:\/\/www.deberes.net\/tesis\/sin-categoria\/infancia-y-subjetividad-una-investigacion-en-la-zona-rural-de-sergipe\/"},"modified":"2010-04-02T00:00:00","modified_gmt":"2010-04-02T00:00:00","slug":"infancia-y-subjetividad-una-investigacion-en-la-zona-rural-de-sergipe","status":"publish","type":"post","link":"https:\/\/www.deberes.net\/tesis\/sin-categoria\/infancia-y-subjetividad-una-investigacion-en-la-zona-rural-de-sergipe\/","title":{"rendered":"Infancia y subjetividad. una investigaci\u00f3n en la zona rural de sergipe"},"content":{"rendered":"<h2>Tesis doctoral de <strong> Ana Mar\u00eda Louren\u00c1\u00a7o De Azevedo <\/strong><\/h2>\n<p>El presente trabajo propone investigar el tema infancia y subjetividad, y tiene como principal escenario el pueblo \u00c2\u00bfrua da palha\u00c2\u00bf del municipio de santa luzia do itanhy, zona rural de sergipe, en una investigaci\u00f3n etnogr\u00e1fica. La opci\u00f3n de estudiar l a infancia en la interfaz infancia-gobierno\/disciplinamiento-subjetividad se ha dado entre otros motivos debido al hecho de ser la zona rural un escenario a\u00fan poco estudiado en lo tocante a este tema. La investigaci\u00f3n objetivo es analizar la producci \u00f3n de la subjetividad en la infancia en el proceso de socializaci\u00f3n en las pr\u00e1cticas cotidianas\/escolares. Tiene como objetivo general investigar la influencia de los factores socioculturales m\u00e1s determinantes para la constituci\u00f3n de la infancia rura l, analizando narrativas y pr\u00e1cticas discursivas constructoras de esta infancia, considerando las pr\u00e1cticas disciplinares para la conducci\u00f3n de un gobierno promotor de las posiciones de sujetos. Se abordan la infancia y los fen\u00f3menos relativos a su e ducaci\u00f3n como fen\u00f3menos culturales, entendidos como pr\u00e1cticas culturales de significaci\u00f3n y de atribuci\u00f3n de sentidos que al establecer c\u00f3digos pasan a ser compartidos, permitiendo la comunicaci\u00f3n entre la comunidad para la cual tales pr\u00e1cticas tiene n sentido. De forma m\u00e1s espec\u00edfica: mostrar y presentar las conclusiones que confirman las hip\u00f3tesis, a partir del trabajo de campo en la mencionada \u00e1rea rural, de que los discursos y mediaciones narrativas que configuran su \u00e1mbito comunicativo son d eterminantes de la subjetividad infantil y que el ni\u00f1o en el proceso de su socializaci\u00f3n va siendo moldeado y conducido por las normas y reglas que van constituyendo un determinado modo de ser ni\u00f1o, sometido a los ordenamientos de la escuela y del gr upo social al cual pertenece, pero no sin resistencia. Se parte del presupuesto de que los ni\u00f1os son actores sociales y que deben por eso ser insertados en el proceso de producci\u00f3n sobre s\u00ed mismos.<\/p>\n<p>&nbsp;<\/p>\n<h3>Datos acad\u00e9micos de la tesis doctoral \u00ab<strong>Infancia y subjetividad. una investigaci\u00f3n en la zona rural de sergipe<\/strong>\u00ab<\/h3>\n<ul>\n<li><strong>T\u00edtulo de la tesis:<\/strong>\u00a0 Infancia y subjetividad. una investigaci\u00f3n en la zona rural de sergipe <\/li>\n<li><strong>Autor:<\/strong>\u00a0 Ana Mar\u00eda Louren\u00c1\u00a7o De Azevedo <\/li>\n<li><strong>Universidad:<\/strong>\u00a0 Complutense de Madrid<\/li>\n<li><strong>Fecha de lectura de la tesis:<\/strong>\u00a0 04\/02\/2010<\/li>\n<\/ul>\n<p>&nbsp;<\/p>\n<h3>Direcci\u00f3n y tribunal<\/h3>\n<ul>\n<li><strong>Director de la tesis<\/strong>\n<ul>\n<li>Manuel Maceiras Fafi\u00e1n<\/li>\n<\/ul>\n<\/li>\n<li><strong>Tribunal<\/strong>\n<ul>\n<li>Presidente del tribunal: Mar\u00eda  carmen Labrador herr\u00e1iz <\/li>\n<li>valentina Maya frades (vocal)<\/li>\n<li>Jos\u00e9 Luis Barreiro barreiro (vocal)<\/li>\n<li>marcelino Agis villaverde (vocal)<\/li>\n<\/ul>\n<\/li>\n<\/ul>\n<p>&nbsp;<\/p>\n","protected":false},"excerpt":{"rendered":"<p>Tesis doctoral de Ana Mar\u00eda Louren\u00c1\u00a7o De Azevedo El presente trabajo propone investigar el tema infancia y subjetividad, y tiene [&hellip;]<\/p>\n","protected":false},"author":1,"featured_media":0,"comment_status":"open","ping_status":"open","sticky":false,"template":"","format":"standard","meta":{"site-sidebar-layout":"default","site-content-layout":"","ast-site-content-layout":"","site-content-style":"default","site-sidebar-style":"default","ast-global-header-display":"","ast-banner-title-visibility":"","ast-main-header-display":"","ast-hfb-above-header-display":"","ast-hfb-below-header-display":"","ast-hfb-mobile-header-display":"","site-post-title":"","ast-breadcrumbs-content":"","ast-featured-img":"","footer-sml-layout":"","theme-transparent-header-meta":"","adv-header-id-meta":"","stick-header-meta":"","header-above-stick-meta":"","header-main-stick-meta":"","header-below-stick-meta":"","astra-migrate-meta-layouts":"default","ast-page-background-enabled":"default","ast-page-background-meta":{"desktop":{"background-color":"var(--ast-global-color-4)","background-image":"","background-repeat":"repeat","background-position":"center center","background-size":"auto","background-attachment":"scroll","background-type":"","background-media":"","overlay-type":"","overlay-color":"","overlay-gradient":""},"tablet":{"background-color":"","background-image":"","background-repeat":"repeat","background-position":"center center","background-size":"auto","background-attachment":"scroll","background-type":"","background-media":"","overlay-type":"","overlay-color":"","overlay-gradient":""},"mobile":{"background-color":"","background-image":"","background-repeat":"repeat","background-position":"center center","background-size":"auto","background-attachment":"scroll","background-type":"","background-media":"","overlay-type":"","overlay-color":"","overlay-gradient":""}},"ast-content-background-meta":{"desktop":{"background-color":"var(--ast-global-color-5)","background-image":"","background-repeat":"repeat","background-position":"center center","background-size":"auto","background-attachment":"scroll","background-type":"","background-media":"","overlay-type":"","overlay-color":"","overlay-gradient":""},"tablet":{"background-color":"var(--ast-global-color-5)","background-image":"","background-repeat":"repeat","background-position":"center center","background-size":"auto","background-attachment":"scroll","background-type":"","background-media":"","overlay-type":"","overlay-color":"","overlay-gradient":""},"mobile":{"background-color":"var(--ast-global-color-5)","background-image":"","background-repeat":"repeat","background-position":"center center","background-size":"auto","background-attachment":"scroll","background-type":"","background-media":"","overlay-type":"","overlay-color":"","overlay-gradient":""}},"footnotes":""},"categories":[1],"tags":[202180,148578,5345,62495,7695,68779],"class_list":["post-98975","post","type-post","status-publish","format-standard","hentry","category-sin-categoria","tag-ana-maria-lourenao-de-azevedo","tag-jose-luis-barreiro-barreiro","tag-manuel-maceiras-fafian","tag-marcelino-agis-villaverde","tag-maria-carmen-labrador-herraiz","tag-valentina-maya-frades"],"_links":{"self":[{"href":"https:\/\/www.deberes.net\/tesis\/wp-json\/wp\/v2\/posts\/98975","targetHints":{"allow":["GET"]}}],"collection":[{"href":"https:\/\/www.deberes.net\/tesis\/wp-json\/wp\/v2\/posts"}],"about":[{"href":"https:\/\/www.deberes.net\/tesis\/wp-json\/wp\/v2\/types\/post"}],"author":[{"embeddable":true,"href":"https:\/\/www.deberes.net\/tesis\/wp-json\/wp\/v2\/users\/1"}],"replies":[{"embeddable":true,"href":"https:\/\/www.deberes.net\/tesis\/wp-json\/wp\/v2\/comments?post=98975"}],"version-history":[{"count":0,"href":"https:\/\/www.deberes.net\/tesis\/wp-json\/wp\/v2\/posts\/98975\/revisions"}],"wp:attachment":[{"href":"https:\/\/www.deberes.net\/tesis\/wp-json\/wp\/v2\/media?parent=98975"}],"wp:term":[{"taxonomy":"category","embeddable":true,"href":"https:\/\/www.deberes.net\/tesis\/wp-json\/wp\/v2\/categories?post=98975"},{"taxonomy":"post_tag","embeddable":true,"href":"https:\/\/www.deberes.net\/tesis\/wp-json\/wp\/v2\/tags?post=98975"}],"curies":[{"name":"wp","href":"https:\/\/api.w.org\/{rel}","templated":true}]}}