{"id":98998,"date":"2010-04-02T00:00:00","date_gmt":"2010-04-02T00:00:00","guid":{"rendered":"https:\/\/www.deberes.net\/tesis\/sin-categoria\/factores-culturales-y-sobrecarga-subjetiva-en-el-cuidado-familiar-de-mayores-dependientes\/"},"modified":"2010-04-02T00:00:00","modified_gmt":"2010-04-02T00:00:00","slug":"factores-culturales-y-sobrecarga-subjetiva-en-el-cuidado-familiar-de-mayores-dependientes","status":"publish","type":"post","link":"https:\/\/www.deberes.net\/tesis\/salud-publica\/factores-culturales-y-sobrecarga-subjetiva-en-el-cuidado-familiar-de-mayores-dependientes\/","title":{"rendered":"Factores culturales y sobrecarga subjetiva en el cuidado familiar de mayores dependientes"},"content":{"rendered":"<h2>Tesis doctoral de <strong> Rafael Del Pino Casado <\/strong><\/h2>\n<p>Objetivos: 1) caracterizar a las personas cuidadoras de familiares (pcf) mayores dependientes del distrito de atenci\u00f3n primaria ja\u00e9n norte y determinar su nivel de carga subjetiva; 2) estudiar diferencias de g\u00e9nero en la sobrecarga subjetiva; 3) analizar la relaci\u00f3n entre edad, parentesco, residencia en com\u00fan, apoyo social y motivos del cuidado familiar de mayores dependientes de car\u00e1cter sociocultural, con la carga subjetiva; 4) determinar el poder de explicaci\u00f3n de los factores culturales sobre la sobrecarga subjetiva. metodolog\u00eda: 1) dise\u00f1o: descriptivo transversal; 2) poblaci\u00f3n: pcf de personas mayores dependientes de los n\u00facleos de poblaci\u00f3n de m\u00e1s de 8.000 habitantes del distrito sanitario ja\u00e9n-norte; tama\u00f1o muestral: 204 (seguridad del 95% y potencia del 80%), tipo de muestreo: aleatorio sistem\u00e1tico; 3) variables: a) pcf: edad, g\u00e9nero, parentesco, residencia en com\u00fan con la persona cuidada, antig\u00ed\u00bcedad en la labor cuidadora, motivos para el cuidado de car\u00e1cter sociocultural (reciprocidad y obligaci\u00f3n moral) y ganancias con el cuidado (encuesta de apoyo informal 2004 del imserso); apoyo social percibido (duke-unc) e instrumental, carga subjetiva (robinson) e intensidad del cuidado (nca &#038; aarp 2004); b) persona cuidada: necesidad de cuidados (nivel de dependencia barthel-, problemas de conducta cummnigs- y deterioro cognitivo pfeiffer-); 4) an\u00e1lisis estad\u00edstico: 1) an\u00e1lisis descriptivo: frecuencias, medidas de tendencia central y dispersi\u00f3n e intervalos de confianza (ic) de porcentajes y medias; 2) an\u00e1lisis bivariante: prueba de chi-cuadrado, prueba de t de student, anova de una v\u00eda y prueba de r de pearson; 3) an\u00e1lisis multivariante: regresi\u00f3n log\u00edstica binaria m\u00faltiple (variable dependiente dicot\u00f3mica), regresi\u00f3n lineal m\u00faltiple (variable dependiente continua) y ancova. En todos estos an\u00e1lisis multivariantes se ha controlado por g\u00e9nero, carga objetiva (intensidad el cuidado y necesidad de cuidados), antig\u00ed\u00bcedad y satisfacci\u00f3n con el cuidado. resultados: la muestra estudiada presenta una media de edad de 59 a\u00f1os, el 85,1% son mujeres, un 60,1% hijas\/os, un 83,7% reside en el mismo domicilio que la persona cuidada, la antig\u00ed\u00bcedad media en el cuidado es de 56,1 meses (4,7 a\u00f1os) y la dedicaci\u00f3n media a las tareas cuidadoras es de 59,6 horas a la semana. La media de carga subjetiva se sit\u00faa en 6,27 (desviaci\u00f3n t\u00edpica de 3,35; ic de la media al 95% de: 5,82- 6,73). El % de pcf con sobrecarga es del 46,2% (ic al 95%: 39,3; 53,2). La carga subjetiva presenta asociaci\u00f3n estad\u00edstica negativa (p<0,05) con el apoyo social percibido y la reciprocidad, controlando por carga objetiva, g\u00e9nero, antig\u00ed\u00bcedad y satisfacci\u00f3n con el cuidado, y asociaci\u00f3n positiva (p<0,05) con la obligaci\u00f3n moral, si bien esta \u00faltima asociaci\u00f3n desaparece al controlar por carga objetiva. No se ha encontrado asociaci\u00f3n con la edad, el g\u00e9nero, la relaci\u00f3n de parentesco y residencia en com\u00fan. El porcentaje de explicaci\u00f3n de la varianza de la carga subjetiva atribuible al apoyo percibido y la reciprocidad es del 28,3% (14,3% para el primero y 14% para la segunda). conclusiones: 1) el perfil tipo de la pcf del estudio es bastante parecido al dibujado por la mencionada encuesta del imserso de 2004. 2) el % de sobrecarga subjetiva es superior al de otros estudios espa\u00f1oles con muestras similares, e inferior al de aquellos espec\u00edficos de pcf de mayores con demencias. 3) este estudio aporta indicios de que el apoyo social percibido y la reciprocidad son factores protectores de la sobrecarga subjetiva y de que la obligaci\u00f3n moral condiciona una mayor exposici\u00f3n a la carga objetiva (con la consecuente mayor sobrecarga subjetiva). 4) este estudio tambi\u00e9n aporta datos que ponen de manifiesto la importancia de los aspectos culturales en la g\u00e9nesis de la sobrecarga subjetiva.\n\n\n\n&nbsp;\n\n\n<h3>Datos acad\u00e9micos de la tesis doctoral \u00ab<strong>Factores culturales y sobrecarga subjetiva en el cuidado familiar de mayores dependientes<\/strong>\u00ab<\/h3>\n<ul>\n<li><strong>T\u00edtulo de la tesis:<\/strong>\u00a0 Factores culturales y sobrecarga subjetiva en el cuidado familiar de mayores dependientes <\/li>\n<li><strong>Autor:<\/strong>\u00a0 Rafael Del Pino Casado <\/li>\n<li><strong>Universidad:<\/strong>\u00a0 Ja\u00e9n<\/li>\n<li><strong>Fecha de lectura de la tesis:<\/strong>\u00a0 04\/02\/2010<\/li>\n<\/ul>\n<p>&nbsp;<\/p>\n<h3>Direcci\u00f3n y tribunal<\/h3>\n<ul>\n<li><strong>Director de la tesis<\/strong>\n<ul>\n<li>Antonio Fr\u00edas Osuna<\/li>\n<\/ul>\n<\/li>\n<li><strong>Tribunal<\/strong>\n<ul>\n<li>Presidente del tribunal: pedro l. Pancorbo hidalgo <\/li>\n<li>m. eugenia Gil garcia (vocal)<\/li>\n<li>Mar\u00eda  dolores Gonzalez de haro (vocal)<\/li>\n<li>petra Rogero anaya (vocal)<\/li>\n<\/ul>\n<\/li>\n<\/ul>\n<p>&nbsp;<\/p>\n","protected":false},"excerpt":{"rendered":"<p>Tesis doctoral de Rafael Del Pino Casado Objetivos: 1) caracterizar a las personas cuidadoras de familiares (pcf) mayores dependientes del [&hellip;]<\/p>\n","protected":false},"author":1,"featured_media":0,"comment_status":"open","ping_status":"open","sticky":false,"template":"","format":"standard","meta":{"site-sidebar-layout":"default","site-content-layout":"","ast-site-content-layout":"","site-content-style":"default","site-sidebar-style":"default","ast-global-header-display":"","ast-banner-title-visibility":"","ast-main-header-display":"","ast-hfb-above-header-display":"","ast-hfb-below-header-display":"","ast-hfb-mobile-header-display":"","site-post-title":"","ast-breadcrumbs-content":"","ast-featured-img":"","footer-sml-layout":"","theme-transparent-header-meta":"","adv-header-id-meta":"","stick-header-meta":"","header-above-stick-meta":"","header-main-stick-meta":"","header-below-stick-meta":"","astra-migrate-meta-layouts":"default","ast-page-background-enabled":"default","ast-page-background-meta":{"desktop":{"background-color":"var(--ast-global-color-4)","background-image":"","background-repeat":"repeat","background-position":"center center","background-size":"auto","background-attachment":"scroll","background-type":"","background-media":"","overlay-type":"","overlay-color":"","overlay-gradient":""},"tablet":{"background-color":"","background-image":"","background-repeat":"repeat","background-position":"center center","background-size":"auto","background-attachment":"scroll","background-type":"","background-media":"","overlay-type":"","overlay-color":"","overlay-gradient":""},"mobile":{"background-color":"","background-image":"","background-repeat":"repeat","background-position":"center center","background-size":"auto","background-attachment":"scroll","background-type":"","background-media":"","overlay-type":"","overlay-color":"","overlay-gradient":""}},"ast-content-background-meta":{"desktop":{"background-color":"var(--ast-global-color-5)","background-image":"","background-repeat":"repeat","background-position":"center center","background-size":"auto","background-attachment":"scroll","background-type":"","background-media":"","overlay-type":"","overlay-color":"","overlay-gradient":""},"tablet":{"background-color":"var(--ast-global-color-5)","background-image":"","background-repeat":"repeat","background-position":"center center","background-size":"auto","background-attachment":"scroll","background-type":"","background-media":"","overlay-type":"","overlay-color":"","overlay-gradient":""},"mobile":{"background-color":"var(--ast-global-color-5)","background-image":"","background-repeat":"repeat","background-position":"center center","background-size":"auto","background-attachment":"scroll","background-type":"","background-media":"","overlay-type":"","overlay-color":"","overlay-gradient":""}},"footnotes":""},"categories":[3994,18923,967],"tags":[136936,163358,123404,195333,144310,202210],"class_list":["post-98998","post","type-post","status-publish","format-standard","hentry","category-filiacion-familia-y-parentesco","category-jaen","category-salud-publica","tag-antonio-frias-osuna","tag-m-eugenia-gil-garcia","tag-maria-dolores-gonzalez-de-haro","tag-pedro-l-pancorbo-hidalgo","tag-petra-rogero-anaya","tag-rafael-del-pino-casado"],"_links":{"self":[{"href":"https:\/\/www.deberes.net\/tesis\/wp-json\/wp\/v2\/posts\/98998","targetHints":{"allow":["GET"]}}],"collection":[{"href":"https:\/\/www.deberes.net\/tesis\/wp-json\/wp\/v2\/posts"}],"about":[{"href":"https:\/\/www.deberes.net\/tesis\/wp-json\/wp\/v2\/types\/post"}],"author":[{"embeddable":true,"href":"https:\/\/www.deberes.net\/tesis\/wp-json\/wp\/v2\/users\/1"}],"replies":[{"embeddable":true,"href":"https:\/\/www.deberes.net\/tesis\/wp-json\/wp\/v2\/comments?post=98998"}],"version-history":[{"count":0,"href":"https:\/\/www.deberes.net\/tesis\/wp-json\/wp\/v2\/posts\/98998\/revisions"}],"wp:attachment":[{"href":"https:\/\/www.deberes.net\/tesis\/wp-json\/wp\/v2\/media?parent=98998"}],"wp:term":[{"taxonomy":"category","embeddable":true,"href":"https:\/\/www.deberes.net\/tesis\/wp-json\/wp\/v2\/categories?post=98998"},{"taxonomy":"post_tag","embeddable":true,"href":"https:\/\/www.deberes.net\/tesis\/wp-json\/wp\/v2\/tags?post=98998"}],"curies":[{"name":"wp","href":"https:\/\/api.w.org\/{rel}","templated":true}]}}