{"id":99001,"date":"2010-05-02T00:00:00","date_gmt":"2010-05-02T00:00:00","guid":{"rendered":"https:\/\/www.deberes.net\/tesis\/sin-categoria\/las-tecnologa%c2%adas-como-elemento-de-poder-en-las-organizaciones-publicas-el-caso-de-la-administracion-electronica-en-la-comunidad-de-madrid\/"},"modified":"2010-05-02T00:00:00","modified_gmt":"2010-05-02T00:00:00","slug":"las-tecnologa%c2%adas-como-elemento-de-poder-en-las-organizaciones-publicas-el-caso-de-la-administracion-electronica-en-la-comunidad-de-madrid","status":"publish","type":"post","link":"https:\/\/www.deberes.net\/tesis\/sin-categoria\/las-tecnologa%c2%adas-como-elemento-de-poder-en-las-organizaciones-publicas-el-caso-de-la-administracion-electronica-en-la-comunidad-de-madrid\/","title":{"rendered":"Las tecnolog\u00edas como elemento de poder en las organizaciones p\u00fablicas. el caso de la administraci\u00f3n electr\u00f3nica en la comunidad de Madrid."},"content":{"rendered":"<h2>Tesis doctoral de <strong> Sergio Jimenez Mero\u00f1o <\/strong><\/h2>\n<p>La investigaci\u00f3n es un an\u00e1lisis desde el enfoque sist\u00e9mico de la introducci\u00f3n de las tecnolog\u00edas en las administraciones p\u00fablicas como pol\u00edtica p\u00fablica. Se trata de un estudio en el que se establecen las pautas evolutivas de la organizaci\u00f3n en su emp leo de las tecnolog\u00edas, a partir de la interacci\u00f3n entre los distintos agentes que participan en la pol\u00edtica de creaci\u00f3n de la administraci\u00f3n electr\u00f3nica. De esta manera, se interpreta la evoluci\u00f3n tecnol\u00f3gica de la organizaci\u00f3n como el resultado de las estrategias de los distintos actores que la integran a partir de la renegociaci\u00f3n de normas y procedimientos internos. Para contrastar el estudio, se analiza el caso de la comunidad de Madrid desde el inicio de la pol\u00edtica de calidad a mediados d e la d\u00e9cada de los noventa del siglo xx hasta la culminaci\u00f3n el \u00faltimo plan de administraci\u00f3n electr\u00f3nica.<\/p>\n<p>&nbsp;<\/p>\n<h3>Datos acad\u00e9micos de la tesis doctoral \u00ab<strong>Las tecnolog\u00edas como elemento de poder en las organizaciones p\u00fablicas. el caso de la administraci\u00f3n electr\u00f3nica en la comunidad de Madrid.<\/strong>\u00ab<\/h3>\n<ul>\n<li><strong>T\u00edtulo de la tesis:<\/strong>\u00a0 Las tecnolog\u00edas como elemento de poder en las organizaciones p\u00fablicas. el caso de la administraci\u00f3n electr\u00f3nica en la comunidad de Madrid. <\/li>\n<li><strong>Autor:<\/strong>\u00a0 Sergio Jimenez Mero\u00f1o <\/li>\n<li><strong>Universidad:<\/strong>\u00a0 Complutense de Madrid<\/li>\n<li><strong>Fecha de lectura de la tesis:<\/strong>\u00a0 05\/02\/2010<\/li>\n<\/ul>\n<p>&nbsp;<\/p>\n<h3>Direcci\u00f3n y tribunal<\/h3>\n<ul>\n<li><strong>Director de la tesis<\/strong>\n<ul>\n<li>Rafael Ba\u00f1\u00f3n<\/li>\n<\/ul>\n<\/li>\n<li><strong>Tribunal<\/strong>\n<ul>\n<li>Presidente del tribunal: esther Del campo garcia <\/li>\n<li>Francisco Javier Vanaclocha bellver (vocal)<\/li>\n<li>Mar\u00eda cristina Olarte pascual (vocal)<\/li>\n<li>Jos\u00e9 Manuel Canales aliende (vocal)<\/li>\n<\/ul>\n<\/li>\n<\/ul>\n<p>&nbsp;<\/p>\n","protected":false},"excerpt":{"rendered":"<p>Tesis doctoral de Sergio Jimenez Mero\u00f1o La investigaci\u00f3n es un an\u00e1lisis desde el enfoque sist\u00e9mico de la introducci\u00f3n de las [&hellip;]<\/p>\n","protected":false},"author":1,"featured_media":0,"comment_status":"open","ping_status":"open","sticky":false,"template":"","format":"standard","meta":{"site-sidebar-layout":"default","site-content-layout":"","ast-site-content-layout":"","site-content-style":"default","site-sidebar-style":"default","ast-global-header-display":"","ast-banner-title-visibility":"","ast-main-header-display":"","ast-hfb-above-header-display":"","ast-hfb-below-header-display":"","ast-hfb-mobile-header-display":"","site-post-title":"","ast-breadcrumbs-content":"","ast-featured-img":"","footer-sml-layout":"","theme-transparent-header-meta":"","adv-header-id-meta":"","stick-header-meta":"","header-above-stick-meta":"","header-main-stick-meta":"","header-below-stick-meta":"","astra-migrate-meta-layouts":"default","ast-page-background-enabled":"default","ast-page-background-meta":{"desktop":{"background-color":"var(--ast-global-color-4)","background-image":"","background-repeat":"repeat","background-position":"center center","background-size":"auto","background-attachment":"scroll","background-type":"","background-media":"","overlay-type":"","overlay-color":"","overlay-gradient":""},"tablet":{"background-color":"","background-image":"","background-repeat":"repeat","background-position":"center center","background-size":"auto","background-attachment":"scroll","background-type":"","background-media":"","overlay-type":"","overlay-color":"","overlay-gradient":""},"mobile":{"background-color":"","background-image":"","background-repeat":"repeat","background-position":"center center","background-size":"auto","background-attachment":"scroll","background-type":"","background-media":"","overlay-type":"","overlay-color":"","overlay-gradient":""}},"ast-content-background-meta":{"desktop":{"background-color":"var(--ast-global-color-5)","background-image":"","background-repeat":"repeat","background-position":"center center","background-size":"auto","background-attachment":"scroll","background-type":"","background-media":"","overlay-type":"","overlay-color":"","overlay-gradient":""},"tablet":{"background-color":"var(--ast-global-color-5)","background-image":"","background-repeat":"repeat","background-position":"center center","background-size":"auto","background-attachment":"scroll","background-type":"","background-media":"","overlay-type":"","overlay-color":"","overlay-gradient":""},"mobile":{"background-color":"var(--ast-global-color-5)","background-image":"","background-repeat":"repeat","background-position":"center center","background-size":"auto","background-attachment":"scroll","background-type":"","background-media":"","overlay-type":"","overlay-color":"","overlay-gradient":""}},"footnotes":""},"categories":[1],"tags":[37355,148729,4176,140731,41923,202214],"class_list":["post-99001","post","type-post","status-publish","format-standard","hentry","category-sin-categoria","tag-esther-del-campo-garcia","tag-francisco-javier-vanaclocha-bellver","tag-jose-manuel-canales-aliende","tag-maria-cristina-olarte-pascual","tag-rafael-banon","tag-sergio-jimenez-merono"],"_links":{"self":[{"href":"https:\/\/www.deberes.net\/tesis\/wp-json\/wp\/v2\/posts\/99001","targetHints":{"allow":["GET"]}}],"collection":[{"href":"https:\/\/www.deberes.net\/tesis\/wp-json\/wp\/v2\/posts"}],"about":[{"href":"https:\/\/www.deberes.net\/tesis\/wp-json\/wp\/v2\/types\/post"}],"author":[{"embeddable":true,"href":"https:\/\/www.deberes.net\/tesis\/wp-json\/wp\/v2\/users\/1"}],"replies":[{"embeddable":true,"href":"https:\/\/www.deberes.net\/tesis\/wp-json\/wp\/v2\/comments?post=99001"}],"version-history":[{"count":0,"href":"https:\/\/www.deberes.net\/tesis\/wp-json\/wp\/v2\/posts\/99001\/revisions"}],"wp:attachment":[{"href":"https:\/\/www.deberes.net\/tesis\/wp-json\/wp\/v2\/media?parent=99001"}],"wp:term":[{"taxonomy":"category","embeddable":true,"href":"https:\/\/www.deberes.net\/tesis\/wp-json\/wp\/v2\/categories?post=99001"},{"taxonomy":"post_tag","embeddable":true,"href":"https:\/\/www.deberes.net\/tesis\/wp-json\/wp\/v2\/tags?post=99001"}],"curies":[{"name":"wp","href":"https:\/\/api.w.org\/{rel}","templated":true}]}}