{"id":99040,"date":"2010-05-02T00:00:00","date_gmt":"2010-05-02T00:00:00","guid":{"rendered":"https:\/\/www.deberes.net\/tesis\/sin-categoria\/estudio-de-insercion-laboral-de-los-titulados-en-fisioterapia-en-la-adaptacion-al-espacio-de-educacion-superior\/"},"modified":"2010-05-02T00:00:00","modified_gmt":"2010-05-02T00:00:00","slug":"estudio-de-insercion-laboral-de-los-titulados-en-fisioterapia-en-la-adaptacion-al-espacio-de-educacion-superior","status":"publish","type":"post","link":"https:\/\/www.deberes.net\/tesis\/organizacion-y-direccion-de-las-instituciones-educativas\/estudio-de-insercion-laboral-de-los-titulados-en-fisioterapia-en-la-adaptacion-al-espacio-de-educacion-superior\/","title":{"rendered":"Estudio de insercion laboral de los titulados en fisioterapia en la adaptacion al espacio de educacion superior"},"content":{"rendered":"<h2>Tesis doctoral de <strong> Manuel Gutierrez Nieto <\/strong><\/h2>\n<p>En el presente estudio se plantea conocer y analizar la inserci\u00f3n laboral de los diplomados en fisioterapia por la universidad de vigo en el periodo 2006, 2007 y 2003. Para ello se ha llevado a cabo una revisi\u00f3n bibliogr\u00e1fica sobre los principales temas de la investigaci\u00f3n, como son el nuevo marco del eees, la contextualizaci\u00f3n de los estudios de fisioterapia en ese nuevo marco, as\u00ed como el concepto de fisioterapia como profesi\u00f3n y por ultimo se han revisado diversos estudios sobre inserci\u00f3n laboral. la poblaci\u00f3n objeto de estudio son los diplomados en fisioterapia por la e.U. Fisioterapia de pontevedra de la universidad de vigo de los a\u00f1os, 2006, 2007, y 2008. El dise\u00f1o del estudio se ha realizado en dos fases. La primera fase es la realizaci\u00f3n de un estudio o dise\u00f1o descriptivo y transversal de los graduados en los a\u00f1os 2006,2007 y 2008. La segunda fase consiste en un dise\u00f1o de tipo anal\u00edtico e inferencial donde se realiza un estudio comparativo entre los datos obtenidos en la primera fase con los resultados del estudio realizado para la evaluaci\u00f3n de la calidad dentro del ii plan nacional de evaluaci\u00f3n de la calidad universitaria en el a\u00f1o 2001 de la e.U. De fisioterapia de pontevedra. Para este estudio se ha utilizado un cuestionario validado y adaptado especialmente para la evaluaci\u00f3n de la calidad dentro del ii plan nacional de evaluaci\u00f3n de la calidad universitaria en el a\u00f1o 2001 de la e.U. De fisioterapia de pontevedra.<\/p>\n<p>&nbsp;<\/p>\n<h3>Datos acad\u00e9micos de la tesis doctoral \u00ab<strong>Estudio de insercion laboral de los titulados en fisioterapia en la adaptacion al espacio de educacion superior<\/strong>\u00ab<\/h3>\n<ul>\n<li><strong>T\u00edtulo de la tesis:<\/strong>\u00a0 Estudio de insercion laboral de los titulados en fisioterapia en la adaptacion al espacio de educacion superior <\/li>\n<li><strong>Autor:<\/strong>\u00a0 Manuel Gutierrez Nieto <\/li>\n<li><strong>Universidad:<\/strong>\u00a0 M\u00e1laga<\/li>\n<li><strong>Fecha de lectura de la tesis:<\/strong>\u00a0 05\/02\/2010<\/li>\n<\/ul>\n<p>&nbsp;<\/p>\n<h3>Direcci\u00f3n y tribunal<\/h3>\n<ul>\n<li><strong>Director de la tesis<\/strong>\n<ul>\n<li>Mar\u00eda Teresa Labajos Manzanares<\/li>\n<\/ul>\n<\/li>\n<li><strong>Tribunal<\/strong>\n<ul>\n<li>Presidente del tribunal: Mar\u00eda no Labajos claros <\/li>\n<li>Jes\u00fas Rebollo roldan (vocal)<\/li>\n<li>Jos\u00e9 ignacio Calvo arenillas (vocal)<\/li>\n<li>ines Martinez galan (vocal)<\/li>\n<\/ul>\n<\/li>\n<\/ul>\n<p>&nbsp;<\/p>\n","protected":false},"excerpt":{"rendered":"<p>Tesis doctoral de Manuel Gutierrez Nieto En el presente estudio se plantea conocer y analizar la inserci\u00f3n laboral de los [&hellip;]<\/p>\n","protected":false},"author":1,"featured_media":0,"comment_status":"open","ping_status":"open","sticky":false,"template":"","format":"standard","meta":{"site-sidebar-layout":"default","site-content-layout":"","ast-site-content-layout":"","site-content-style":"default","site-sidebar-style":"default","ast-global-header-display":"","ast-banner-title-visibility":"","ast-main-header-display":"","ast-hfb-above-header-display":"","ast-hfb-below-header-display":"","ast-hfb-mobile-header-display":"","site-post-title":"","ast-breadcrumbs-content":"","ast-featured-img":"","footer-sml-layout":"","theme-transparent-header-meta":"","adv-header-id-meta":"","stick-header-meta":"","header-above-stick-meta":"","header-main-stick-meta":"","header-below-stick-meta":"","astra-migrate-meta-layouts":"default","ast-page-background-enabled":"default","ast-page-background-meta":{"desktop":{"background-color":"var(--ast-global-color-4)","background-image":"","background-repeat":"repeat","background-position":"center center","background-size":"auto","background-attachment":"scroll","background-type":"","background-media":"","overlay-type":"","overlay-color":"","overlay-gradient":""},"tablet":{"background-color":"","background-image":"","background-repeat":"repeat","background-position":"center center","background-size":"auto","background-attachment":"scroll","background-type":"","background-media":"","overlay-type":"","overlay-color":"","overlay-gradient":""},"mobile":{"background-color":"","background-image":"","background-repeat":"repeat","background-position":"center center","background-size":"auto","background-attachment":"scroll","background-type":"","background-media":"","overlay-type":"","overlay-color":"","overlay-gradient":""}},"ast-content-background-meta":{"desktop":{"background-color":"var(--ast-global-color-5)","background-image":"","background-repeat":"repeat","background-position":"center center","background-size":"auto","background-attachment":"scroll","background-type":"","background-media":"","overlay-type":"","overlay-color":"","overlay-gradient":""},"tablet":{"background-color":"var(--ast-global-color-5)","background-image":"","background-repeat":"repeat","background-position":"center center","background-size":"auto","background-attachment":"scroll","background-type":"","background-media":"","overlay-type":"","overlay-color":"","overlay-gradient":""},"mobile":{"background-color":"var(--ast-global-color-5)","background-image":"","background-repeat":"repeat","background-position":"center center","background-size":"auto","background-attachment":"scroll","background-type":"","background-media":"","overlay-type":"","overlay-color":"","overlay-gradient":""}},"footnotes":""},"categories":[7834,7611],"tags":[67680,67142,50963,202273,53013,75525],"class_list":["post-99040","post","type-post","status-publish","format-standard","hentry","category-malaga","category-organizacion-y-direccion-de-las-instituciones-educativas","tag-ines-Martinez-galan","tag-jesus-rebollo-roldan","tag-jose-ignacio-calvo-arenillas","tag-manuel-gutierrez-nieto","tag-maria-no-labajos-claros","tag-maria-teresa-labajos-manzanares"],"_links":{"self":[{"href":"https:\/\/www.deberes.net\/tesis\/wp-json\/wp\/v2\/posts\/99040","targetHints":{"allow":["GET"]}}],"collection":[{"href":"https:\/\/www.deberes.net\/tesis\/wp-json\/wp\/v2\/posts"}],"about":[{"href":"https:\/\/www.deberes.net\/tesis\/wp-json\/wp\/v2\/types\/post"}],"author":[{"embeddable":true,"href":"https:\/\/www.deberes.net\/tesis\/wp-json\/wp\/v2\/users\/1"}],"replies":[{"embeddable":true,"href":"https:\/\/www.deberes.net\/tesis\/wp-json\/wp\/v2\/comments?post=99040"}],"version-history":[{"count":0,"href":"https:\/\/www.deberes.net\/tesis\/wp-json\/wp\/v2\/posts\/99040\/revisions"}],"wp:attachment":[{"href":"https:\/\/www.deberes.net\/tesis\/wp-json\/wp\/v2\/media?parent=99040"}],"wp:term":[{"taxonomy":"category","embeddable":true,"href":"https:\/\/www.deberes.net\/tesis\/wp-json\/wp\/v2\/categories?post=99040"},{"taxonomy":"post_tag","embeddable":true,"href":"https:\/\/www.deberes.net\/tesis\/wp-json\/wp\/v2\/tags?post=99040"}],"curies":[{"name":"wp","href":"https:\/\/api.w.org\/{rel}","templated":true}]}}