{"id":99063,"date":"2010-08-02T00:00:00","date_gmt":"2010-08-02T00:00:00","guid":{"rendered":"https:\/\/www.deberes.net\/tesis\/sin-categoria\/os-sete-tratados-cartusianos-edia%c2%a7ao-e-glossario-contributos-para-o-estudo-lingua%c2%adstico\/"},"modified":"2010-08-02T00:00:00","modified_gmt":"2010-08-02T00:00:00","slug":"os-sete-tratados-cartusianos-edia%c2%a7ao-e-glossario-contributos-para-o-estudo-lingua%c2%adstico","status":"publish","type":"post","link":"https:\/\/www.deberes.net\/tesis\/linguistica-historica\/os-sete-tratados-cartusianos-edia%c2%a7ao-e-glossario-contributos-para-o-estudo-lingua%c2%adstico\/","title":{"rendered":"Os sete tratados cartusianos. edi\u00c1\u00a7\u00c1\u00a3o e gloss\u00e1rio. contributos para o estudo lingu\u00edstico."},"content":{"rendered":"<h2>Tesis doctoral de <strong> Aida Paula Sampaio Coelho Lemos <\/strong><\/h2>\n<p>Os sete tratados cartusianos configuram-se, pela tem\u00e1tica e pela estrutura, pela l\u00edngua em que est\u00ed\u00a3o escritos e pela imagem do mundo medieval que veiculam, como documentos de especial import\u00ed\u00a2ncia para a hist\u00f3ria da l\u00edngua portuguesa, em particular, e para a hist\u00f3ria liter\u00e1ria e cultural, em geral. o trabalho que ora se apresenta perseguiu como objectivo realizar a edi\u00ed\u00a7\u00ed\u00a3o do conjunto dos textos que comp\u00ed\u00b5em os tratados, dado que, aquando da decis\u00ed\u00a3o de realizar este estudo, existiam apenas edi\u00ed\u00a7\u00ed\u00b5es parcelares da obra, o que obstava a uma perspectiva de conjunto que permitisse uma adequada leitura da obra. Decidimo-nos por duas edi\u00ed\u00a7\u00ed\u00b5es com objectivos dissemelhantes, embora convergentes no objectivo de oferecer o acesso \u00ed\u00a0 obra, realizando duas edi\u00ed\u00a7\u00ed\u00b5es do documento, uma li\u00ed\u00a7\u00ed\u00a3o \u00c2\u00bfconservadora\u00c2\u00bf e outra \u00c2\u00bfmodernizadora\u00c2\u00bf. um outro objectivo foi o de elaborar um gloss\u00e1rio exaustivo do texto cuja edi\u00ed\u00a7\u00ed\u00a3o seguiu uma li\u00ed\u00a7\u00ed\u00a3o conservadora, por acharmos que os gloss\u00e1rios se instituem como ferramentas privilegiadas na explora\u00ed\u00a7\u00ed\u00a3o e an\u00e1lise da l\u00edngua usada nos documentos de \u00e9pocas recuadas, complementando os textos editados, clarificando o seu vocabul\u00e1rio, classificando-o e explorando os seus usos no cotexto. para al\u00e9m disso, e com o objectivo de contribuir para um estudo da l\u00edngua em que estes textos se encontram escritos, seleccion\u00e1mos para an\u00e1lise, por um lado, alguns aspectos lingu\u00edsticos que ach\u00e1mos mais pertinentes no documento, por considerarmos relevante abordar, embora sumariamente, aspectos da l\u00edngua do documento que remetem para caracter\u00edsticas da l\u00edngua do s\u00e9culo xv, \u00e9poca arcaica m\u00e9dia; e, por outro, por se afigurar relevante e prof\u00edcuo complementar e enquadrar as dimens\u00ed\u00b5es de estudo referidas numa dimens\u00ed\u00a3o relativa \u00ed\u00a0 an\u00e1lise discursiva, seguindo uma perspectiva recente oferecida por uma vis\u00ed\u00a3o pragm\u00e1tica do estudo da linguagem e em particular do texto\/ discurso como uma unidade de comunica\u00ed\u00a7\u00ed\u00a3o e, portanto, unidade de an\u00e1lise, estud\u00e1mos como se revela nos tratados a organiza\u00ed\u00a7\u00ed\u00a3o enunciativa, analisando a constru\u00ed\u00a7\u00ed\u00a3o da imagem que o locutor faz de si, a sua rela\u00ed\u00a7\u00ed\u00a3o com o alocut\u00e1rio e as vozes que ele convoca na interac\u00ed\u00a7\u00ed\u00a3o com este e na constru\u00ed\u00a7\u00ed\u00a3o do discurso. tendo em conta a import\u00ed\u00a2ncia do contexto de produ\u00ed\u00a7\u00ed\u00a3o no estudo de documentos antigos, debru\u00ed\u00a7\u00e1mo-nos igualmente sobre o contexto hist\u00f3rico-religioso, cultural e liter\u00e1rio do qual emergem os textos, fazendo breves incurs\u00ed\u00b5es \u00ed\u00a0s ordens que se relacionam com o texto em estudo, \u00ed\u00a0 concep\u00ed\u00a7\u00ed\u00a3o do mundo do homem medieval, ao nascimento do monaquismo ocidental e ao poder e influ\u00ed\u00aancia deste na europa ocidental, bem assim como ao livro medievo e \u00ed\u00a0 sua import\u00ed\u00a2ncia na constru\u00ed\u00a7\u00ed\u00a3o do pensamento medieval, e ainda, tendo em conta o facto de estes tratados terem sido putativamente traduzidos e copiados no scriptorium do mosteiro de alcoba\u00ed\u00a7a, a este mosteiro como centro difusor da cultura medieval em portugal e \u00ed\u00a0 tradu\u00ed\u00a7\u00ed\u00a3o como forma de propaga\u00ed\u00a7\u00ed\u00a3o de ideais e modelos do mundo, bem como do seu papel na consolida\u00ed\u00a7\u00ed\u00a3o do vern\u00e1culo.<\/p>\n<p>&nbsp;<\/p>\n<h3>Datos acad\u00e9micos de la tesis doctoral \u00ab<strong>Os sete tratados cartusianos. edi\u00c1\u00a7\u00c1\u00a3o e gloss\u00e1rio. contributos para o estudo lingu\u00edstico.<\/strong>\u00ab<\/h3>\n<ul>\n<li><strong>T\u00edtulo de la tesis:<\/strong>\u00a0 Os sete tratados cartusianos. edi\u00c1\u00a7\u00c1\u00a3o e gloss\u00e1rio. contributos para o estudo lingu\u00edstico. <\/li>\n<li><strong>Autor:<\/strong>\u00a0 Aida Paula Sampaio Coelho Lemos <\/li>\n<li><strong>Universidad:<\/strong>\u00a0 Santiago de compostela<\/li>\n<li><strong>Fecha de lectura de la tesis:<\/strong>\u00a0 08\/02\/2010<\/li>\n<\/ul>\n<p>&nbsp;<\/p>\n<h3>Direcci\u00f3n y tribunal<\/h3>\n<ul>\n<li><strong>Director de la tesis<\/strong>\n<ul>\n<li>Jos\u00e9 Antonio Souto  Cabo<\/li>\n<\/ul>\n<\/li>\n<li><strong>Tribunal<\/strong>\n<ul>\n<li>Presidente del tribunal: Jos\u00e9 Luis Rodriguez fernandez <\/li>\n<li>Carlos paulo Mart\u00ednez pereiro (vocal)<\/li>\n<li>teresa Brocardo (vocal)<\/li>\n<li>Jorge Morais barbosa (vocal)<\/li>\n<\/ul>\n<\/li>\n<\/ul>\n<p>&nbsp;<\/p>\n","protected":false},"excerpt":{"rendered":"<p>Tesis doctoral de Aida Paula Sampaio Coelho Lemos Os sete tratados cartusianos configuram-se, pela tem\u00e1tica e pela estrutura, pela l\u00edngua [&hellip;]<\/p>\n","protected":false},"author":1,"featured_media":0,"comment_status":"open","ping_status":"open","sticky":false,"template":"","format":"standard","meta":{"site-sidebar-layout":"default","site-content-layout":"","ast-site-content-layout":"","site-content-style":"default","site-sidebar-style":"default","ast-global-header-display":"","ast-banner-title-visibility":"","ast-main-header-display":"","ast-hfb-above-header-display":"","ast-hfb-below-header-display":"","ast-hfb-mobile-header-display":"","site-post-title":"","ast-breadcrumbs-content":"","ast-featured-img":"","footer-sml-layout":"","theme-transparent-header-meta":"","adv-header-id-meta":"","stick-header-meta":"","header-above-stick-meta":"","header-main-stick-meta":"","header-below-stick-meta":"","astra-migrate-meta-layouts":"default","ast-page-background-enabled":"default","ast-page-background-meta":{"desktop":{"background-color":"var(--ast-global-color-4)","background-image":"","background-repeat":"repeat","background-position":"center center","background-size":"auto","background-attachment":"scroll","background-type":"","background-media":"","overlay-type":"","overlay-color":"","overlay-gradient":""},"tablet":{"background-color":"","background-image":"","background-repeat":"repeat","background-position":"center center","background-size":"auto","background-attachment":"scroll","background-type":"","background-media":"","overlay-type":"","overlay-color":"","overlay-gradient":""},"mobile":{"background-color":"","background-image":"","background-repeat":"repeat","background-position":"center center","background-size":"auto","background-attachment":"scroll","background-type":"","background-media":"","overlay-type":"","overlay-color":"","overlay-gradient":""}},"ast-content-background-meta":{"desktop":{"background-color":"var(--ast-global-color-5)","background-image":"","background-repeat":"repeat","background-position":"center center","background-size":"auto","background-attachment":"scroll","background-type":"","background-media":"","overlay-type":"","overlay-color":"","overlay-gradient":""},"tablet":{"background-color":"var(--ast-global-color-5)","background-image":"","background-repeat":"repeat","background-position":"center center","background-size":"auto","background-attachment":"scroll","background-type":"","background-media":"","overlay-type":"","overlay-color":"","overlay-gradient":""},"mobile":{"background-color":"var(--ast-global-color-5)","background-image":"","background-repeat":"repeat","background-position":"center center","background-size":"auto","background-attachment":"scroll","background-type":"","background-media":"","overlay-type":"","overlay-color":"","overlay-gradient":""}},"footnotes":""},"categories":[2142,636,590,4587,977],"tags":[202316,117988,180456,202317,19061,202318],"class_list":["post-99063","post","type-post","status-publish","format-standard","hentry","category-filologia","category-lengua-y-literatura","category-linguistica-historica","category-paleografia","category-santiago-de-compostela","tag-aida-paula-sampaio-coelho-lemos","tag-carlos-paulo-Martinez-pereiro","tag-jorge-morais-barbosa","tag-jose-antonio-souto-cabo","tag-jose-luis-rodriguez-fernandez","tag-teresa-brocardo"],"_links":{"self":[{"href":"https:\/\/www.deberes.net\/tesis\/wp-json\/wp\/v2\/posts\/99063","targetHints":{"allow":["GET"]}}],"collection":[{"href":"https:\/\/www.deberes.net\/tesis\/wp-json\/wp\/v2\/posts"}],"about":[{"href":"https:\/\/www.deberes.net\/tesis\/wp-json\/wp\/v2\/types\/post"}],"author":[{"embeddable":true,"href":"https:\/\/www.deberes.net\/tesis\/wp-json\/wp\/v2\/users\/1"}],"replies":[{"embeddable":true,"href":"https:\/\/www.deberes.net\/tesis\/wp-json\/wp\/v2\/comments?post=99063"}],"version-history":[{"count":0,"href":"https:\/\/www.deberes.net\/tesis\/wp-json\/wp\/v2\/posts\/99063\/revisions"}],"wp:attachment":[{"href":"https:\/\/www.deberes.net\/tesis\/wp-json\/wp\/v2\/media?parent=99063"}],"wp:term":[{"taxonomy":"category","embeddable":true,"href":"https:\/\/www.deberes.net\/tesis\/wp-json\/wp\/v2\/categories?post=99063"},{"taxonomy":"post_tag","embeddable":true,"href":"https:\/\/www.deberes.net\/tesis\/wp-json\/wp\/v2\/tags?post=99063"}],"curies":[{"name":"wp","href":"https:\/\/api.w.org\/{rel}","templated":true}]}}