{"id":99068,"date":"2010-09-02T00:00:00","date_gmt":"2010-09-02T00:00:00","guid":{"rendered":"https:\/\/www.deberes.net\/tesis\/sin-categoria\/comunicacion-institucional-e-intervencion-en-discapacidad-la-transversalidad-de-la-comunicacion-en-el-real-patronato-sobre-discapacidad\/"},"modified":"2010-09-02T00:00:00","modified_gmt":"2010-09-02T00:00:00","slug":"comunicacion-institucional-e-intervencion-en-discapacidad-la-transversalidad-de-la-comunicacion-en-el-real-patronato-sobre-discapacidad","status":"publish","type":"post","link":"https:\/\/www.deberes.net\/tesis\/comunicaciones-sociales\/comunicacion-institucional-e-intervencion-en-discapacidad-la-transversalidad-de-la-comunicacion-en-el-real-patronato-sobre-discapacidad\/","title":{"rendered":"Comunicaci\u00f3n institucional e intervenci\u00f3n en discapacidad. la transversalidad de la comunicaci\u00f3n en el real patronato sobre discapacidad"},"content":{"rendered":"<h2>Tesis doctoral de <strong> Albert Arrufat Prades <\/strong><\/h2>\n<p>La tesis plantea c\u00f3mo la comunicaci\u00f3n en general, y en particular la institucional vinculada a organismos oficiales como el real patronato sobre discapacidad, influye decisivamente sobre la intervenci\u00f3n y el cambio social del fen\u00f3meno de la discapacidad. el trabajo se centra en el an\u00e1lisis de la cultura organizacional y el estilo comunicacional de dicha instituci\u00f3n desde una perspectiva transversal, es decir desde la coherencia y la corresponsabilidad generada entorno a su comunicaci\u00f3n interna y externa. Este an\u00e1lisis ha llevado a concluir adem\u00e1s, que la verdadera protagonista del fen\u00f3meno de la discapacidad es toda la sociedad y no s\u00f3lo uno de sus actores en detrimento de los otros. Esta visi\u00f3n es la que implica encontrar una v\u00eda de equilibrio sobre los conflictos planteados en discapacidad, a trav\u00e9s de una buena aplicaci\u00f3n de la experiencia hist\u00f3rica y la puesta en valor de las relaciones mutuas. En este proceso contribuye positivamente la adquisici\u00f3n de una mirada comunicacional propia que sea corresponsable y coherente con los fines propuestos por la instituci\u00f3n y que consiga una mayor eficacia cultural y mejor comprensi\u00f3n de la diversidad humana.<\/p>\n<p>&nbsp;<\/p>\n<h3>Datos acad\u00e9micos de la tesis doctoral \u00ab<strong>Comunicaci\u00f3n institucional e intervenci\u00f3n en discapacidad. la transversalidad de la comunicaci\u00f3n en el real patronato sobre discapacidad<\/strong>\u00ab<\/h3>\n<ul>\n<li><strong>T\u00edtulo de la tesis:<\/strong>\u00a0 Comunicaci\u00f3n institucional e intervenci\u00f3n en discapacidad. la transversalidad de la comunicaci\u00f3n en el real patronato sobre discapacidad <\/li>\n<li><strong>Autor:<\/strong>\u00a0 Albert Arrufat Prades <\/li>\n<li><strong>Universidad:<\/strong>\u00a0 Jaume i de castell\u00f3n<\/li>\n<li><strong>Fecha de lectura de la tesis:<\/strong>\u00a0 09\/02\/2010<\/li>\n<\/ul>\n<p>&nbsp;<\/p>\n<h3>Direcci\u00f3n y tribunal<\/h3>\n<ul>\n<li><strong>Director de la tesis<\/strong>\n<ul>\n<li>Elo\u00edsa Fernanda Nos Ald\u00e1s<\/li>\n<\/ul>\n<\/li>\n<li><strong>Tribunal<\/strong>\n<ul>\n<li>Presidente del tribunal: Juan Benavides delgado <\/li>\n<li>isidro Catela marcos (vocal)<\/li>\n<li>vicente Mart\u00ednez guzm\u00e1n (vocal)<\/li>\n<li>xose anton Alvarez  ruiz (vocal)<\/li>\n<\/ul>\n<\/li>\n<\/ul>\n<p>&nbsp;<\/p>\n","protected":false},"excerpt":{"rendered":"<p>Tesis doctoral de Albert Arrufat Prades La tesis plantea c\u00f3mo la comunicaci\u00f3n en general, y en particular la institucional vinculada [&hellip;]<\/p>\n","protected":false},"author":1,"featured_media":0,"comment_status":"open","ping_status":"open","sticky":false,"template":"","format":"standard","meta":{"site-sidebar-layout":"default","site-content-layout":"","ast-site-content-layout":"","site-content-style":"default","site-sidebar-style":"default","ast-global-header-display":"","ast-banner-title-visibility":"","ast-main-header-display":"","ast-hfb-above-header-display":"","ast-hfb-below-header-display":"","ast-hfb-mobile-header-display":"","site-post-title":"","ast-breadcrumbs-content":"","ast-featured-img":"","footer-sml-layout":"","theme-transparent-header-meta":"","adv-header-id-meta":"","stick-header-meta":"","header-above-stick-meta":"","header-main-stick-meta":"","header-below-stick-meta":"","astra-migrate-meta-layouts":"default","ast-page-background-enabled":"default","ast-page-background-meta":{"desktop":{"background-color":"var(--ast-global-color-4)","background-image":"","background-repeat":"repeat","background-position":"center center","background-size":"auto","background-attachment":"scroll","background-type":"","background-media":"","overlay-type":"","overlay-color":"","overlay-gradient":""},"tablet":{"background-color":"","background-image":"","background-repeat":"repeat","background-position":"center center","background-size":"auto","background-attachment":"scroll","background-type":"","background-media":"","overlay-type":"","overlay-color":"","overlay-gradient":""},"mobile":{"background-color":"","background-image":"","background-repeat":"repeat","background-position":"center center","background-size":"auto","background-attachment":"scroll","background-type":"","background-media":"","overlay-type":"","overlay-color":"","overlay-gradient":""}},"ast-content-background-meta":{"desktop":{"background-color":"var(--ast-global-color-5)","background-image":"","background-repeat":"repeat","background-position":"center center","background-size":"auto","background-attachment":"scroll","background-type":"","background-media":"","overlay-type":"","overlay-color":"","overlay-gradient":""},"tablet":{"background-color":"var(--ast-global-color-5)","background-image":"","background-repeat":"repeat","background-position":"center center","background-size":"auto","background-attachment":"scroll","background-type":"","background-media":"","overlay-type":"","overlay-color":"","overlay-gradient":""},"mobile":{"background-color":"var(--ast-global-color-5)","background-image":"","background-repeat":"repeat","background-position":"center center","background-size":"auto","background-attachment":"scroll","background-type":"","background-media":"","overlay-type":"","overlay-color":"","overlay-gradient":""}},"footnotes":""},"categories":[6217,8054,4735,18725,56648],"tags":[202327,59544,85746,5803,11817,140934],"class_list":["post-99068","post","type-post","status-publish","format-standard","hentry","category-cambio-y-desarrollo-social","category-comportamiento-en-la-organizacion","category-comunicaciones-sociales","category-jaume-i-de-castellon","category-minusvalia","tag-albert-arrufat-prades","tag-eloisa-fernanda-nos-aldas","tag-isidro-catela-marcos","tag-juan-benavides-delgado","tag-vicente-Martinez-guzman","tag-xose-anton-alvarez-ruiz"],"_links":{"self":[{"href":"https:\/\/www.deberes.net\/tesis\/wp-json\/wp\/v2\/posts\/99068","targetHints":{"allow":["GET"]}}],"collection":[{"href":"https:\/\/www.deberes.net\/tesis\/wp-json\/wp\/v2\/posts"}],"about":[{"href":"https:\/\/www.deberes.net\/tesis\/wp-json\/wp\/v2\/types\/post"}],"author":[{"embeddable":true,"href":"https:\/\/www.deberes.net\/tesis\/wp-json\/wp\/v2\/users\/1"}],"replies":[{"embeddable":true,"href":"https:\/\/www.deberes.net\/tesis\/wp-json\/wp\/v2\/comments?post=99068"}],"version-history":[{"count":0,"href":"https:\/\/www.deberes.net\/tesis\/wp-json\/wp\/v2\/posts\/99068\/revisions"}],"wp:attachment":[{"href":"https:\/\/www.deberes.net\/tesis\/wp-json\/wp\/v2\/media?parent=99068"}],"wp:term":[{"taxonomy":"category","embeddable":true,"href":"https:\/\/www.deberes.net\/tesis\/wp-json\/wp\/v2\/categories?post=99068"},{"taxonomy":"post_tag","embeddable":true,"href":"https:\/\/www.deberes.net\/tesis\/wp-json\/wp\/v2\/tags?post=99068"}],"curies":[{"name":"wp","href":"https:\/\/api.w.org\/{rel}","templated":true}]}}