{"id":99074,"date":"2010-09-02T00:00:00","date_gmt":"2010-09-02T00:00:00","guid":{"rendered":"https:\/\/www.deberes.net\/tesis\/sin-categoria\/lenguaje-pola%c2%adtico-ideologa%c2%ada-praxis-organizativa-y-evolucion-historica-de-las-brigadas-rojas-1970-1981\/"},"modified":"2010-09-02T00:00:00","modified_gmt":"2010-09-02T00:00:00","slug":"lenguaje-pola%c2%adtico-ideologa%c2%ada-praxis-organizativa-y-evolucion-historica-de-las-brigadas-rojas-1970-1981","status":"publish","type":"post","link":"https:\/\/www.deberes.net\/tesis\/rey-juan-carlos\/lenguaje-pola%c2%adtico-ideologa%c2%ada-praxis-organizativa-y-evolucion-historica-de-las-brigadas-rojas-1970-1981\/","title":{"rendered":"Lenguaje pol\u00edtico ideolog\u00eda, praxis organizativa y evoluci\u00f3n hist\u00f3rica de las brigadas rojas (1970-1981)"},"content":{"rendered":"<h2>Tesis doctoral de <strong> Matteo Re <\/strong><\/h2>\n<p>Estudio de la organizaci\u00f3n terrorista de extrema izquierda brigadas rojas, periodo 1970-1981. Atiende a sus or\u00edgenes proceso de radicalizaci\u00f3n del grupo original, evoluci\u00f3n atentados, sus represiones , el lenguaje pol\u00edtico y la respuesta desde el estado. Contiene anexo documental. Asimismo realiza un perfil de los terroristas y valora el papel desempe\u00f1ado por los medios de comunicaci\u00f3n, en ocasiones mal orientada en el tratamiento del tema.<\/p>\n<p>&nbsp;<\/p>\n<h3>Datos acad\u00e9micos de la tesis doctoral \u00ab<strong>Lenguaje pol\u00edtico ideolog\u00eda, praxis organizativa y evoluci\u00f3n hist\u00f3rica de las brigadas rojas (1970-1981)<\/strong>\u00ab<\/h3>\n<ul>\n<li><strong>T\u00edtulo de la tesis:<\/strong>\u00a0 Lenguaje pol\u00edtico ideolog\u00eda, praxis organizativa y evoluci\u00f3n hist\u00f3rica de las brigadas rojas (1970-1981) <\/li>\n<li><strong>Autor:<\/strong>\u00a0 Matteo Re <\/li>\n<li><strong>Universidad:<\/strong>\u00a0 Rey juan carlos<\/li>\n<li><strong>Fecha de lectura de la tesis:<\/strong>\u00a0 09\/02\/2010<\/li>\n<\/ul>\n<p>&nbsp;<\/p>\n<h3>Direcci\u00f3n y tribunal<\/h3>\n<ul>\n<li><strong>Director de la tesis<\/strong>\n<ul>\n<li>Jos\u00e9 Manuel Azcona Pastor<\/li>\n<\/ul>\n<\/li>\n<li><strong>Tribunal<\/strong>\n<ul>\n<li>Presidente del tribunal: pedro jos\u00e9 Gonz\u00e1lez-trevijano s\u00e1nchez <\/li>\n<li>Fernando Garc\u00eda de cort\u00e1zar ruiz de aguirre (vocal)<\/li>\n<li>ricardo Martin  de la guardia (vocal)<\/li>\n<li>Ana Mart\u00ednez-pe\u00f1uela virseda (vocal)<\/li>\n<\/ul>\n<\/li>\n<\/ul>\n<p>&nbsp;<\/p>\n","protected":false},"excerpt":{"rendered":"<p>Tesis doctoral de Matteo Re Estudio de la organizaci\u00f3n terrorista de extrema izquierda brigadas rojas, periodo 1970-1981. Atiende a sus [&hellip;]<\/p>\n","protected":false},"author":1,"featured_media":0,"comment_status":"open","ping_status":"open","sticky":false,"template":"","format":"standard","meta":{"site-sidebar-layout":"default","site-content-layout":"","ast-site-content-layout":"","site-content-style":"default","site-sidebar-style":"default","ast-global-header-display":"","ast-banner-title-visibility":"","ast-main-header-display":"","ast-hfb-above-header-display":"","ast-hfb-below-header-display":"","ast-hfb-mobile-header-display":"","site-post-title":"","ast-breadcrumbs-content":"","ast-featured-img":"","footer-sml-layout":"","theme-transparent-header-meta":"","adv-header-id-meta":"","stick-header-meta":"","header-above-stick-meta":"","header-main-stick-meta":"","header-below-stick-meta":"","astra-migrate-meta-layouts":"default","ast-page-background-enabled":"default","ast-page-background-meta":{"desktop":{"background-color":"var(--ast-global-color-4)","background-image":"","background-repeat":"repeat","background-position":"center center","background-size":"auto","background-attachment":"scroll","background-type":"","background-media":"","overlay-type":"","overlay-color":"","overlay-gradient":""},"tablet":{"background-color":"","background-image":"","background-repeat":"repeat","background-position":"center center","background-size":"auto","background-attachment":"scroll","background-type":"","background-media":"","overlay-type":"","overlay-color":"","overlay-gradient":""},"mobile":{"background-color":"","background-image":"","background-repeat":"repeat","background-position":"center center","background-size":"auto","background-attachment":"scroll","background-type":"","background-media":"","overlay-type":"","overlay-color":"","overlay-gradient":""}},"ast-content-background-meta":{"desktop":{"background-color":"var(--ast-global-color-5)","background-image":"","background-repeat":"repeat","background-position":"center center","background-size":"auto","background-attachment":"scroll","background-type":"","background-media":"","overlay-type":"","overlay-color":"","overlay-gradient":""},"tablet":{"background-color":"var(--ast-global-color-5)","background-image":"","background-repeat":"repeat","background-position":"center center","background-size":"auto","background-attachment":"scroll","background-type":"","background-media":"","overlay-type":"","overlay-color":"","overlay-gradient":""},"mobile":{"background-color":"var(--ast-global-color-5)","background-image":"","background-repeat":"repeat","background-position":"center center","background-size":"auto","background-attachment":"scroll","background-type":"","background-media":"","overlay-type":"","overlay-color":"","overlay-gradient":""}},"footnotes":""},"categories":[36610],"tags":[129042,20827,202340,202339,23520,61855],"class_list":["post-99074","post","type-post","status-publish","format-standard","hentry","category-rey-juan-carlos","tag-ana-Martinez-penuela-virseda","tag-fernando-garcia-de-cortazar-ruiz-de-aguirre","tag-jose-manuel-azcona-pastor","tag-matteo-re","tag-pedro-jose-gonzalez-trevijano-sanchez","tag-ricardo-martin-de-la-guardia"],"_links":{"self":[{"href":"https:\/\/www.deberes.net\/tesis\/wp-json\/wp\/v2\/posts\/99074","targetHints":{"allow":["GET"]}}],"collection":[{"href":"https:\/\/www.deberes.net\/tesis\/wp-json\/wp\/v2\/posts"}],"about":[{"href":"https:\/\/www.deberes.net\/tesis\/wp-json\/wp\/v2\/types\/post"}],"author":[{"embeddable":true,"href":"https:\/\/www.deberes.net\/tesis\/wp-json\/wp\/v2\/users\/1"}],"replies":[{"embeddable":true,"href":"https:\/\/www.deberes.net\/tesis\/wp-json\/wp\/v2\/comments?post=99074"}],"version-history":[{"count":0,"href":"https:\/\/www.deberes.net\/tesis\/wp-json\/wp\/v2\/posts\/99074\/revisions"}],"wp:attachment":[{"href":"https:\/\/www.deberes.net\/tesis\/wp-json\/wp\/v2\/media?parent=99074"}],"wp:term":[{"taxonomy":"category","embeddable":true,"href":"https:\/\/www.deberes.net\/tesis\/wp-json\/wp\/v2\/categories?post=99074"},{"taxonomy":"post_tag","embeddable":true,"href":"https:\/\/www.deberes.net\/tesis\/wp-json\/wp\/v2\/tags?post=99074"}],"curies":[{"name":"wp","href":"https:\/\/api.w.org\/{rel}","templated":true}]}}