{"id":99086,"date":"2010-11-02T00:00:00","date_gmt":"2010-11-02T00:00:00","guid":{"rendered":"https:\/\/www.deberes.net\/tesis\/sin-categoria\/autoeficacia-depresion-y-rendimiento-academico-en-estudiantes-univer-sitarios\/"},"modified":"2010-11-02T00:00:00","modified_gmt":"2010-11-02T00:00:00","slug":"autoeficacia-depresion-y-rendimiento-academico-en-estudiantes-univer-sitarios","status":"publish","type":"post","link":"https:\/\/www.deberes.net\/tesis\/sin-categoria\/autoeficacia-depresion-y-rendimiento-academico-en-estudiantes-univer-sitarios\/","title":{"rendered":"Autoeficacia, depresi\u00f3n y rendimiento acad\u00e9mico en estudiantes univer-sitarios."},"content":{"rendered":"<h2>Tesis doctoral de <strong> Jos\u00e9 A. Serra Taylor <\/strong><\/h2>\n<p>La presente tesis utiliz\u00f3 un acercamiento descriptivo-correlacional para evaluar las variables cognitivas, psicosociales y sociodemogr\u00e1ficas implicadas en el aprovechamiento acad\u00e9mico. Espec\u00edficamente, precisar las influencias de las variables nivel de autoeficacia percibida, nivel de depresi\u00f3n y el aprovechamiento acad\u00e9mico en estudiantes universitarios. Se obtuvo una muestra de 320 personas. Dicha muestra estuvo formada por 232 mujeres y 88 hombres de 18 a\u00f1os en adelante. Se aplic\u00f3 una bater\u00eda  de cuestionarios autocompletados relacionados con las variables soociodemogr\u00e1ficas (desarrollada por el autor), nivel de depresi\u00f3n (escala autoaplicada de la depresi\u00f3n de zung, 1965) y nivel de autoeficacia percibida (escala de autoeficacia general de baessler y schwarzer, 1996). Se observ\u00f3 que en las caracter\u00edsticas sociodemogr\u00e1ficas de los participantes que la mayor\u00eda de los estudiantes entrevistados eran del sexo femenino, solteras con una edad promedio de 23.7 a\u00f1os; pertenec\u00edan al nivel sub graduado. Adem\u00e1s, en su mayor\u00eda presentaron s\u00edntomas depresivos, un nivel de autoeficacia alta y un nivel de aprovechamiento acad\u00e9mico entre 2.5 y 3.49. En cuanto al an\u00e1lisis de las hip\u00f3tesis planteadas, los resultados se\u00f1alaron que existe una relaci \u00f3n significativa entre el nivel de percepci\u00f3n de autoeficacia, depresi\u00f3n y aprovechamiento acad\u00e9mico. Se encontr\u00f3 que los\/as estudiantes sin s\u00edntomas de depresi\u00f3n presentaron una diferencia en las medias, la cual fue significativa a nivel estad\u00edstico . Se observaron diferencias significativas entre los estudiantes graduados y subgraduados con relaci\u00f3n a las variables el nivel de percepci\u00f3n de autoeficacia, depresi\u00f3n y aprovechamiento acad\u00e9mico. Sin embargo, no se observ\u00f3 diferencias significativa s entre los estudiantes varones y hembras con relaci\u00f3n a estas mismas variables. En conclusi\u00f3n, se desprende del estudio que existen m\u00faltiples variables que contribuyen con el desempe\u00f1o acad\u00e9mico de los\/as estudiantes. Entre las m\u00e1s significativas se  encuentran, la percepci\u00f3n de autoeficacia, la cantidad de cr\u00e9ditos y el tiempo que llevan en la universidad, ya que inciden directa y positivamente. Mientras que el nivel de depresi\u00f3n y la edad inciden indirectamente sobre el desempe\u00f1o acad\u00e9mico de los\/as estudiantes<\/p>\n<p>&nbsp;<\/p>\n<h3>Datos acad\u00e9micos de la tesis doctoral \u00ab<strong>Autoeficacia, depresi\u00f3n y rendimiento acad\u00e9mico en estudiantes univer-sitarios.<\/strong>\u00ab<\/h3>\n<ul>\n<li><strong>T\u00edtulo de la tesis:<\/strong>\u00a0 Autoeficacia, depresi\u00f3n y rendimiento acad\u00e9mico en estudiantes univer-sitarios. <\/li>\n<li><strong>Autor:<\/strong>\u00a0 Jos\u00e9 A. Serra Taylor <\/li>\n<li><strong>Universidad:<\/strong>\u00a0 Complutense de Madrid<\/li>\n<li><strong>Fecha de lectura de la tesis:<\/strong>\u00a0 11\/02\/2010<\/li>\n<\/ul>\n<p>&nbsp;<\/p>\n<h3>Direcci\u00f3n y tribunal<\/h3>\n<ul>\n<li><strong>Director de la tesis<\/strong>\n<ul>\n<li>Javier Gonz\u00e1lez Marqu\u00e9s<\/li>\n<\/ul>\n<\/li>\n<li><strong>Tribunal<\/strong>\n<ul>\n<li>Presidente del tribunal: Juan  jos\u00e9 Miguel tobal <\/li>\n<li>Francisco P\u00e9rez fern\u00e1ndez (vocal)<\/li>\n<li>Miguel \u00e1ngel P\u00e9rez nieto (vocal)<\/li>\n<li>gonzalo Sampascual maicas (vocal)<\/li>\n<\/ul>\n<\/li>\n<\/ul>\n<p>&nbsp;<\/p>\n","protected":false},"excerpt":{"rendered":"<p>Tesis doctoral de Jos\u00e9 A. Serra Taylor La presente tesis utiliz\u00f3 un acercamiento descriptivo-correlacional para evaluar las variables cognitivas, psicosociales [&hellip;]<\/p>\n","protected":false},"author":1,"featured_media":0,"comment_status":"open","ping_status":"open","sticky":false,"template":"","format":"standard","meta":{"site-sidebar-layout":"default","site-content-layout":"","ast-site-content-layout":"","site-content-style":"default","site-sidebar-style":"default","ast-global-header-display":"","ast-banner-title-visibility":"","ast-main-header-display":"","ast-hfb-above-header-display":"","ast-hfb-below-header-display":"","ast-hfb-mobile-header-display":"","site-post-title":"","ast-breadcrumbs-content":"","ast-featured-img":"","footer-sml-layout":"","theme-transparent-header-meta":"","adv-header-id-meta":"","stick-header-meta":"","header-above-stick-meta":"","header-main-stick-meta":"","header-below-stick-meta":"","astra-migrate-meta-layouts":"default","ast-page-background-enabled":"default","ast-page-background-meta":{"desktop":{"background-color":"var(--ast-global-color-4)","background-image":"","background-repeat":"repeat","background-position":"center center","background-size":"auto","background-attachment":"scroll","background-type":"","background-media":"","overlay-type":"","overlay-color":"","overlay-gradient":""},"tablet":{"background-color":"","background-image":"","background-repeat":"repeat","background-position":"center center","background-size":"auto","background-attachment":"scroll","background-type":"","background-media":"","overlay-type":"","overlay-color":"","overlay-gradient":""},"mobile":{"background-color":"","background-image":"","background-repeat":"repeat","background-position":"center center","background-size":"auto","background-attachment":"scroll","background-type":"","background-media":"","overlay-type":"","overlay-color":"","overlay-gradient":""}},"ast-content-background-meta":{"desktop":{"background-color":"var(--ast-global-color-5)","background-image":"","background-repeat":"repeat","background-position":"center center","background-size":"auto","background-attachment":"scroll","background-type":"","background-media":"","overlay-type":"","overlay-color":"","overlay-gradient":""},"tablet":{"background-color":"var(--ast-global-color-5)","background-image":"","background-repeat":"repeat","background-position":"center center","background-size":"auto","background-attachment":"scroll","background-type":"","background-media":"","overlay-type":"","overlay-color":"","overlay-gradient":""},"mobile":{"background-color":"var(--ast-global-color-5)","background-image":"","background-repeat":"repeat","background-position":"center center","background-size":"auto","background-attachment":"scroll","background-type":"","background-media":"","overlay-type":"","overlay-color":"","overlay-gradient":""}},"footnotes":""},"categories":[1],"tags":[93171,5138,6416,202360,5265,69146],"class_list":["post-99086","post","type-post","status-publish","format-standard","hentry","category-sin-categoria","tag-francisco-perez-fernandez","tag-gonzalo-sampascual-maicas","tag-javier-gonzalez-marques","tag-jose-a-serra-taylor","tag-juan-jose-miguel-tobal","tag-miguel-angel-perez-nieto"],"_links":{"self":[{"href":"https:\/\/www.deberes.net\/tesis\/wp-json\/wp\/v2\/posts\/99086","targetHints":{"allow":["GET"]}}],"collection":[{"href":"https:\/\/www.deberes.net\/tesis\/wp-json\/wp\/v2\/posts"}],"about":[{"href":"https:\/\/www.deberes.net\/tesis\/wp-json\/wp\/v2\/types\/post"}],"author":[{"embeddable":true,"href":"https:\/\/www.deberes.net\/tesis\/wp-json\/wp\/v2\/users\/1"}],"replies":[{"embeddable":true,"href":"https:\/\/www.deberes.net\/tesis\/wp-json\/wp\/v2\/comments?post=99086"}],"version-history":[{"count":0,"href":"https:\/\/www.deberes.net\/tesis\/wp-json\/wp\/v2\/posts\/99086\/revisions"}],"wp:attachment":[{"href":"https:\/\/www.deberes.net\/tesis\/wp-json\/wp\/v2\/media?parent=99086"}],"wp:term":[{"taxonomy":"category","embeddable":true,"href":"https:\/\/www.deberes.net\/tesis\/wp-json\/wp\/v2\/categories?post=99086"},{"taxonomy":"post_tag","embeddable":true,"href":"https:\/\/www.deberes.net\/tesis\/wp-json\/wp\/v2\/tags?post=99086"}],"curies":[{"name":"wp","href":"https:\/\/api.w.org\/{rel}","templated":true}]}}