{"id":99123,"date":"2010-12-02T00:00:00","date_gmt":"2010-12-02T00:00:00","guid":{"rendered":"https:\/\/www.deberes.net\/tesis\/sin-categoria\/determinacion-de-las-propiedades-de-absorcion-de-los-aerosoles-atmosfericos-aplicacion-en-la-zona-sub-artica-de-noruega\/"},"modified":"2010-12-02T00:00:00","modified_gmt":"2010-12-02T00:00:00","slug":"determinacion-de-las-propiedades-de-absorcion-de-los-aerosoles-atmosfericos-aplicacion-en-la-zona-sub-artica-de-noruega","status":"publish","type":"post","link":"https:\/\/www.deberes.net\/tesis\/valladolid\/determinacion-de-las-propiedades-de-absorcion-de-los-aerosoles-atmosfericos-aplicacion-en-la-zona-sub-artica-de-noruega\/","title":{"rendered":"Determinaci\u00f3n de las propiedades de absorci\u00f3n de los aerosoles atmosf\u00e9ricos:  aplicaci\u00f3n en la zona sub-\u00e1rtica de noruega"},"content":{"rendered":"<h2>Tesis doctoral de <strong> Elena Montilla Rosero <\/strong><\/h2>\n<p>El estudio de las propiedades \u00f3pticas de los aerosoles y espec\u00edficamente, las relacionadas con la absorci\u00f3n de la radiaci\u00f3n solar, es de vital importancia en la determinaci\u00f3n del impacto de estas part\u00edculas en la evoluci\u00f3n clim\u00e1tica del planeta. Adicionalmente, la determinaci\u00f3n de estas propiedades en las regiones polares tiene una importancia cient\u00edfica adicional si se tiene en cuenta su susceptibilidad a los cambios clim\u00e1ticos del planeta.   el presente trabajo de investigaci\u00f3n se ha desarrollado en base a la medici\u00f3n, evaluaci\u00f3n y an\u00e1lisis de las propiedades de absorci\u00f3n de los aerosoles en la estaci\u00f3n sub-\u00e1rtica de alomar (63\u00c2\u00ban, 16\u00c2\u00bae), en noruega. Se han utilizando dos t\u00e9cnicas diferentes de medidas in situ para la determinaci\u00f3n del coeficiente de absorci\u00f3n, derivando en ambos casos el albedo de scattering simple (ssa) de los aerosoles. Adicionalmente, se ha determinado este par\u00e1metro en columna, utilizando las medidas de irradiancia solar espectral.   este trabajo se presenta como una contribuci\u00f3n del grupo de \u00f3ptica atmosf\u00e9rica al estudio, caracterizaci\u00f3n y construcci\u00f3n de la climatolog\u00eda basada en las propiedades f\u00edsicas y radiativas de los aerosoles en esta zona sub-\u00e1rtica del norte de noruega, y como parte de las actividades del goa en el a\u00f1o polar internacional.  La memoria se ha distribuido en diferentes cap\u00edtulos que describen en detalle la realizaci\u00f3n de este trabajo de investigaci\u00f3n. En la introducci\u00f3n se presenta la definici\u00f3n y descripci\u00f3n general de las principales caracter\u00edsticas de los aerosoles, como tambi\u00e9n la definici\u00f3n e importancia del estudio de las caracter\u00edsticas \u00f3pticas relacionadas con la absorci\u00f3n. Al final de la misma se enuncia la justificaci\u00f3n del trabajo y el contexto en el que se ha desarrollado.  en el capitulo 1 se presentan las definiciones te\u00f3ricas en las que se fundamenta el trabajo, as\u00ed como la descripci\u00f3n y clasificaci\u00f3n de las t\u00e9cnicas de medida. Para terminar el cap\u00edtulo se presenta el fundamento te\u00f3rico de la ecuaci\u00f3n de transferencia radiativa en la que se basa el segundo de los m\u00e9todos utilizados.  en el capitulo 2 se hace la descripci\u00f3n de la campa\u00f1a y del lugar de medida, las t\u00e9cnicas e instrumentaci\u00f3n utilizada, as\u00ed como los procedimientos y resultados en la caracterizaci\u00f3n del fot\u00f3metro de esfera integrante. Se termina con la descripci\u00f3n de la base te\u00f3rico experimental, del m\u00e9todo para la determinaci\u00f3n del albedo de scattering simple en columna de los aerosoles.  en el capitulo 3 se presentan las series temporales y an\u00e1lisis estad\u00edstico de los coeficientes de absorci\u00f3n y scattering medidos en la estaci\u00f3n, as\u00ed como de los par\u00e1metros de \u00ed\u00a5ngstr\u00ed\u00b6m para las dos propiedades. La comparaci\u00f3n de los dos m\u00e9todos in situ de medida del coeficiente de absorci\u00f3n y la clasificaci\u00f3n de las trayectorias de masa de aire que arribaron a la estaci\u00f3n en el periodo de medida.  finalmente, en el capitulo 4 se presentan los resultados obtenidos del albedo de scattering simple por los dos m\u00e9todos de determinaci\u00f3n utilizados, in situ y columna, junto con la estad\u00edstica y an\u00e1lisis en relaci\u00f3n con las retrotrayectorias. Para terminar se analizan varios d\u00edas representativos de la campa\u00f1a.<\/p>\n<p>&nbsp;<\/p>\n<h3>Datos acad\u00e9micos de la tesis doctoral \u00ab<strong>Determinaci\u00f3n de las propiedades de absorci\u00f3n de los aerosoles atmosf\u00e9ricos:  aplicaci\u00f3n en la zona sub-\u00e1rtica de noruega<\/strong>\u00ab<\/h3>\n<ul>\n<li><strong>T\u00edtulo de la tesis:<\/strong>\u00a0 Determinaci\u00f3n de las propiedades de absorci\u00f3n de los aerosoles atmosf\u00e9ricos:  aplicaci\u00f3n en la zona sub-\u00e1rtica de noruega <\/li>\n<li><strong>Autor:<\/strong>\u00a0 Elena Montilla Rosero <\/li>\n<li><strong>Universidad:<\/strong>\u00a0 Valladolid<\/li>\n<li><strong>Fecha de lectura de la tesis:<\/strong>\u00a0 12\/02\/2010<\/li>\n<\/ul>\n<p>&nbsp;<\/p>\n<h3>Direcci\u00f3n y tribunal<\/h3>\n<ul>\n<li><strong>Director de la tesis<\/strong>\n<ul>\n<li>Victoria Eugenia Cachorro Revilla<\/li>\n<\/ul>\n<\/li>\n<li><strong>Tribunal<\/strong>\n<ul>\n<li>Presidente del tribunal: Santiago Mar sarda\u00f1a <\/li>\n<li>michael Gausa (vocal)<\/li>\n<li>Jes\u00fas dami\u00e1n De la rosa d\u00edaz (vocal)<\/li>\n<li>pedro Miranda (vocal)<\/li>\n<\/ul>\n<\/li>\n<\/ul>\n<p>&nbsp;<\/p>\n","protected":false},"excerpt":{"rendered":"<p>Tesis doctoral de Elena Montilla Rosero El estudio de las propiedades \u00f3pticas de los aerosoles y espec\u00edficamente, las relacionadas con [&hellip;]<\/p>\n","protected":false},"author":1,"featured_media":0,"comment_status":"open","ping_status":"open","sticky":false,"template":"","format":"standard","meta":{"site-sidebar-layout":"default","site-content-layout":"","ast-site-content-layout":"","site-content-style":"default","site-sidebar-style":"default","ast-global-header-display":"","ast-banner-title-visibility":"","ast-main-header-display":"","ast-hfb-above-header-display":"","ast-hfb-below-header-display":"","ast-hfb-mobile-header-display":"","site-post-title":"","ast-breadcrumbs-content":"","ast-featured-img":"","footer-sml-layout":"","theme-transparent-header-meta":"","adv-header-id-meta":"","stick-header-meta":"","header-above-stick-meta":"","header-main-stick-meta":"","header-below-stick-meta":"","astra-migrate-meta-layouts":"default","ast-page-background-enabled":"default","ast-page-background-meta":{"desktop":{"background-color":"var(--ast-global-color-4)","background-image":"","background-repeat":"repeat","background-position":"center center","background-size":"auto","background-attachment":"scroll","background-type":"","background-media":"","overlay-type":"","overlay-color":"","overlay-gradient":""},"tablet":{"background-color":"","background-image":"","background-repeat":"repeat","background-position":"center center","background-size":"auto","background-attachment":"scroll","background-type":"","background-media":"","overlay-type":"","overlay-color":"","overlay-gradient":""},"mobile":{"background-color":"","background-image":"","background-repeat":"repeat","background-position":"center center","background-size":"auto","background-attachment":"scroll","background-type":"","background-media":"","overlay-type":"","overlay-color":"","overlay-gradient":""}},"ast-content-background-meta":{"desktop":{"background-color":"var(--ast-global-color-5)","background-image":"","background-repeat":"repeat","background-position":"center center","background-size":"auto","background-attachment":"scroll","background-type":"","background-media":"","overlay-type":"","overlay-color":"","overlay-gradient":""},"tablet":{"background-color":"var(--ast-global-color-5)","background-image":"","background-repeat":"repeat","background-position":"center center","background-size":"auto","background-attachment":"scroll","background-type":"","background-media":"","overlay-type":"","overlay-color":"","overlay-gradient":""},"mobile":{"background-color":"var(--ast-global-color-5)","background-image":"","background-repeat":"repeat","background-position":"center center","background-size":"auto","background-attachment":"scroll","background-type":"","background-media":"","overlay-type":"","overlay-color":"","overlay-gradient":""}},"footnotes":""},"categories":[12451],"tags":[202426,170376,202427,46594,10846,27616],"class_list":["post-99123","post","type-post","status-publish","format-standard","hentry","category-valladolid","tag-elena-montilla-rosero","tag-jesus-damian-de-la-rosa-diaz","tag-michael-gausa","tag-pedro-miranda","tag-santiago-mar-sardana","tag-victoria-eugenia-cachorro-revilla"],"_links":{"self":[{"href":"https:\/\/www.deberes.net\/tesis\/wp-json\/wp\/v2\/posts\/99123","targetHints":{"allow":["GET"]}}],"collection":[{"href":"https:\/\/www.deberes.net\/tesis\/wp-json\/wp\/v2\/posts"}],"about":[{"href":"https:\/\/www.deberes.net\/tesis\/wp-json\/wp\/v2\/types\/post"}],"author":[{"embeddable":true,"href":"https:\/\/www.deberes.net\/tesis\/wp-json\/wp\/v2\/users\/1"}],"replies":[{"embeddable":true,"href":"https:\/\/www.deberes.net\/tesis\/wp-json\/wp\/v2\/comments?post=99123"}],"version-history":[{"count":0,"href":"https:\/\/www.deberes.net\/tesis\/wp-json\/wp\/v2\/posts\/99123\/revisions"}],"wp:attachment":[{"href":"https:\/\/www.deberes.net\/tesis\/wp-json\/wp\/v2\/media?parent=99123"}],"wp:term":[{"taxonomy":"category","embeddable":true,"href":"https:\/\/www.deberes.net\/tesis\/wp-json\/wp\/v2\/categories?post=99123"},{"taxonomy":"post_tag","embeddable":true,"href":"https:\/\/www.deberes.net\/tesis\/wp-json\/wp\/v2\/tags?post=99123"}],"curies":[{"name":"wp","href":"https:\/\/api.w.org\/{rel}","templated":true}]}}