{"id":99142,"date":"2010-12-02T00:00:00","date_gmt":"2010-12-02T00:00:00","guid":{"rendered":"https:\/\/www.deberes.net\/tesis\/sin-categoria\/intervencion-administrativa-y-regimen-jura%c2%addico-del-medicamento-en-la-union-europea\/"},"modified":"2010-12-02T00:00:00","modified_gmt":"2010-12-02T00:00:00","slug":"intervencion-administrativa-y-regimen-jura%c2%addico-del-medicamento-en-la-union-europea","status":"publish","type":"post","link":"https:\/\/www.deberes.net\/tesis\/ciencias-juridicas-y-derecho\/intervencion-administrativa-y-regimen-jura%c2%addico-del-medicamento-en-la-union-europea\/","title":{"rendered":"Intervenci\u00f3n administrativa y r\u00e9gimen jur\u00eddico del medicamento en la uni\u00f3n europea"},"content":{"rendered":"<h2>Tesis doctoral de <strong> Francisco Miguel Bombillar  S\u00e1enz <\/strong><\/h2>\n<p>En el presente trabajo de investigaci\u00f3n hemos pretendido analizar, tanto desde una perspectiva jur\u00eddica como metajur\u00eddica (y, sin duda, netamente europe\u00edsta), el r\u00e9gimen jur\u00eddico-administrativo del medicamento de uso humano industrial y las nuevas vicisitudes a las que aqu\u00e9l ha de enfrentarse en el marco de la llamada sociedad del riesgo y la innovaci\u00f3n.   el medicamento es un bien sanitario, objeto de intervenci\u00f3n y control estatal durante todas las fases de su vida: invenci\u00f3n, fabricaci\u00f3n, distribuci\u00f3n, prescripci\u00f3n y dispensaci\u00f3n. Bajo la supervisi\u00f3n y control de la administraci\u00f3n queda la producci\u00f3n, investigaci\u00f3n y fabricaci\u00f3n de los medicamentos, su distribuci\u00f3n y almacenamiento; su prescripci\u00f3n y financiaci\u00f3n por el sistema p\u00fablico de salud y su expedici\u00f3n por unos profesionales espec\u00edficos, con titulaci\u00f3n y autorizaci\u00f3n para ello: los farmac\u00e9uticos. Es incuestionable el fuerte intervencionismo p\u00fablico que reina en nuestro objeto de estudio. A\u00fan as\u00ed, tradicionalmente nuestra disciplina ha desatendido este sector.   ante este p\u00e1ramo de fuentes doctrinales espec\u00edficas dentro de nuestra disciplina, optamos, m\u00e1s que por centrarnos en un aspecto concreto de tantos como en este \u00e1mbito se pueden rese\u00f1ar, por dar una visi\u00f3n de conjunto acerca del estatuto jur\u00eddico del medicamento, resaltando algunos de los aspectos que consideramos eran claves en su r\u00e9gimen jur\u00eddico-administrativo, integrando conceptos y aportaciones de otras \u00e1reas for\u00e1neas para encuadrar la cuesti\u00f3n en su justo contexto. En este sentido, al planificar esta tesis doctoral, entendimos que era necesario,debido a la complejidad y diversidad de los temas que se tratan, dividir la obra en dos partes o bloques diferenciados.   en la primera parte de la tesis, formada por cuatro cap\u00edtulos, nos ocupamos de presentar nuestro objeto de estudio: el medicamento, como parte integrante del derecho a la salud. Abordamos aqu\u00ed algunas de las perspectivas desde las que \u00e9ste puede ser observado: su dimensi\u00f3n pol\u00edtica, econ\u00f3mica, social y cient\u00edfico-sanitaria (cap\u00edtulos i, ii y iii). Desde el primer momento, lo identificamos como un producto que no es inocuo y que, por tanto, puede causar riesgos (cap\u00edtulo iii), ante los que los poderes p\u00fablicos, en un \u00e1mbito de incertidumbre cient\u00edfica, han de intentar dar una respuesta. Todos estos cap\u00edtulos tienen un marcado car\u00e1cter introductorio y quedan presididos por la intenci\u00f3n de procurar un acercamiento integral a nuestro objeto de estudio, y transmitir al lector cu\u00e1l es el conjunto de fuerzas e intereses que giran en torno al medicamento.  en la segunda parte, integrada por cinco cap\u00edtulos, tras exponer el concepto jur\u00eddico de medicamento (cap\u00edtulo v), entramos propiamente en el an\u00e1lisis de la intervenci\u00f3n que la administraci\u00f3n realiza sobre \u00e9ste. En funci\u00f3n de su finalidad, se puede descomponer esta intervenci\u00f3n de la administraci\u00f3n en dos grandes bloques: de un lado, una intervenci\u00f3n de orden p\u00fablico sanitario, que busca asegurar la calidad y seguridad del medicamento (cap\u00edtulos vi, vii y viii); de otro, una intervenci\u00f3n de servicio p\u00fablico, tendente a garantizar el acceso de la ciudadan\u00eda al medicamento, que aboga por un uso racional de \u00e9ste y por el control del gasto farmac\u00e9utico p\u00fablico (cap\u00edtulo ix).   esperamos que este trabajo contribuya a impulsar un renovado inter\u00e9s por esta apasionante materia y anime a otros juristas de nuestra \u00e1rea a embarcarse en esta dif\u00edcil empresa, bajo el convencimiento de que una buena regulaci\u00f3n jur\u00eddica del medicamento, y del papel que espera a la administraci\u00f3n en relaci\u00f3n con el mismo, redundar\u00e1 en un adecuado tratamiento del propio derecho a la protecci\u00f3n de la salud.<\/p>\n<p>&nbsp;<\/p>\n<h3>Datos acad\u00e9micos de la tesis doctoral \u00ab<strong>Intervenci\u00f3n administrativa y r\u00e9gimen jur\u00eddico del medicamento en la uni\u00f3n europea<\/strong>\u00ab<\/h3>\n<ul>\n<li><strong>T\u00edtulo de la tesis:<\/strong>\u00a0 Intervenci\u00f3n administrativa y r\u00e9gimen jur\u00eddico del medicamento en la uni\u00f3n europea <\/li>\n<li><strong>Autor:<\/strong>\u00a0 Francisco Miguel Bombillar  S\u00e1enz <\/li>\n<li><strong>Universidad:<\/strong>\u00a0 Granada<\/li>\n<li><strong>Fecha de lectura de la tesis:<\/strong>\u00a0 12\/02\/2010<\/li>\n<\/ul>\n<p>&nbsp;<\/p>\n<h3>Direcci\u00f3n y tribunal<\/h3>\n<ul>\n<li><strong>Director de la tesis<\/strong>\n<ul>\n<li>Rafael Barranco Vela<\/li>\n<\/ul>\n<\/li>\n<li><strong>Tribunal<\/strong>\n<ul>\n<li>Presidente del tribunal: jose Esteve pardo <\/li>\n<li>c\u00e9sar Cierco seira (vocal)<\/li>\n<li>gabriel Domenech pascual (vocal)<\/li>\n<li>Jos\u00e9 lu\u00eds Valverde l\u00f3pez (vocal)<\/li>\n<\/ul>\n<\/li>\n<\/ul>\n<p>&nbsp;<\/p>\n","protected":false},"excerpt":{"rendered":"<p>Tesis doctoral de Francisco Miguel Bombillar S\u00e1enz En el presente trabajo de investigaci\u00f3n hemos pretendido analizar, tanto desde una perspectiva [&hellip;]<\/p>\n","protected":false},"author":1,"featured_media":0,"comment_status":"open","ping_status":"open","sticky":false,"template":"","format":"standard","meta":{"site-sidebar-layout":"default","site-content-layout":"","ast-site-content-layout":"","site-content-style":"default","site-sidebar-style":"default","ast-global-header-display":"","ast-banner-title-visibility":"","ast-main-header-display":"","ast-hfb-above-header-display":"","ast-hfb-below-header-display":"","ast-hfb-mobile-header-display":"","site-post-title":"","ast-breadcrumbs-content":"","ast-featured-img":"","footer-sml-layout":"","theme-transparent-header-meta":"","adv-header-id-meta":"","stick-header-meta":"","header-above-stick-meta":"","header-main-stick-meta":"","header-below-stick-meta":"","astra-migrate-meta-layouts":"default","ast-page-background-enabled":"default","ast-page-background-meta":{"desktop":{"background-color":"var(--ast-global-color-4)","background-image":"","background-repeat":"repeat","background-position":"center center","background-size":"auto","background-attachment":"scroll","background-type":"","background-media":"","overlay-type":"","overlay-color":"","overlay-gradient":""},"tablet":{"background-color":"","background-image":"","background-repeat":"repeat","background-position":"center center","background-size":"auto","background-attachment":"scroll","background-type":"","background-media":"","overlay-type":"","overlay-color":"","overlay-gradient":""},"mobile":{"background-color":"","background-image":"","background-repeat":"repeat","background-position":"center center","background-size":"auto","background-attachment":"scroll","background-type":"","background-media":"","overlay-type":"","overlay-color":"","overlay-gradient":""}},"ast-content-background-meta":{"desktop":{"background-color":"var(--ast-global-color-5)","background-image":"","background-repeat":"repeat","background-position":"center center","background-size":"auto","background-attachment":"scroll","background-type":"","background-media":"","overlay-type":"","overlay-color":"","overlay-gradient":""},"tablet":{"background-color":"var(--ast-global-color-5)","background-image":"","background-repeat":"repeat","background-position":"center center","background-size":"auto","background-attachment":"scroll","background-type":"","background-media":"","overlay-type":"","overlay-color":"","overlay-gradient":""},"mobile":{"background-color":"var(--ast-global-color-5)","background-image":"","background-repeat":"repeat","background-position":"center center","background-size":"auto","background-attachment":"scroll","background-type":"","background-media":"","overlay-type":"","overlay-color":"","overlay-gradient":""}},"footnotes":""},"categories":[612,1442,979,991],"tags":[202457,202456,71248,46910,364,3467],"class_list":["post-99142","post","type-post","status-publish","format-standard","hentry","category-ciencias-juridicas-y-derecho","category-derecho-administrativo","category-derecho-y-legislacion-nacionales","category-innovacion-tecnologica","tag-cesar-cierco-seira","tag-francisco-miguel-bombillar-saenz","tag-gabriel-domenech-pascual","tag-jose-esteve-pardo","tag-jose-luis-valverde-lopez","tag-rafael-barranco-vela"],"_links":{"self":[{"href":"https:\/\/www.deberes.net\/tesis\/wp-json\/wp\/v2\/posts\/99142","targetHints":{"allow":["GET"]}}],"collection":[{"href":"https:\/\/www.deberes.net\/tesis\/wp-json\/wp\/v2\/posts"}],"about":[{"href":"https:\/\/www.deberes.net\/tesis\/wp-json\/wp\/v2\/types\/post"}],"author":[{"embeddable":true,"href":"https:\/\/www.deberes.net\/tesis\/wp-json\/wp\/v2\/users\/1"}],"replies":[{"embeddable":true,"href":"https:\/\/www.deberes.net\/tesis\/wp-json\/wp\/v2\/comments?post=99142"}],"version-history":[{"count":0,"href":"https:\/\/www.deberes.net\/tesis\/wp-json\/wp\/v2\/posts\/99142\/revisions"}],"wp:attachment":[{"href":"https:\/\/www.deberes.net\/tesis\/wp-json\/wp\/v2\/media?parent=99142"}],"wp:term":[{"taxonomy":"category","embeddable":true,"href":"https:\/\/www.deberes.net\/tesis\/wp-json\/wp\/v2\/categories?post=99142"},{"taxonomy":"post_tag","embeddable":true,"href":"https:\/\/www.deberes.net\/tesis\/wp-json\/wp\/v2\/tags?post=99142"}],"curies":[{"name":"wp","href":"https:\/\/api.w.org\/{rel}","templated":true}]}}