{"id":99181,"date":"2018-03-11T10:20:13","date_gmt":"2018-03-11T10:20:13","guid":{"rendered":"https:\/\/www.deberes.net\/tesis\/sin-categoria\/la-educacion-intercultural-bilinga%c2%bce-eib-en-honduras-teoria-y-didactica-para-una-adquisicion-de-la-competencia-intercultural\/"},"modified":"2018-03-11T10:20:13","modified_gmt":"2018-03-11T10:20:13","slug":"la-educacion-intercultural-bilinga%c2%bce-eib-en-honduras-teoria-y-didactica-para-una-adquisicion-de-la-competencia-intercultural","status":"publish","type":"post","link":"https:\/\/www.deberes.net\/tesis\/analisis-literario\/la-educacion-intercultural-bilinga%c2%bce-eib-en-honduras-teoria-y-didactica-para-una-adquisicion-de-la-competencia-intercultural\/","title":{"rendered":"La educaci\u00f3n intercultural bilingue (eib) en honduras: teor\u00eda y did\u00e1ctica para una adquisici\u00f3n de la competencia intercultural"},"content":{"rendered":"<h2>Tesis doctoral de <strong> Delia Fajardo Salinas <\/strong><\/h2>\n<p>La tesis incluye una fundamentaci\u00f3n epistemol\u00f3gica para la interculturalidad como modelo educativo y el dise\u00f1o de una propuesta did\u00e1ctica enfocada al aprendizaje y desarrollo de la competencia intercultural.<\/p>\n<p>&nbsp;<\/p>\n<h3>Datos acad\u00e9micos de la tesis doctoral \u00ab<strong>La educaci\u00f3n intercultural bilingue (eib) en honduras: teor\u00eda y did\u00e1ctica para una adquisici\u00f3n de la competencia intercultural<\/strong>\u00ab<\/h3>\n<ul>\n<li><strong>T\u00edtulo de la tesis:<\/strong>\u00a0 La educaci\u00f3n intercultural bilingue (eib) en honduras: teor\u00eda y did\u00e1ctica para una adquisici\u00f3n de la competencia intercultural <\/li>\n<li><strong>Autor:<\/strong>\u00a0 Delia Fajardo Salinas <\/li>\n<li><strong>Universidad:<\/strong>\u00a0 Barcelona<\/li>\n<li><strong>Fecha de lectura de la tesis:<\/strong>\u00a0 15\/02\/2010<\/li>\n<\/ul>\n<p>&nbsp;<\/p>\n<h3>Direcci\u00f3n y tribunal<\/h3>\n<ul>\n<li><strong>Director de la tesis<\/strong>\n<ul>\n<li>Francisco Jos\u00e9 Cantero Serena<\/li>\n<\/ul>\n<\/li>\n<li><strong>Tribunal<\/strong>\n<ul>\n<li>Presidente del tribunal: Antonio Mendoza fillola <\/li>\n<li>rosa Tabernero sala (vocal)<\/li>\n<li>  (vocal)<\/li>\n<li>  (vocal)<\/li>\n<\/ul>\n<\/li>\n<\/ul>\n<p>&nbsp;<\/p>\n","protected":false},"excerpt":{"rendered":"<p>Tesis doctoral de Delia Fajardo Salinas La tesis incluye una fundamentaci\u00f3n epistemol\u00f3gica para la interculturalidad como modelo educativo y el [&hellip;]<\/p>\n","protected":false},"author":1,"featured_media":0,"comment_status":"open","ping_status":"open","sticky":false,"template":"","format":"standard","meta":{"site-sidebar-layout":"default","site-content-layout":"","ast-site-content-layout":"","site-content-style":"default","site-sidebar-style":"default","ast-global-header-display":"","ast-banner-title-visibility":"","ast-main-header-display":"","ast-hfb-above-header-display":"","ast-hfb-below-header-display":"","ast-hfb-mobile-header-display":"","site-post-title":"","ast-breadcrumbs-content":"","ast-featured-img":"","footer-sml-layout":"","theme-transparent-header-meta":"","adv-header-id-meta":"","stick-header-meta":"","header-above-stick-meta":"","header-main-stick-meta":"","header-below-stick-meta":"","astra-migrate-meta-layouts":"default","ast-page-background-enabled":"default","ast-page-background-meta":{"desktop":{"background-color":"var(--ast-global-color-4)","background-image":"","background-repeat":"repeat","background-position":"center center","background-size":"auto","background-attachment":"scroll","background-type":"","background-media":"","overlay-type":"","overlay-color":"","overlay-gradient":""},"tablet":{"background-color":"","background-image":"","background-repeat":"repeat","background-position":"center center","background-size":"auto","background-attachment":"scroll","background-type":"","background-media":"","overlay-type":"","overlay-color":"","overlay-gradient":""},"mobile":{"background-color":"","background-image":"","background-repeat":"repeat","background-position":"center center","background-size":"auto","background-attachment":"scroll","background-type":"","background-media":"","overlay-type":"","overlay-color":"","overlay-gradient":""}},"ast-content-background-meta":{"desktop":{"background-color":"var(--ast-global-color-5)","background-image":"","background-repeat":"repeat","background-position":"center center","background-size":"auto","background-attachment":"scroll","background-type":"","background-media":"","overlay-type":"","overlay-color":"","overlay-gradient":""},"tablet":{"background-color":"var(--ast-global-color-5)","background-image":"","background-repeat":"repeat","background-position":"center center","background-size":"auto","background-attachment":"scroll","background-type":"","background-media":"","overlay-type":"","overlay-color":"","overlay-gradient":""},"mobile":{"background-color":"var(--ast-global-color-5)","background-image":"","background-repeat":"repeat","background-position":"center center","background-size":"auto","background-attachment":"scroll","background-type":"","background-media":"","overlay-type":"","overlay-color":"","overlay-gradient":""}},"footnotes":""},"categories":[148,983,951,1340,1341],"tags":[19750,202523,19806,74126],"class_list":["post-99181","post","type-post","status-publish","format-standard","hentry","category-analisis-literario","category-antropologia-cultural","category-barcelona","category-planes-de-estudios","category-teoria-y-metodos-educativos","tag-antonio-mendoza-fillola","tag-delia-fajardo-salinas","tag-francisco-jose-cantero-serena","tag-rosa-tabernero-sala"],"_links":{"self":[{"href":"https:\/\/www.deberes.net\/tesis\/wp-json\/wp\/v2\/posts\/99181","targetHints":{"allow":["GET"]}}],"collection":[{"href":"https:\/\/www.deberes.net\/tesis\/wp-json\/wp\/v2\/posts"}],"about":[{"href":"https:\/\/www.deberes.net\/tesis\/wp-json\/wp\/v2\/types\/post"}],"author":[{"embeddable":true,"href":"https:\/\/www.deberes.net\/tesis\/wp-json\/wp\/v2\/users\/1"}],"replies":[{"embeddable":true,"href":"https:\/\/www.deberes.net\/tesis\/wp-json\/wp\/v2\/comments?post=99181"}],"version-history":[{"count":0,"href":"https:\/\/www.deberes.net\/tesis\/wp-json\/wp\/v2\/posts\/99181\/revisions"}],"wp:attachment":[{"href":"https:\/\/www.deberes.net\/tesis\/wp-json\/wp\/v2\/media?parent=99181"}],"wp:term":[{"taxonomy":"category","embeddable":true,"href":"https:\/\/www.deberes.net\/tesis\/wp-json\/wp\/v2\/categories?post=99181"},{"taxonomy":"post_tag","embeddable":true,"href":"https:\/\/www.deberes.net\/tesis\/wp-json\/wp\/v2\/tags?post=99181"}],"curies":[{"name":"wp","href":"https:\/\/api.w.org\/{rel}","templated":true}]}}