{"id":99270,"date":"2018-03-11T10:20:17","date_gmt":"2018-03-11T10:20:17","guid":{"rendered":"https:\/\/www.deberes.net\/tesis\/sin-categoria\/o-papel-mediador-da-auto-regulaa%c2%a7ao-no-consumo-de-tabaco-e-alcool-na-adolescaancia\/"},"modified":"2018-03-11T10:20:17","modified_gmt":"2018-03-11T10:20:17","slug":"o-papel-mediador-da-auto-regulaa%c2%a7ao-no-consumo-de-tabaco-e-alcool-na-adolescaancia","status":"publish","type":"post","link":"https:\/\/www.deberes.net\/tesis\/psicologia\/o-papel-mediador-da-auto-regulaa%c2%a7ao-no-consumo-de-tabaco-e-alcool-na-adolescaancia\/","title":{"rendered":"O papel mediador da auto-regula\u00c1\u00a7\u00c1\u00a3o no consumo de tabaco e \u00e1lcool na adolesc\u00c1\u00aancia"},"content":{"rendered":"<h2>Tesis doctoral de <strong> Paulo Azevedo  Dias <\/strong><\/h2>\n<p>Hoy en d\u00eda el consumo de substancias entre los adolescentes, es uno de los mayores factores de riesgo para el desarrollo de problemas sociales y de salud. Teniendo en cuenta la importancia de la auto-regulaci\u00f3n en el funcionamiento adaptado y desadaptado, este estudio aborda el papel de la auto-regulaci\u00f3n en los comportamientos de consumo, desde una perspectiva de desarrollo.  se presentan, en un primer estudio, los resultados de la adaptaci\u00f3n portuguesa del inventario de auto-regulaci\u00f3n en la adolescencia (iara, moilanen, 2007a), un instrumento que eval\u00faa el grado en que los adolescentes son capaces de activar, confirmar, inhibir y adaptar sus emociones, pensamientos, atenci\u00f3n y comportamiento a corto y largo plazo. Posteriormente se presentan los resultados de una versi\u00f3n mejorada del instrumento, con nuevos \u00edtems construidos por la autora de la versi\u00f3n original (moilanen, 2007b). Los an\u00e1lisis permitieron encontrar una buena soluci\u00f3n factorial del instrumento, en cuanto a su validez de constructo, fiabilidad y validez concurrente. dado que se trata de una versi\u00f3n poco probada en la poblaci\u00f3n portuguesa, se procedi\u00f3 a realizar nuevos estudios con el objetivo de encontrar una versi\u00f3n m\u00e1s reducida (se utiliz\u00f3 el criterio de eliminaci\u00f3n de los \u00edtems con menor correlaci\u00f3n \u00edtem-total) y profundizar en el conocimiento del papel de la auto-regulaci\u00f3n en el consumo de alcohol y tabaco. A partir de los resultados obtenidos encontramos una versi\u00f3n m\u00e1s reducida, manteniendo la estructura factorial propuesta de dos modelos, como en la estructura original donde la validez de constructo fue reforzada con las relaciones positivas con la auto-eficacia y el coping proactivo.  en t\u00e9rminos diferenciales, se observ\u00f3 mayor auto-regulaci\u00f3n a largo plazo entre las ni\u00f1as, una correlaci\u00f3n positiva entre auto-regulaci\u00f3n a largo plazo y edad, y negativa entre auto-regulaci\u00f3n a corto plazo y edad, as\u00ed como mayor influencia de la escolaridad de las madres en el nivel de auto-regulaci\u00f3n a largo plazo.  como se\u00f1alan otros estudios, se confirma entre los sujetos que no consumieron alcohol y tabaco niveles m\u00e1s elevados de auto-regulaci\u00f3n, parece tener un papel m\u00e1s importante la auto-regulaci\u00f3n a corto plazo, dado que los sujetos que no consumen presentan puntuaciones m\u00e1s elevadas en relaci\u00f3n a los restantes grupos. Se confirma una relaci\u00f3n positiva moderada entre auto-regulaci\u00f3n a largo plazo y capacidades positivas de los padres, y puntuaciones m\u00e1s bajas en la auto-regulaci\u00f3n a corto plazo entre los adolescentes que tienen compa\u00f1eros fumadores o que consumen alcohol regularmente.  mediante el empleo del modelo de ecuaciones estructurales se confirman los resultados, entendiendo el papel de la auto-regulaci\u00f3n como intermediaria de las capacidades de los padres, influencias de las parejas y consumo de substancias. Los resultados sugieren tambi\u00e9n que las personas que consumen presentan una puntuaci\u00f3n inferior en la auto-regulaci\u00f3n a largo plazo y una disminuci\u00f3n en las puntuaciones en el segundo momento de la evaluaci\u00f3n tanto en el consumo de tabaco como de alcohol. Tambi\u00e9n en el consumo de tabaco, se confirma una diferencia entre los grupos en la auto-regulaci\u00f3n a corto plazo.<\/p>\n<p>&nbsp;<\/p>\n<h3>Datos acad\u00e9micos de la tesis doctoral \u00ab<strong>O papel mediador da auto-regula\u00c1\u00a7\u00c1\u00a3o no consumo de tabaco e \u00e1lcool na adolesc\u00c1\u00aancia<\/strong>\u00ab<\/h3>\n<ul>\n<li><strong>T\u00edtulo de la tesis:<\/strong>\u00a0 O papel mediador da auto-regula\u00c1\u00a7\u00c1\u00a3o no consumo de tabaco e \u00e1lcool na adolesc\u00c1\u00aancia <\/li>\n<li><strong>Autor:<\/strong>\u00a0 Paulo Azevedo  Dias <\/li>\n<li><strong>Universidad:<\/strong>\u00a0 Miguel hern\u00e1ndez de elche<\/li>\n<li><strong>Fecha de lectura de la tesis:<\/strong>\u00a0 19\/02\/2010<\/li>\n<\/ul>\n<p>&nbsp;<\/p>\n<h3>Direcci\u00f3n y tribunal<\/h3>\n<ul>\n<li><strong>Director de la tesis<\/strong>\n<ul>\n<li>Jos\u00e9 Antonio Garc\u00eda Del Castillo Rodr\u00edguez<\/li>\n<\/ul>\n<\/li>\n<li><strong>Tribunal<\/strong>\n<ul>\n<li>Presidente del tribunal: Mar\u00eda  del carmen L\u00f3pez s\u00e1nchez <\/li>\n<li>albino pedro Anjos lopes (vocal)<\/li>\n<li>Luis Miguel Picado (vocal)<\/li>\n<li>Jos\u00e9 Miguel Latorre postigo (vocal)<\/li>\n<\/ul>\n<\/li>\n<\/ul>\n<p>&nbsp;<\/p>\n","protected":false},"excerpt":{"rendered":"<p>Tesis doctoral de Paulo Azevedo Dias Hoy en d\u00eda el consumo de substancias entre los adolescentes, es uno de los [&hellip;]<\/p>\n","protected":false},"author":1,"featured_media":0,"comment_status":"open","ping_status":"open","sticky":false,"template":"","format":"standard","meta":{"site-sidebar-layout":"default","site-content-layout":"","ast-site-content-layout":"","site-content-style":"default","site-sidebar-style":"default","ast-global-header-display":"","ast-banner-title-visibility":"","ast-main-header-display":"","ast-hfb-above-header-display":"","ast-hfb-below-header-display":"","ast-hfb-mobile-header-display":"","site-post-title":"","ast-breadcrumbs-content":"","ast-featured-img":"","footer-sml-layout":"","theme-transparent-header-meta":"","adv-header-id-meta":"","stick-header-meta":"","header-above-stick-meta":"","header-main-stick-meta":"","header-below-stick-meta":"","astra-migrate-meta-layouts":"default","ast-page-background-enabled":"default","ast-page-background-meta":{"desktop":{"background-color":"var(--ast-global-color-4)","background-image":"","background-repeat":"repeat","background-position":"center center","background-size":"auto","background-attachment":"scroll","background-type":"","background-media":"","overlay-type":"","overlay-color":"","overlay-gradient":""},"tablet":{"background-color":"","background-image":"","background-repeat":"repeat","background-position":"center center","background-size":"auto","background-attachment":"scroll","background-type":"","background-media":"","overlay-type":"","overlay-color":"","overlay-gradient":""},"mobile":{"background-color":"","background-image":"","background-repeat":"repeat","background-position":"center center","background-size":"auto","background-attachment":"scroll","background-type":"","background-media":"","overlay-type":"","overlay-color":"","overlay-gradient":""}},"ast-content-background-meta":{"desktop":{"background-color":"var(--ast-global-color-5)","background-image":"","background-repeat":"repeat","background-position":"center center","background-size":"auto","background-attachment":"scroll","background-type":"","background-media":"","overlay-type":"","overlay-color":"","overlay-gradient":""},"tablet":{"background-color":"var(--ast-global-color-5)","background-image":"","background-repeat":"repeat","background-position":"center center","background-size":"auto","background-attachment":"scroll","background-type":"","background-media":"","overlay-type":"","overlay-color":"","overlay-gradient":""},"mobile":{"background-color":"var(--ast-global-color-5)","background-image":"","background-repeat":"repeat","background-position":"center center","background-size":"auto","background-attachment":"scroll","background-type":"","background-media":"","overlay-type":"","overlay-color":"","overlay-gradient":""}},"footnotes":""},"categories":[10755,8178,37169,324,996],"tags":[202661,65933,143209,189426,178985,202660],"class_list":["post-99270","post","type-post","status-publish","format-standard","hentry","category-desviaciones-del-comportamiento","category-interaccion-de-grupos","category-miguel-hernandez-de-elche","category-psicologia","category-psicologia-social","tag-albino-pedro-anjos-lopes","tag-jose-antonio-garcia-del-castillo-rodriguez","tag-jose-miguel-latorre-postigo","tag-luis-miguel-picado","tag-maria-del-carmen-lopez-sanchez","tag-paulo-azevedo-dias"],"_links":{"self":[{"href":"https:\/\/www.deberes.net\/tesis\/wp-json\/wp\/v2\/posts\/99270","targetHints":{"allow":["GET"]}}],"collection":[{"href":"https:\/\/www.deberes.net\/tesis\/wp-json\/wp\/v2\/posts"}],"about":[{"href":"https:\/\/www.deberes.net\/tesis\/wp-json\/wp\/v2\/types\/post"}],"author":[{"embeddable":true,"href":"https:\/\/www.deberes.net\/tesis\/wp-json\/wp\/v2\/users\/1"}],"replies":[{"embeddable":true,"href":"https:\/\/www.deberes.net\/tesis\/wp-json\/wp\/v2\/comments?post=99270"}],"version-history":[{"count":0,"href":"https:\/\/www.deberes.net\/tesis\/wp-json\/wp\/v2\/posts\/99270\/revisions"}],"wp:attachment":[{"href":"https:\/\/www.deberes.net\/tesis\/wp-json\/wp\/v2\/media?parent=99270"}],"wp:term":[{"taxonomy":"category","embeddable":true,"href":"https:\/\/www.deberes.net\/tesis\/wp-json\/wp\/v2\/categories?post=99270"},{"taxonomy":"post_tag","embeddable":true,"href":"https:\/\/www.deberes.net\/tesis\/wp-json\/wp\/v2\/tags?post=99270"}],"curies":[{"name":"wp","href":"https:\/\/api.w.org\/{rel}","templated":true}]}}