{"id":99324,"date":"2018-03-11T10:20:22","date_gmt":"2018-03-11T10:20:22","guid":{"rendered":"https:\/\/www.deberes.net\/tesis\/sin-categoria\/los-determinantes-de-la-salud-percibida-en-espana\/"},"modified":"2018-03-11T10:20:22","modified_gmt":"2018-03-11T10:20:22","slug":"los-determinantes-de-la-salud-percibida-en-espana","status":"publish","type":"post","link":"https:\/\/www.deberes.net\/tesis\/sin-categoria\/los-determinantes-de-la-salud-percibida-en-espana\/","title":{"rendered":"Los determinantes de la salud percibida en espa\u00f1a."},"content":{"rendered":"<h2>Tesis doctoral de <strong> Pedro Ramon Giron Davi\u00f1a <\/strong><\/h2>\n<p>\u00abesta  tesis plantea como hip\u00f3tesis de trabajo que la salud percibida en espa\u00f1a es un indicador multidimensional e integral de la salud que est\u00e1 vinculado a los factores que afectan a la salud objetiva, como por ejemplo la morbilidad o los estilos de vida, lo que le convierte en un indicador complementario a otras medidas de salud propias de los profesionales sanitarios. el objetivo de esta tesis es analizar y modelar los distintos determinantes de la salud percibida de los espa\u00f1oles de 16 o m\u00e1s a\u00f1os de edad. Para ello se utiliza la encuesta nacional de salud (ens) del a\u00f1o 2006, que adem\u00e1s de ser la m\u00e1s reciente es la m\u00e1s completa al incorporarse por primera vez informaci\u00f3n sobre la salud mental, el trabajo reproductivo y el estr\u00e9s en el tra bajo. Las variables que reflejan los determinantes de la salud se han obtenido de los cuestionarios de hogares y adultos y se organizan en cuatro grupos: variables de entorno social, variables de morbilidad y discapacidad, variables de h\u00e1bitos de vid a y variables de uso de los servicios sanitarios.  la metodolog\u00eda estad\u00edstica que se utiliza est\u00e1 basada en las t\u00e9cnicas de modelos de regresi\u00f3n m\u00faltiple con variable dependiente ordinal. Concretamente se aplican modelos log\u00edsticos de respuesta binar ia y modelos log\u00edsticos de odds proporcionales parcial. Esta metodolog\u00eda permite conocer cu\u00e1l es el efecto de cada una de las variables explicativas sobre la salud percibida, manteniendo constante el resto de las variables. el an\u00e1lisis de los determi nantes de la salud percibida que se desarrolla en esta tesis profundiza en tres aspectos:  &#8211;    la sensibilidad de los determinantes de la salud percibida a los distintos grados de valoraci\u00f3n positiva de la salud. Para ello se adoptan dos indicadores de  salud: el indicador est\u00e1ndar de salud percibida positiva (spp) y un indicador de salud percibida muy positiva (spmp).  &#8211;    la relaci\u00f3n espec\u00edfica entre edad y salud percibida  &#8211;    los determinantes de la salud percibida en distintos colectivos relevante s como las mujeres, los varones, los ocupados y los jubilados.  el presente trabajo de investigaci\u00f3n ofrece tres aportaciones fundamentales: en primer lugar, se ofrece una exploraci\u00f3n exhaustiva de las posibilidades de la ens del a\u00f1o 2006 como instru mento de an\u00e1lisis del estado de salud de la poblaci\u00f3n desde un enfoque multidimensional y considerando informaci\u00f3n de la que no se dispon\u00eda hasta la realizaci\u00f3n de esta encuesta, tal como la salud mental, el trabajo reproductivo y el estr\u00e9s en el tra\u00bb<\/p>\n<p>&nbsp;<\/p>\n<h3>Datos acad\u00e9micos de la tesis doctoral \u00ab<strong>Los determinantes de la salud percibida en espa\u00f1a.<\/strong>\u00ab<\/h3>\n<ul>\n<li><strong>T\u00edtulo de la tesis:<\/strong>\u00a0 Los determinantes de la salud percibida en espa\u00f1a. <\/li>\n<li><strong>Autor:<\/strong>\u00a0 Pedro Ramon Giron Davi\u00f1a <\/li>\n<li><strong>Universidad:<\/strong>\u00a0 Complutense de Madrid<\/li>\n<li><strong>Fecha de lectura de la tesis:<\/strong>\u00a0 19\/02\/2010<\/li>\n<\/ul>\n<p>&nbsp;<\/p>\n<h3>Direcci\u00f3n y tribunal<\/h3>\n<ul>\n<li><strong>Director de la tesis<\/strong>\n<ul>\n<li>Jos\u00e9 Luis Pacheco Del Cerro<\/li>\n<\/ul>\n<\/li>\n<li><strong>Tribunal<\/strong>\n<ul>\n<li>Presidente del tribunal: Juan  vicente Beneit montesinos <\/li>\n<li>\u00e1ngeles S\u00e1nchez andr\u00e9s (vocal)<\/li>\n<li>Juan  diego Pedrera zamorano (vocal)<\/li>\n<li>Jes\u00fas Javier Rojo gonzalez (vocal)<\/li>\n<\/ul>\n<\/li>\n<\/ul>\n<p>&nbsp;<\/p>\n","protected":false},"excerpt":{"rendered":"<p>Tesis doctoral de Pedro Ramon Giron Davi\u00f1a \u00abesta tesis plantea como hip\u00f3tesis de trabajo que la salud percibida en espa\u00f1a [&hellip;]<\/p>\n","protected":false},"author":1,"featured_media":0,"comment_status":"open","ping_status":"open","sticky":false,"template":"","format":"standard","meta":{"site-sidebar-layout":"default","site-content-layout":"","ast-site-content-layout":"","site-content-style":"default","site-sidebar-style":"default","ast-global-header-display":"","ast-banner-title-visibility":"","ast-main-header-display":"","ast-hfb-above-header-display":"","ast-hfb-below-header-display":"","ast-hfb-mobile-header-display":"","site-post-title":"","ast-breadcrumbs-content":"","ast-featured-img":"","footer-sml-layout":"","theme-transparent-header-meta":"","adv-header-id-meta":"","stick-header-meta":"","header-above-stick-meta":"","header-main-stick-meta":"","header-below-stick-meta":"","astra-migrate-meta-layouts":"default","ast-page-background-enabled":"default","ast-page-background-meta":{"desktop":{"background-color":"var(--ast-global-color-4)","background-image":"","background-repeat":"repeat","background-position":"center center","background-size":"auto","background-attachment":"scroll","background-type":"","background-media":"","overlay-type":"","overlay-color":"","overlay-gradient":""},"tablet":{"background-color":"","background-image":"","background-repeat":"repeat","background-position":"center center","background-size":"auto","background-attachment":"scroll","background-type":"","background-media":"","overlay-type":"","overlay-color":"","overlay-gradient":""},"mobile":{"background-color":"","background-image":"","background-repeat":"repeat","background-position":"center center","background-size":"auto","background-attachment":"scroll","background-type":"","background-media":"","overlay-type":"","overlay-color":"","overlay-gradient":""}},"ast-content-background-meta":{"desktop":{"background-color":"var(--ast-global-color-5)","background-image":"","background-repeat":"repeat","background-position":"center center","background-size":"auto","background-attachment":"scroll","background-type":"","background-media":"","overlay-type":"","overlay-color":"","overlay-gradient":""},"tablet":{"background-color":"var(--ast-global-color-5)","background-image":"","background-repeat":"repeat","background-position":"center center","background-size":"auto","background-attachment":"scroll","background-type":"","background-media":"","overlay-type":"","overlay-color":"","overlay-gradient":""},"mobile":{"background-color":"var(--ast-global-color-5)","background-image":"","background-repeat":"repeat","background-position":"center center","background-size":"auto","background-attachment":"scroll","background-type":"","background-media":"","overlay-type":"","overlay-color":"","overlay-gradient":""}},"footnotes":""},"categories":[1],"tags":[24540,41025,6976,42004,22673,202749],"class_list":["post-99324","post","type-post","status-publish","format-standard","hentry","category-sin-categoria","tag-angeles-sanchez-andres","tag-jesus-javier-rojo-gonzalez","tag-jose-luis-pacheco-del-cerro","tag-juan-diego-pedrera-zamorano","tag-juan-vicente-beneit-montesinos","tag-pedro-ramon-giron-davina"],"_links":{"self":[{"href":"https:\/\/www.deberes.net\/tesis\/wp-json\/wp\/v2\/posts\/99324","targetHints":{"allow":["GET"]}}],"collection":[{"href":"https:\/\/www.deberes.net\/tesis\/wp-json\/wp\/v2\/posts"}],"about":[{"href":"https:\/\/www.deberes.net\/tesis\/wp-json\/wp\/v2\/types\/post"}],"author":[{"embeddable":true,"href":"https:\/\/www.deberes.net\/tesis\/wp-json\/wp\/v2\/users\/1"}],"replies":[{"embeddable":true,"href":"https:\/\/www.deberes.net\/tesis\/wp-json\/wp\/v2\/comments?post=99324"}],"version-history":[{"count":0,"href":"https:\/\/www.deberes.net\/tesis\/wp-json\/wp\/v2\/posts\/99324\/revisions"}],"wp:attachment":[{"href":"https:\/\/www.deberes.net\/tesis\/wp-json\/wp\/v2\/media?parent=99324"}],"wp:term":[{"taxonomy":"category","embeddable":true,"href":"https:\/\/www.deberes.net\/tesis\/wp-json\/wp\/v2\/categories?post=99324"},{"taxonomy":"post_tag","embeddable":true,"href":"https:\/\/www.deberes.net\/tesis\/wp-json\/wp\/v2\/tags?post=99324"}],"curies":[{"name":"wp","href":"https:\/\/api.w.org\/{rel}","templated":true}]}}