{"id":99379,"date":"2018-03-11T10:20:27","date_gmt":"2018-03-11T10:20:27","guid":{"rendered":"https:\/\/www.deberes.net\/tesis\/sin-categoria\/el-proceso-de-institucionalizacion-de-la-comunidad-autonoma-de-castilla-la-mancha-1978-2003\/"},"modified":"2018-03-11T10:20:27","modified_gmt":"2018-03-11T10:20:27","slug":"el-proceso-de-institucionalizacion-de-la-comunidad-autonoma-de-castilla-la-mancha-1978-2003","status":"publish","type":"post","link":"https:\/\/www.deberes.net\/tesis\/sin-categoria\/el-proceso-de-institucionalizacion-de-la-comunidad-autonoma-de-castilla-la-mancha-1978-2003\/","title":{"rendered":"El proceso de institucionalizaci\u00f3n de la comunidad aut\u00f3noma de castilla-la mancha (1978-2003)"},"content":{"rendered":"<h2>Tesis doctoral de <strong> Joaquin Garrido Garc\u00eda <\/strong><\/h2>\n<p>El objeto de estudio es el proceso de institucionalizaci\u00f3n de la comunidad aut\u00f3noma de castilla-la mancha. Por tanto, es un trabajo que pretende abordar el an\u00e1lisis del conjunto de la instituci\u00f3n, tanto en sus elementos b\u00e1sicos internos como en sus e ntornos externos institucionales y sociales. El periodo temporal del estudio va de 1978 al 2003, si bien se analiza en detalle el periodo 1983-1999 porque en 1983 tienen lugar las primeras elecciones auton\u00f3micas y finaliza en el a\u00f1o 1999 la v legisla tura.  la metodolog\u00eda de investigaci\u00f3n pretende combinar enfoques anal\u00edticos para abordar las particularidades del objeto de estudio, siguiendo los objetivos y las hip\u00f3tesis planteadas. En esta investigaci\u00f3n predomina un enfoque emp\u00edrico-descriptivo en el an\u00e1lisis de los datos, utiliz\u00e1ndose distintas t\u00e9cnicas de recogida de informaci\u00f3n procedente de fuentes primarias (entrevistas en profundidad, legislaci\u00f3n, boletines oficiales de esta comunidad aut\u00f3noma) y secundarias disponibles. En las fuente s primarias que se incluyen destaca la realizaci\u00f3n de diecis\u00e9is entrevistas semiestructuradas -as\u00ed como numerosas consultas y conversaciones informales- a informantes clave, pero tambi\u00e9n una b\u00fasqueda minuciosa de documentos internos y externos relaci onados con las instituciones auton\u00f3micas durante el periodo de investigaci\u00f3n. Las fuentes secundarias incluyeron una revisi\u00f3n minuciosa de referencias bibliogr\u00e1ficas, tanto de publicaciones oficiales, como art\u00edculos de revista, cap\u00edtulos y libros aca d\u00e9micos relevantes acerca del tema central de esta tesis doctoral.  este estudio analiza la creaci\u00f3n y desarrollo de la preautonom\u00eda y del proceso de institucionalizaci\u00f3n de la comunidad aut\u00f3noma en castilla-la mancha. A lo largo de los cap\u00edtulos se hace un recorrido por los temas m\u00e1s importantes del todo el sistema institucional. Sin olvidar que es una regi\u00f3n nueva con lo que tambi\u00e9n se analiza el aspecto de conciencia e identidad regional, realizando una comparativa con el resto de espa\u00f1a. Est e estudio pretende construir la base de lo que pueden ser futuras investigaciones en relaci\u00f3n a la organizaci\u00f3n de la regi\u00f3n desde una perspectiva hist\u00f3rica y pol\u00edtico-administrativa. Se estudia la gesti\u00f3n auton\u00f3mica as\u00ed como el proceso de creaci\u00f3n d e una conciencia e identidad de regi\u00f3n, en un territorio que tradicionalmente no ha existido una afinidad clara y un motivo de uni\u00f3n, por no tener unos intereses comunes.<\/p>\n<p>&nbsp;<\/p>\n<h3>Datos acad\u00e9micos de la tesis doctoral \u00ab<strong>El proceso de institucionalizaci\u00f3n de la comunidad aut\u00f3noma de castilla-la mancha (1978-2003)<\/strong>\u00ab<\/h3>\n<ul>\n<li><strong>T\u00edtulo de la tesis:<\/strong>\u00a0 El proceso de institucionalizaci\u00f3n de la comunidad aut\u00f3noma de castilla-la mancha (1978-2003) <\/li>\n<li><strong>Autor:<\/strong>\u00a0 Joaquin Garrido Garc\u00eda <\/li>\n<li><strong>Universidad:<\/strong>\u00a0 Complutense de Madrid<\/li>\n<li><strong>Fecha de lectura de la tesis:<\/strong>\u00a0 25\/02\/2010<\/li>\n<\/ul>\n<p>&nbsp;<\/p>\n<h3>Direcci\u00f3n y tribunal<\/h3>\n<ul>\n<li><strong>Director de la tesis<\/strong>\n<ul>\n<li>Esther Del Campo Garcia<\/li>\n<\/ul>\n<\/li>\n<li><strong>Tribunal<\/strong>\n<ul>\n<li>Presidente del tribunal: Jos\u00e9 manuel Ruano de la fuente <\/li>\n<li>m. mercedes \u00e1vila franc\u00e9s (vocal)<\/li>\n<li>ludolfo Paramio rodrigo (vocal)<\/li>\n<li>carmen Aleman bracho (vocal)<\/li>\n<\/ul>\n<\/li>\n<\/ul>\n<p>&nbsp;<\/p>\n","protected":false},"excerpt":{"rendered":"<p>Tesis doctoral de Joaquin Garrido Garc\u00eda El objeto de estudio es el proceso de institucionalizaci\u00f3n de la comunidad aut\u00f3noma de [&hellip;]<\/p>\n","protected":false},"author":1,"featured_media":0,"comment_status":"open","ping_status":"open","sticky":false,"template":"","format":"standard","meta":{"site-sidebar-layout":"default","site-content-layout":"","ast-site-content-layout":"","site-content-style":"default","site-sidebar-style":"default","ast-global-header-display":"","ast-banner-title-visibility":"","ast-main-header-display":"","ast-hfb-above-header-display":"","ast-hfb-below-header-display":"","ast-hfb-mobile-header-display":"","site-post-title":"","ast-breadcrumbs-content":"","ast-featured-img":"","footer-sml-layout":"","theme-transparent-header-meta":"","adv-header-id-meta":"","stick-header-meta":"","header-above-stick-meta":"","header-main-stick-meta":"","header-below-stick-meta":"","astra-migrate-meta-layouts":"default","ast-page-background-enabled":"default","ast-page-background-meta":{"desktop":{"background-color":"var(--ast-global-color-4)","background-image":"","background-repeat":"repeat","background-position":"center center","background-size":"auto","background-attachment":"scroll","background-type":"","background-media":"","overlay-type":"","overlay-color":"","overlay-gradient":""},"tablet":{"background-color":"","background-image":"","background-repeat":"repeat","background-position":"center center","background-size":"auto","background-attachment":"scroll","background-type":"","background-media":"","overlay-type":"","overlay-color":"","overlay-gradient":""},"mobile":{"background-color":"","background-image":"","background-repeat":"repeat","background-position":"center center","background-size":"auto","background-attachment":"scroll","background-type":"","background-media":"","overlay-type":"","overlay-color":"","overlay-gradient":""}},"ast-content-background-meta":{"desktop":{"background-color":"var(--ast-global-color-5)","background-image":"","background-repeat":"repeat","background-position":"center center","background-size":"auto","background-attachment":"scroll","background-type":"","background-media":"","overlay-type":"","overlay-color":"","overlay-gradient":""},"tablet":{"background-color":"var(--ast-global-color-5)","background-image":"","background-repeat":"repeat","background-position":"center center","background-size":"auto","background-attachment":"scroll","background-type":"","background-media":"","overlay-type":"","overlay-color":"","overlay-gradient":""},"mobile":{"background-color":"var(--ast-global-color-5)","background-image":"","background-repeat":"repeat","background-position":"center center","background-size":"auto","background-attachment":"scroll","background-type":"","background-media":"","overlay-type":"","overlay-color":"","overlay-gradient":""}},"footnotes":""},"categories":[1],"tags":[75866,37355,202845,145138,6715,52235],"class_list":["post-99379","post","type-post","status-publish","format-standard","hentry","category-sin-categoria","tag-carmen-aleman-bracho","tag-esther-del-campo-garcia","tag-joaquin-garrido-garcia","tag-jose-manuel-ruano-de-la-fuente","tag-ludolfo-paramio-rodrigo","tag-m-mercedes-avila-frances"],"_links":{"self":[{"href":"https:\/\/www.deberes.net\/tesis\/wp-json\/wp\/v2\/posts\/99379","targetHints":{"allow":["GET"]}}],"collection":[{"href":"https:\/\/www.deberes.net\/tesis\/wp-json\/wp\/v2\/posts"}],"about":[{"href":"https:\/\/www.deberes.net\/tesis\/wp-json\/wp\/v2\/types\/post"}],"author":[{"embeddable":true,"href":"https:\/\/www.deberes.net\/tesis\/wp-json\/wp\/v2\/users\/1"}],"replies":[{"embeddable":true,"href":"https:\/\/www.deberes.net\/tesis\/wp-json\/wp\/v2\/comments?post=99379"}],"version-history":[{"count":0,"href":"https:\/\/www.deberes.net\/tesis\/wp-json\/wp\/v2\/posts\/99379\/revisions"}],"wp:attachment":[{"href":"https:\/\/www.deberes.net\/tesis\/wp-json\/wp\/v2\/media?parent=99379"}],"wp:term":[{"taxonomy":"category","embeddable":true,"href":"https:\/\/www.deberes.net\/tesis\/wp-json\/wp\/v2\/categories?post=99379"},{"taxonomy":"post_tag","embeddable":true,"href":"https:\/\/www.deberes.net\/tesis\/wp-json\/wp\/v2\/tags?post=99379"}],"curies":[{"name":"wp","href":"https:\/\/api.w.org\/{rel}","templated":true}]}}