{"id":99459,"date":"2018-03-11T10:20:34","date_gmt":"2018-03-11T10:20:34","guid":{"rendered":"https:\/\/www.deberes.net\/tesis\/sin-categoria\/el-papel-de-la-administracion-publica-en-la-prevencion-de-riesgos-laborales\/"},"modified":"2018-03-11T10:20:34","modified_gmt":"2018-03-11T10:20:34","slug":"el-papel-de-la-administracion-publica-en-la-prevencion-de-riesgos-laborales","status":"publish","type":"post","link":"https:\/\/www.deberes.net\/tesis\/derecho-del-trabajo-y-de-la-seguridad-social\/el-papel-de-la-administracion-publica-en-la-prevencion-de-riesgos-laborales\/","title":{"rendered":"El papel de la administraci\u00f3n p\u00fablica en la prevenci\u00f3n de riesgos laborales"},"content":{"rendered":"<h2>Tesis doctoral de <strong> Francisco Javier Messia De La Cerda Ballesteros <\/strong><\/h2>\n<p>La ley 31\/1995, de 8 de noviembre, de prevenci\u00f3n de riesgos laborales, constituye el punto de inflexi\u00f3n del nuevo ordenamiento jur\u00eddico de seguridad y salud en el trabajo, basado en la prevenci\u00f3n de los riesgos profesionales del lugar de trabajo y por raz\u00f3n del mismo. En efecto, el nuevo modelo exige la actitud din\u00e1mica, ofensiva y reactiva frente al riesgo laboral, que sustituye al modelo defensivo o curativo, ocurrido el siniestro. Ello supone definir el tiempo, modo y lugar de la prestaci\u00f3n laboral desde la cultura de la prevenci\u00f3n.  la dimensi\u00f3n jur\u00eddico-p\u00fablica de la pol\u00edtica de seguridad y la salud en el trabajo, en permanente evoluci\u00f3n, de naturaleza poli\u00e9drica, supone y exige la actuaci\u00f3n responsable de las administraciones p\u00fablicas, en los t\u00e9rminos del art\u00edculo 40.2 de la constituci\u00f3n, mediante un deber de cuidado, llamadas a ejercer una actuaci\u00f3n tuitiva, coordinada y eficaz  de la seguridad e higiene en el trabajo, como principio constitucional del estado social de derecho, adem\u00e1s de los postulados que ordena al estado el derecho originario y el acervo de la uni\u00f3n europea, a partir de la directiva 89\/391\/cee del consejo, de 12 de junio de 1989, relativa a la aplicaci\u00f3n de medidas para promover la mejora de la seguridad y salud de los trabajadores en el trabajo, y el derecho de la organizaci\u00f3n internacional del trabajo.  el estudio tiene muy en cuenta la construcci\u00f3n dogm\u00e1tica a partir de 1980 sobre el reparto constitucional de las competencias, en nuestro caso compartida, en lo que afecta a la competencia de ejecuci\u00f3n de la legislaci\u00f3n laboral del art\u00edculo 149.1. 7\u00aa ce, cooperativo con el derecho colectivo del trabajo.<\/p>\n<p>&nbsp;<\/p>\n<h3>Datos acad\u00e9micos de la tesis doctoral \u00ab<strong>El papel de la administraci\u00f3n p\u00fablica en la prevenci\u00f3n de riesgos laborales<\/strong>\u00ab<\/h3>\n<ul>\n<li><strong>T\u00edtulo de la tesis:<\/strong>\u00a0 El papel de la administraci\u00f3n p\u00fablica en la prevenci\u00f3n de riesgos laborales <\/li>\n<li><strong>Autor:<\/strong>\u00a0 Francisco Javier Messia De La Cerda Ballesteros <\/li>\n<li><strong>Universidad:<\/strong>\u00a0 Castilla-la mancha<\/li>\n<li><strong>Fecha de lectura de la tesis:<\/strong>\u00a0 26\/02\/2010<\/li>\n<\/ul>\n<p>&nbsp;<\/p>\n<h3>Direcci\u00f3n y tribunal<\/h3>\n<ul>\n<li><strong>Director de la tesis<\/strong>\n<ul>\n<li>Antonio Baylos Grau<\/li>\n<\/ul>\n<\/li>\n<li><strong>Tribunal<\/strong>\n<ul>\n<li>Presidente del tribunal: joaquin Aparicio tovar <\/li>\n<li>Manuel Gonz\u00e1lez labrada (vocal)<\/li>\n<li>amparo Merino segovia (vocal)<\/li>\n<li>Miguel Rodriguez pi\u00f1ero royo (vocal)<\/li>\n<\/ul>\n<\/li>\n<\/ul>\n<p>&nbsp;<\/p>\n","protected":false},"excerpt":{"rendered":"<p>Tesis doctoral de Francisco Javier Messia De La Cerda Ballesteros La ley 31\/1995, de 8 de noviembre, de prevenci\u00f3n de [&hellip;]<\/p>\n","protected":false},"author":1,"featured_media":0,"comment_status":"open","ping_status":"open","sticky":false,"template":"","format":"standard","meta":{"site-sidebar-layout":"default","site-content-layout":"","ast-site-content-layout":"","site-content-style":"default","site-sidebar-style":"default","ast-global-header-display":"","ast-banner-title-visibility":"","ast-main-header-display":"","ast-hfb-above-header-display":"","ast-hfb-below-header-display":"","ast-hfb-mobile-header-display":"","site-post-title":"","ast-breadcrumbs-content":"","ast-featured-img":"","footer-sml-layout":"","theme-transparent-header-meta":"","adv-header-id-meta":"","stick-header-meta":"","header-above-stick-meta":"","header-main-stick-meta":"","header-below-stick-meta":"","astra-migrate-meta-layouts":"default","ast-page-background-enabled":"default","ast-page-background-meta":{"desktop":{"background-color":"var(--ast-global-color-4)","background-image":"","background-repeat":"repeat","background-position":"center center","background-size":"auto","background-attachment":"scroll","background-type":"","background-media":"","overlay-type":"","overlay-color":"","overlay-gradient":""},"tablet":{"background-color":"","background-image":"","background-repeat":"repeat","background-position":"center center","background-size":"auto","background-attachment":"scroll","background-type":"","background-media":"","overlay-type":"","overlay-color":"","overlay-gradient":""},"mobile":{"background-color":"","background-image":"","background-repeat":"repeat","background-position":"center center","background-size":"auto","background-attachment":"scroll","background-type":"","background-media":"","overlay-type":"","overlay-color":"","overlay-gradient":""}},"ast-content-background-meta":{"desktop":{"background-color":"var(--ast-global-color-5)","background-image":"","background-repeat":"repeat","background-position":"center center","background-size":"auto","background-attachment":"scroll","background-type":"","background-media":"","overlay-type":"","overlay-color":"","overlay-gradient":""},"tablet":{"background-color":"var(--ast-global-color-5)","background-image":"","background-repeat":"repeat","background-position":"center center","background-size":"auto","background-attachment":"scroll","background-type":"","background-media":"","overlay-type":"","overlay-color":"","overlay-gradient":""},"mobile":{"background-color":"var(--ast-global-color-5)","background-image":"","background-repeat":"repeat","background-position":"center center","background-size":"auto","background-attachment":"scroll","background-type":"","background-media":"","overlay-type":"","overlay-color":"","overlay-gradient":""}},"footnotes":""},"categories":[18451,2170],"tags":[106639,18714,202965,39408,28781,65761],"class_list":["post-99459","post","type-post","status-publish","format-standard","hentry","category-castilla-la-mancha","category-derecho-del-trabajo-y-de-la-seguridad-social","tag-amparo-merino-segovia","tag-antonio-baylos-grau","tag-francisco-javier-messia-de-la-cerda-ballesteros","tag-joaquin-aparicio-tovar","tag-manuel-gonzalez-labrada","tag-miguel-rodriguez-pinero-royo"],"_links":{"self":[{"href":"https:\/\/www.deberes.net\/tesis\/wp-json\/wp\/v2\/posts\/99459","targetHints":{"allow":["GET"]}}],"collection":[{"href":"https:\/\/www.deberes.net\/tesis\/wp-json\/wp\/v2\/posts"}],"about":[{"href":"https:\/\/www.deberes.net\/tesis\/wp-json\/wp\/v2\/types\/post"}],"author":[{"embeddable":true,"href":"https:\/\/www.deberes.net\/tesis\/wp-json\/wp\/v2\/users\/1"}],"replies":[{"embeddable":true,"href":"https:\/\/www.deberes.net\/tesis\/wp-json\/wp\/v2\/comments?post=99459"}],"version-history":[{"count":0,"href":"https:\/\/www.deberes.net\/tesis\/wp-json\/wp\/v2\/posts\/99459\/revisions"}],"wp:attachment":[{"href":"https:\/\/www.deberes.net\/tesis\/wp-json\/wp\/v2\/media?parent=99459"}],"wp:term":[{"taxonomy":"category","embeddable":true,"href":"https:\/\/www.deberes.net\/tesis\/wp-json\/wp\/v2\/categories?post=99459"},{"taxonomy":"post_tag","embeddable":true,"href":"https:\/\/www.deberes.net\/tesis\/wp-json\/wp\/v2\/tags?post=99459"}],"curies":[{"name":"wp","href":"https:\/\/api.w.org\/{rel}","templated":true}]}}