{"id":99556,"date":"2010-05-03T00:00:00","date_gmt":"2010-05-03T00:00:00","guid":{"rendered":"https:\/\/www.deberes.net\/tesis\/sin-categoria\/la-etica-de-la-festividad-en-la-creacion-escenica\/"},"modified":"2010-05-03T00:00:00","modified_gmt":"2010-05-03T00:00:00","slug":"la-etica-de-la-festividad-en-la-creacion-escenica","status":"publish","type":"post","link":"https:\/\/www.deberes.net\/tesis\/teatro\/la-etica-de-la-festividad-en-la-creacion-escenica\/","title":{"rendered":"La \u00e9tica de la festividad en la creaci\u00f3n esc\u00e9nica"},"content":{"rendered":"<h2>Tesis doctoral de <strong> Silvia Patricia Fagundes <\/strong><\/h2>\n<p>La tesis investiga las din\u00e1micas de la creaci\u00f3n esc\u00e9nica contempor\u00e1nea, proponiendo un modelo abierto de metodolog\u00eda de ensayos, basado en lo que elegimos denominar \u00e9tica de la festividad: una \u00e9tica del encuentro y de la diversidad, que celebra  lo corp\u00f3reo, el goce y lo pr\u00f3ximo, aceptando el caos y la turbulencia como parte de una existencia compleja y multidimensional. Desde esta perspectiva, \u00e9tica y est\u00e9tica no son elementos opuestos, sino indisociables. Todo procedimiento, discurso o metodolog\u00eda art\u00edstica nace de un conjunto de opciones que implican una visi\u00f3n y una relaci\u00f3n particular con el mundo y con el otro: opciones \u00e9ticas. El  di\u00e1logo entre teor\u00eda y pr\u00e1ctica teatral es un vector fundamental de la investigaci\u00f3n, trazado a partir de la experiencia de la autora como directora de escena y profesora. El cuerpo conceptual se compone a trav\u00e9s de trayectorias transversales entre diferentes \u00e1reas del conocimiento, entre distintos creadores y pr\u00e1cticas. El procedimiento es intencionalmente polis\u00e9mico; este estudio no se apoya en una l\u00ednea te\u00f3rica, autor o creador exclusivo, optando por tejer una red amplia de relaciones para pensar el papel y la potencia de las din\u00e1micas de la creaci\u00f3n esc\u00e9nica en el mundo actual.<\/p>\n<p>&nbsp;<\/p>\n<h3>Datos acad\u00e9micos de la tesis doctoral \u00ab<strong>La \u00e9tica de la festividad en la creaci\u00f3n esc\u00e9nica<\/strong>\u00ab<\/h3>\n<ul>\n<li><strong>T\u00edtulo de la tesis:<\/strong>\u00a0 La \u00e9tica de la festividad en la creaci\u00f3n esc\u00e9nica <\/li>\n<li><strong>Autor:<\/strong>\u00a0 Silvia Patricia Fagundes <\/li>\n<li><strong>Universidad:<\/strong>\u00a0 Carlos III de Madrid<\/li>\n<li><strong>Fecha de lectura de la tesis:<\/strong>\u00a0 05\/03\/2010<\/li>\n<\/ul>\n<p>&nbsp;<\/p>\n<h3>Direcci\u00f3n y tribunal<\/h3>\n<ul>\n<li><strong>Director de la tesis<\/strong>\n<ul>\n<li>Julio Checa Puerta<\/li>\n<\/ul>\n<\/li>\n<li><strong>Tribunal<\/strong>\n<ul>\n<li>Presidente del tribunal: fernando Broncano rodriguez <\/li>\n<li>Jos\u00e9 Antonio Sanchez Martinez (vocal)<\/li>\n<li>oscar Cornago bernal (vocal)<\/li>\n<li>Fernando Dom\u00e9nech rico (vocal)<\/li>\n<\/ul>\n<\/li>\n<\/ul>\n<p>&nbsp;<\/p>\n","protected":false},"excerpt":{"rendered":"<p>Tesis doctoral de Silvia Patricia Fagundes La tesis investiga las din\u00e1micas de la creaci\u00f3n esc\u00e9nica contempor\u00e1nea, proponiendo un modelo abierto [&hellip;]<\/p>\n","protected":false},"author":1,"featured_media":0,"comment_status":"open","ping_status":"open","sticky":false,"template":"","format":"standard","meta":{"site-sidebar-layout":"default","site-content-layout":"","ast-site-content-layout":"","site-content-style":"default","site-sidebar-style":"default","ast-global-header-display":"","ast-banner-title-visibility":"","ast-main-header-display":"","ast-hfb-above-header-display":"","ast-hfb-below-header-display":"","ast-hfb-mobile-header-display":"","site-post-title":"","ast-breadcrumbs-content":"","ast-featured-img":"","footer-sml-layout":"","theme-transparent-header-meta":"","adv-header-id-meta":"","stick-header-meta":"","header-above-stick-meta":"","header-main-stick-meta":"","header-below-stick-meta":"","astra-migrate-meta-layouts":"default","ast-page-background-enabled":"default","ast-page-background-meta":{"desktop":{"background-color":"var(--ast-global-color-4)","background-image":"","background-repeat":"repeat","background-position":"center center","background-size":"auto","background-attachment":"scroll","background-type":"","background-media":"","overlay-type":"","overlay-color":"","overlay-gradient":""},"tablet":{"background-color":"","background-image":"","background-repeat":"repeat","background-position":"center center","background-size":"auto","background-attachment":"scroll","background-type":"","background-media":"","overlay-type":"","overlay-color":"","overlay-gradient":""},"mobile":{"background-color":"","background-image":"","background-repeat":"repeat","background-position":"center center","background-size":"auto","background-attachment":"scroll","background-type":"","background-media":"","overlay-type":"","overlay-color":"","overlay-gradient":""}},"ast-content-background-meta":{"desktop":{"background-color":"var(--ast-global-color-5)","background-image":"","background-repeat":"repeat","background-position":"center center","background-size":"auto","background-attachment":"scroll","background-type":"","background-media":"","overlay-type":"","overlay-color":"","overlay-gradient":""},"tablet":{"background-color":"var(--ast-global-color-5)","background-image":"","background-repeat":"repeat","background-position":"center center","background-size":"auto","background-attachment":"scroll","background-type":"","background-media":"","overlay-type":"","overlay-color":"","overlay-gradient":""},"mobile":{"background-color":"var(--ast-global-color-5)","background-image":"","background-repeat":"repeat","background-position":"center center","background-size":"auto","background-attachment":"scroll","background-type":"","background-media":"","overlay-type":"","overlay-color":"","overlay-gradient":""}},"footnotes":""},"categories":[18550,1110],"tags":[53171,203128,134291,93033,90860,203127],"class_list":["post-99556","post","type-post","status-publish","format-standard","hentry","category-carlos-iii-de-madrid","category-teatro","tag-fernando-broncano-rodriguez","tag-fernando-domenech-rico","tag-jose-antonio-sanchez-Martinez","tag-julio-checa-puerta","tag-oscar-cornago-bernal","tag-silvia-patricia-fagundes"],"_links":{"self":[{"href":"https:\/\/www.deberes.net\/tesis\/wp-json\/wp\/v2\/posts\/99556","targetHints":{"allow":["GET"]}}],"collection":[{"href":"https:\/\/www.deberes.net\/tesis\/wp-json\/wp\/v2\/posts"}],"about":[{"href":"https:\/\/www.deberes.net\/tesis\/wp-json\/wp\/v2\/types\/post"}],"author":[{"embeddable":true,"href":"https:\/\/www.deberes.net\/tesis\/wp-json\/wp\/v2\/users\/1"}],"replies":[{"embeddable":true,"href":"https:\/\/www.deberes.net\/tesis\/wp-json\/wp\/v2\/comments?post=99556"}],"version-history":[{"count":0,"href":"https:\/\/www.deberes.net\/tesis\/wp-json\/wp\/v2\/posts\/99556\/revisions"}],"wp:attachment":[{"href":"https:\/\/www.deberes.net\/tesis\/wp-json\/wp\/v2\/media?parent=99556"}],"wp:term":[{"taxonomy":"category","embeddable":true,"href":"https:\/\/www.deberes.net\/tesis\/wp-json\/wp\/v2\/categories?post=99556"},{"taxonomy":"post_tag","embeddable":true,"href":"https:\/\/www.deberes.net\/tesis\/wp-json\/wp\/v2\/tags?post=99556"}],"curies":[{"name":"wp","href":"https:\/\/api.w.org\/{rel}","templated":true}]}}