{"id":99597,"date":"2010-08-03T00:00:00","date_gmt":"2010-08-03T00:00:00","guid":{"rendered":"https:\/\/www.deberes.net\/tesis\/sin-categoria\/el-maranon-de-diego-de-aguilar-y-cordoba-edicion-y-estudio\/"},"modified":"2010-08-03T00:00:00","modified_gmt":"2010-08-03T00:00:00","slug":"el-maranon-de-diego-de-aguilar-y-cordoba-edicion-y-estudio","status":"publish","type":"post","link":"https:\/\/www.deberes.net\/tesis\/historia-moderna\/el-maranon-de-diego-de-aguilar-y-cordoba-edicion-y-estudio\/","title":{"rendered":"El mara\u00f1\u00f3n de diego de aguilar y c\u00f3rdoba: edici\u00f3n y estudio"},"content":{"rendered":"<h2>Tesis doctoral de <strong> Juli\u00e1n D\u00edez Torres <\/strong><\/h2>\n<p>El mara\u00f1\u00f3n, escrito en el per\u00fa por diego de aguilar y c\u00f3rdoba entre 1578 y 1596, es uno de los relatos m\u00e1s completos sobre la expedici\u00f3n de pedro de urs\u00faa en busca de el dorado y la rebeli\u00f3n de lope de aguirre (1560-1561). El relato integra estos acontecimientos dentro de la historia peruana desde una perspectiva patri\u00f3tica y ret\u00f3rica. El proyecto historiogr\u00e1fico de aguilar se ubica dentro de la formaci\u00f3n del primer discurso hist\u00f3rico de los criollos peruanos, creado por autores vinculados con la lime\u00f1a academia ant\u00e1rtica a finales del siglo diecis\u00e9is. esta tesis, formada por la edici\u00f3n cr\u00edtica y estudio preliminar de el mara\u00f1\u00f3n, pretende divulgar la obra y reivindicar su valor dentro de la literatura colonial hisp\u00e1nica. La edici\u00f3n aplica los criterios filol\u00f3gicos que el grupo griso ha consolidado para la edici\u00f3n de textos del siglo de oro. El estudio preliminar presenta la biograf\u00eda de aguilar y c\u00f3rdoba (1546-1631) dentro del entorno letrado peruano y analiza el proceso de redacci\u00f3n del texto, caracterizado por la reescritura de la relaci\u00f3n del soldado francisco v\u00e1zquez. Se tratan asimismo los or\u00edgenes hist\u00f3ricos e ideol\u00f3gicos de la jornada de omagua y el dorado y de la rebeli\u00f3n de lope de aguirre, as\u00ed como la recepci\u00f3n de este famoso personaje hasta la actualidad.<\/p>\n<p>&nbsp;<\/p>\n<h3>Datos acad\u00e9micos de la tesis doctoral \u00ab<strong>El mara\u00f1\u00f3n de diego de aguilar y c\u00f3rdoba: edici\u00f3n y estudio<\/strong>\u00ab<\/h3>\n<ul>\n<li><strong>T\u00edtulo de la tesis:<\/strong>\u00a0 El mara\u00f1\u00f3n de diego de aguilar y c\u00f3rdoba: edici\u00f3n y estudio <\/li>\n<li><strong>Autor:<\/strong>\u00a0 Juli\u00e1n D\u00edez Torres <\/li>\n<li><strong>Universidad:<\/strong>\u00a0 Navarra<\/li>\n<li><strong>Fecha de lectura de la tesis:<\/strong>\u00a0 08\/03\/2010<\/li>\n<\/ul>\n<p>&nbsp;<\/p>\n<h3>Direcci\u00f3n y tribunal<\/h3>\n<ul>\n<li><strong>Director de la tesis<\/strong>\n<ul>\n<li>Ignacio Arrellano Ayuso<\/li>\n<\/ul>\n<\/li>\n<li><strong>Tribunal<\/strong>\n<ul>\n<li>Presidente del tribunal: guillermo Seres guillen <\/li>\n<li>\u00e1ngel Delgado g\u00f3mez (vocal)<\/li>\n<li>Ana de Zaballa beascoechea (vocal)<\/li>\n<li>ferm\u00edn del Pino d\u00edaz (vocal)<\/li>\n<\/ul>\n<\/li>\n<\/ul>\n<p>&nbsp;<\/p>\n","protected":false},"excerpt":{"rendered":"<p>Tesis doctoral de Juli\u00e1n D\u00edez Torres El mara\u00f1\u00f3n, escrito en el per\u00fa por diego de aguilar y c\u00f3rdoba entre 1578 [&hellip;]<\/p>\n","protected":false},"author":1,"featured_media":0,"comment_status":"open","ping_status":"open","sticky":false,"template":"","format":"standard","meta":{"site-sidebar-layout":"default","site-content-layout":"","ast-site-content-layout":"","site-content-style":"default","site-sidebar-style":"default","ast-global-header-display":"","ast-banner-title-visibility":"","ast-main-header-display":"","ast-hfb-above-header-display":"","ast-hfb-below-header-display":"","ast-hfb-mobile-header-display":"","site-post-title":"","ast-breadcrumbs-content":"","ast-featured-img":"","footer-sml-layout":"","theme-transparent-header-meta":"","adv-header-id-meta":"","stick-header-meta":"","header-above-stick-meta":"","header-main-stick-meta":"","header-below-stick-meta":"","astra-migrate-meta-layouts":"default","ast-page-background-enabled":"default","ast-page-background-meta":{"desktop":{"background-color":"var(--ast-global-color-4)","background-image":"","background-repeat":"repeat","background-position":"center center","background-size":"auto","background-attachment":"scroll","background-type":"","background-media":"","overlay-type":"","overlay-color":"","overlay-gradient":""},"tablet":{"background-color":"","background-image":"","background-repeat":"repeat","background-position":"center center","background-size":"auto","background-attachment":"scroll","background-type":"","background-media":"","overlay-type":"","overlay-color":"","overlay-gradient":""},"mobile":{"background-color":"","background-image":"","background-repeat":"repeat","background-position":"center center","background-size":"auto","background-attachment":"scroll","background-type":"","background-media":"","overlay-type":"","overlay-color":"","overlay-gradient":""}},"ast-content-background-meta":{"desktop":{"background-color":"var(--ast-global-color-5)","background-image":"","background-repeat":"repeat","background-position":"center center","background-size":"auto","background-attachment":"scroll","background-type":"","background-media":"","overlay-type":"","overlay-color":"","overlay-gradient":""},"tablet":{"background-color":"var(--ast-global-color-5)","background-image":"","background-repeat":"repeat","background-position":"center center","background-size":"auto","background-attachment":"scroll","background-type":"","background-media":"","overlay-type":"","overlay-color":"","overlay-gradient":""},"mobile":{"background-color":"var(--ast-global-color-5)","background-image":"","background-repeat":"repeat","background-position":"center center","background-size":"auto","background-attachment":"scroll","background-type":"","background-media":"","overlay-type":"","overlay-color":"","overlay-gradient":""}},"footnotes":""},"categories":[989,17749],"tags":[183683,203196,6345,37897,78312,203195],"class_list":["post-99597","post","type-post","status-publish","format-standard","hentry","category-historia-moderna","category-navarra","tag-ana-de-zaballa-beascoechea","tag-angel-delgado-gomez","tag-fermin-del-pino-diaz","tag-guillermo-seres-guillen","tag-ignacio-arrellano-ayuso","tag-julian-diez-torres"],"_links":{"self":[{"href":"https:\/\/www.deberes.net\/tesis\/wp-json\/wp\/v2\/posts\/99597","targetHints":{"allow":["GET"]}}],"collection":[{"href":"https:\/\/www.deberes.net\/tesis\/wp-json\/wp\/v2\/posts"}],"about":[{"href":"https:\/\/www.deberes.net\/tesis\/wp-json\/wp\/v2\/types\/post"}],"author":[{"embeddable":true,"href":"https:\/\/www.deberes.net\/tesis\/wp-json\/wp\/v2\/users\/1"}],"replies":[{"embeddable":true,"href":"https:\/\/www.deberes.net\/tesis\/wp-json\/wp\/v2\/comments?post=99597"}],"version-history":[{"count":0,"href":"https:\/\/www.deberes.net\/tesis\/wp-json\/wp\/v2\/posts\/99597\/revisions"}],"wp:attachment":[{"href":"https:\/\/www.deberes.net\/tesis\/wp-json\/wp\/v2\/media?parent=99597"}],"wp:term":[{"taxonomy":"category","embeddable":true,"href":"https:\/\/www.deberes.net\/tesis\/wp-json\/wp\/v2\/categories?post=99597"},{"taxonomy":"post_tag","embeddable":true,"href":"https:\/\/www.deberes.net\/tesis\/wp-json\/wp\/v2\/tags?post=99597"}],"curies":[{"name":"wp","href":"https:\/\/api.w.org\/{rel}","templated":true}]}}