{"id":99613,"date":"2010-08-03T00:00:00","date_gmt":"2010-08-03T00:00:00","guid":{"rendered":"https:\/\/www.deberes.net\/tesis\/sin-categoria\/la-comunicacion-expresiva-en-ninos-con-multidiscapacidad-sin-lenguaje-oral\/"},"modified":"2010-08-03T00:00:00","modified_gmt":"2010-08-03T00:00:00","slug":"la-comunicacion-expresiva-en-ninos-con-multidiscapacidad-sin-lenguaje-oral","status":"publish","type":"post","link":"https:\/\/www.deberes.net\/tesis\/pedagogia\/la-comunicacion-expresiva-en-ninos-con-multidiscapacidad-sin-lenguaje-oral\/","title":{"rendered":"La comunicacion expresiva en ni\u00f1os con multidiscapacidad sin lenguaje oral"},"content":{"rendered":"<h2>Tesis doctoral de <strong> Mar\u00eda  Alejandra Grzona <\/strong><\/h2>\n<p>Los importantes avances tecnol\u00f3gicos y de las ciencias m\u00e9dicas nos enfrentan a una problem\u00e1tica que presenta nuevos desaf\u00edos para la educaci\u00f3n especial: el alto porcentaje de ni\u00f1os que poseen dos o m\u00e1s discapacidades y que han sobrevivido a una lesi\u00f3n en el sistema nervioso central se encuentran en las instituciones con las consecuencias de los d\u00e9ficit neuropsicol\u00f3gicos que \u00abpueden variar desde un retraso mental hasta un trastorno atencional, de memoria, d\u00e9ficit motores, trastorno del lenguaje y\/o problemas de conducta.; Adem\u00e1s se advierte la presencia de alumnos que, nacieron sin discapacidades, pero a consecuencia de accidentes de tr\u00e1nsito, adquirieron una lesi\u00f3n cerebral traum\u00e1tica en etapas tempranas de su desarrollo. El objetivo general de este trabajo es conocer las formas comunicativas de ni\u00f1os con multidiscapacidad sin lenguaje verbal. Los objetivos espec\u00edficos son caracterizar las formas comunicativas frecuentemente utilizadas, conocer los disparadores m\u00e1s significativos para provocar las respuestas comunicativas e identificar las caracter\u00edsticas de las formas comunicativas espont\u00e1nea y elicitadas.<\/p>\n<p>&nbsp;<\/p>\n<h3>Datos acad\u00e9micos de la tesis doctoral \u00ab<strong>La comunicacion expresiva en ni\u00f1os con multidiscapacidad sin lenguaje oral<\/strong>\u00ab<\/h3>\n<ul>\n<li><strong>T\u00edtulo de la tesis:<\/strong>\u00a0 La comunicacion expresiva en ni\u00f1os con multidiscapacidad sin lenguaje oral <\/li>\n<li><strong>Autor:<\/strong>\u00a0 Mar\u00eda  Alejandra Grzona <\/li>\n<li><strong>Universidad:<\/strong>\u00a0 Ja\u00e9n<\/li>\n<li><strong>Fecha de lectura de la tesis:<\/strong>\u00a0 08\/03\/2010<\/li>\n<\/ul>\n<p>&nbsp;<\/p>\n<h3>Direcci\u00f3n y tribunal<\/h3>\n<ul>\n<li><strong>Director de la tesis<\/strong>\n<ul>\n<li>M. Carmen Gallego Vega<\/li>\n<\/ul>\n<\/li>\n<li><strong>Tribunal<\/strong>\n<ul>\n<li>Presidente del tribunal: Mar\u00eda  de los angeles Parrilla latas <\/li>\n<li>susana Rojas pernia (vocal)<\/li>\n<li>Mar\u00eda  Jes\u00fas Colmenero ru\u00edz (vocal)<\/li>\n<li>anabel Mori\u00f1a diez (vocal)<\/li>\n<\/ul>\n<\/li>\n<\/ul>\n<p>&nbsp;<\/p>\n","protected":false},"excerpt":{"rendered":"<p>Tesis doctoral de Mar\u00eda Alejandra Grzona Los importantes avances tecnol\u00f3gicos y de las ciencias m\u00e9dicas nos enfrentan a una problem\u00e1tica [&hellip;]<\/p>\n","protected":false},"author":1,"featured_media":0,"comment_status":"open","ping_status":"open","sticky":false,"template":"","format":"standard","meta":{"site-sidebar-layout":"default","site-content-layout":"","ast-site-content-layout":"","site-content-style":"default","site-sidebar-style":"default","ast-global-header-display":"","ast-banner-title-visibility":"","ast-main-header-display":"","ast-hfb-above-header-display":"","ast-hfb-below-header-display":"","ast-hfb-mobile-header-display":"","site-post-title":"","ast-breadcrumbs-content":"","ast-featured-img":"","footer-sml-layout":"","theme-transparent-header-meta":"","adv-header-id-meta":"","stick-header-meta":"","header-above-stick-meta":"","header-main-stick-meta":"","header-below-stick-meta":"","astra-migrate-meta-layouts":"default","ast-page-background-enabled":"default","ast-page-background-meta":{"desktop":{"background-color":"var(--ast-global-color-4)","background-image":"","background-repeat":"repeat","background-position":"center center","background-size":"auto","background-attachment":"scroll","background-type":"","background-media":"","overlay-type":"","overlay-color":"","overlay-gradient":""},"tablet":{"background-color":"","background-image":"","background-repeat":"repeat","background-position":"center center","background-size":"auto","background-attachment":"scroll","background-type":"","background-media":"","overlay-type":"","overlay-color":"","overlay-gradient":""},"mobile":{"background-color":"","background-image":"","background-repeat":"repeat","background-position":"center center","background-size":"auto","background-attachment":"scroll","background-type":"","background-media":"","overlay-type":"","overlay-color":"","overlay-gradient":""}},"ast-content-background-meta":{"desktop":{"background-color":"var(--ast-global-color-5)","background-image":"","background-repeat":"repeat","background-position":"center center","background-size":"auto","background-attachment":"scroll","background-type":"","background-media":"","overlay-type":"","overlay-color":"","overlay-gradient":""},"tablet":{"background-color":"var(--ast-global-color-5)","background-image":"","background-repeat":"repeat","background-position":"center center","background-size":"auto","background-attachment":"scroll","background-type":"","background-media":"","overlay-type":"","overlay-color":"","overlay-gradient":""},"mobile":{"background-color":"var(--ast-global-color-5)","background-image":"","background-repeat":"repeat","background-position":"center center","background-size":"auto","background-attachment":"scroll","background-type":"","background-media":"","overlay-type":"","overlay-color":"","overlay-gradient":""}},"footnotes":""},"categories":[18923,1141],"tags":[67693,186944,203223,38734,203224,155870],"class_list":["post-99613","post","type-post","status-publish","format-standard","hentry","category-jaen","category-pedagogia","tag-anabel-morina-diez","tag-m-carmen-gallego-vega","tag-maria-alejandra-grzona","tag-maria-de-los-angeles-parrilla-latas","tag-maria-jesus-colmenero-ruiz","tag-susana-rojas-pernia"],"_links":{"self":[{"href":"https:\/\/www.deberes.net\/tesis\/wp-json\/wp\/v2\/posts\/99613","targetHints":{"allow":["GET"]}}],"collection":[{"href":"https:\/\/www.deberes.net\/tesis\/wp-json\/wp\/v2\/posts"}],"about":[{"href":"https:\/\/www.deberes.net\/tesis\/wp-json\/wp\/v2\/types\/post"}],"author":[{"embeddable":true,"href":"https:\/\/www.deberes.net\/tesis\/wp-json\/wp\/v2\/users\/1"}],"replies":[{"embeddable":true,"href":"https:\/\/www.deberes.net\/tesis\/wp-json\/wp\/v2\/comments?post=99613"}],"version-history":[{"count":0,"href":"https:\/\/www.deberes.net\/tesis\/wp-json\/wp\/v2\/posts\/99613\/revisions"}],"wp:attachment":[{"href":"https:\/\/www.deberes.net\/tesis\/wp-json\/wp\/v2\/media?parent=99613"}],"wp:term":[{"taxonomy":"category","embeddable":true,"href":"https:\/\/www.deberes.net\/tesis\/wp-json\/wp\/v2\/categories?post=99613"},{"taxonomy":"post_tag","embeddable":true,"href":"https:\/\/www.deberes.net\/tesis\/wp-json\/wp\/v2\/tags?post=99613"}],"curies":[{"name":"wp","href":"https:\/\/api.w.org\/{rel}","templated":true}]}}