{"id":99629,"date":"2010-09-03T00:00:00","date_gmt":"2010-09-03T00:00:00","guid":{"rendered":"https:\/\/www.deberes.net\/tesis\/sin-categoria\/la-comunicacion-web-del-tercer-sector-analisis-estructural-de-los-sitios-web-de-las-ongd-calificadas-por-la-agencia-espanola-de-cooperacion-internacional-para-el-desarrollo\/"},"modified":"2010-09-03T00:00:00","modified_gmt":"2010-09-03T00:00:00","slug":"la-comunicacion-web-del-tercer-sector-analisis-estructural-de-los-sitios-web-de-las-ongd-calificadas-por-la-agencia-espanola-de-cooperacion-internacional-para-el-desarrollo","status":"publish","type":"post","link":"https:\/\/www.deberes.net\/tesis\/comunicaciones-sociales\/la-comunicacion-web-del-tercer-sector-analisis-estructural-de-los-sitios-web-de-las-ongd-calificadas-por-la-agencia-espanola-de-cooperacion-internacional-para-el-desarrollo\/","title":{"rendered":"La comunicaci\u00f3n web del tercer sector: an\u00e1lisis estructural de los sitios web de las ongd calificadas por la agencia espa\u00f1ola de cooperaci\u00f3n internacional para el desarrollo"},"content":{"rendered":"<h2>Tesis doctoral de <strong> Rebeca Martin Nieto <\/strong><\/h2>\n<p>Tesis nota: sobresaliente \u00abcum laude\u00bb t\u00edtulo de la tesis: la comunicaci\u00f3n web del tercer sector: an\u00e1lisis estructural de los sitios web de las ongd calificadas por la agencia espa\u00f1ola de cooperaci\u00f3n internacional resumen: esta tesis se encuadra entre las l\u00edneas de investigaci\u00f3n que exploran la comunicaci\u00f3n a trav\u00e9s de internet y, en especial, con aquellas que se enmarcan en el \u00e1mbito del tercer sector. De forma espec\u00edfica se pretend\u00edan alcanzar dos conjuntos de objetivos: por un lado conocer cu\u00e1les son los recursos materiales y humanos que las ongd calificadas ponen a disposici\u00f3n de la comunicaci\u00f3n web. Y por otro, averiguar si hay elementos de dise\u00f1o dentro de las p\u00e1ginas web que pueden favorecer la eficacia de las p\u00e1ginas web de estas organizaciones medida como recuerdo. para ello se dise\u00f1\u00f3 una metodolog\u00eda original y que cont\u00f3 con dos enfoques. Uno heur\u00edstico con el que se que pretend\u00eda hacer un barrido entre las investigaciones anteriores sobre este \u00e1mbito en las que sentar las bases metodol\u00f3gicas. Y otro enfoque de trabajo de campo que const\u00f3 de: un cuestionario espec\u00edfico, con el que se recopilaron datos sobre las propias organizaciones no gubernamentales calificadas por la aecid, sobre su comunicaci\u00f3n y su comunicaci\u00f3n web. Un protocolo espec\u00edfico elaborado a partir de otros veinte autores anteriores, con el que se pretend\u00eda analizar las p\u00e1ginas web y observar los elementos con los que contaban. Y por \u00faltimo, un test de usuarios con varias fases: una fase perceptiva, una fase de recuerdo sugerido por reconocimiento, otro de recuerdo diferido por reconstrucci\u00f3n y un \u00faltimo test de valoraci\u00f3n de indicadores. la tesis ha demostrado que hay indicadores en las p\u00e1ginas web que generan mayores niveles de recuerdo en los usuarios, especialmente aquellos que tienen que ver con la navegaci\u00f3n y la usabilidad y son precisamente en ellos donde las organizaciones deben hacer mayores esfuerzos, ya que la facilidad de navegaci\u00f3n favorece visitas a las web m\u00e1s extensas y recurrentes. Las ongd no pueden dejar escapar las posibilidades que les abre internet, necesitan del nuevo medio y deben adaptar sus equipos y sus recursos a estas nuevas oportunidades comunicativas.<\/p>\n<p>&nbsp;<\/p>\n<h3>Datos acad\u00e9micos de la tesis doctoral \u00ab<strong>La comunicaci\u00f3n web del tercer sector: an\u00e1lisis estructural de los sitios web de las ongd calificadas por la agencia espa\u00f1ola de cooperaci\u00f3n internacional para el desarrollo<\/strong>\u00ab<\/h3>\n<ul>\n<li><strong>T\u00edtulo de la tesis:<\/strong>\u00a0 La comunicaci\u00f3n web del tercer sector: an\u00e1lisis estructural de los sitios web de las ongd calificadas por la agencia espa\u00f1ola de cooperaci\u00f3n internacional para el desarrollo <\/li>\n<li><strong>Autor:<\/strong>\u00a0 Rebeca Martin Nieto <\/li>\n<li><strong>Universidad:<\/strong>\u00a0 Rey juan carlos<\/li>\n<li><strong>Fecha de lectura de la tesis:<\/strong>\u00a0 09\/03\/2010<\/li>\n<\/ul>\n<p>&nbsp;<\/p>\n<h3>Direcci\u00f3n y tribunal<\/h3>\n<ul>\n<li><strong>Director de la tesis<\/strong>\n<ul>\n<li>Isidoro Arroyo Almaraz<\/li>\n<\/ul>\n<\/li>\n<li><strong>Tribunal<\/strong>\n<ul>\n<li>Presidente del tribunal: Francisco Garcia garcia <\/li>\n<li>alfonso Palazon (vocal)<\/li>\n<li>vicente Pe\u00f1a (vocal)<\/li>\n<li>patricia N\u00fa\u00f1ez g\u00f3mez (vocal)<\/li>\n<\/ul>\n<\/li>\n<\/ul>\n<p>&nbsp;<\/p>\n","protected":false},"excerpt":{"rendered":"<p>Tesis doctoral de Rebeca Martin Nieto Tesis nota: sobresaliente \u00abcum laude\u00bb t\u00edtulo de la tesis: la comunicaci\u00f3n web del tercer [&hellip;]<\/p>\n","protected":false},"author":1,"featured_media":0,"comment_status":"open","ping_status":"open","sticky":false,"template":"","format":"standard","meta":{"site-sidebar-layout":"default","site-content-layout":"","ast-site-content-layout":"","site-content-style":"default","site-sidebar-style":"default","ast-global-header-display":"","ast-banner-title-visibility":"","ast-main-header-display":"","ast-hfb-above-header-display":"","ast-hfb-below-header-display":"","ast-hfb-mobile-header-display":"","site-post-title":"","ast-breadcrumbs-content":"","ast-featured-img":"","footer-sml-layout":"","theme-transparent-header-meta":"","adv-header-id-meta":"","stick-header-meta":"","header-above-stick-meta":"","header-main-stick-meta":"","header-below-stick-meta":"","astra-migrate-meta-layouts":"default","ast-page-background-enabled":"default","ast-page-background-meta":{"desktop":{"background-color":"var(--ast-global-color-4)","background-image":"","background-repeat":"repeat","background-position":"center center","background-size":"auto","background-attachment":"scroll","background-type":"","background-media":"","overlay-type":"","overlay-color":"","overlay-gradient":""},"tablet":{"background-color":"","background-image":"","background-repeat":"repeat","background-position":"center center","background-size":"auto","background-attachment":"scroll","background-type":"","background-media":"","overlay-type":"","overlay-color":"","overlay-gradient":""},"mobile":{"background-color":"","background-image":"","background-repeat":"repeat","background-position":"center center","background-size":"auto","background-attachment":"scroll","background-type":"","background-media":"","overlay-type":"","overlay-color":"","overlay-gradient":""}},"ast-content-background-meta":{"desktop":{"background-color":"var(--ast-global-color-5)","background-image":"","background-repeat":"repeat","background-position":"center center","background-size":"auto","background-attachment":"scroll","background-type":"","background-media":"","overlay-type":"","overlay-color":"","overlay-gradient":""},"tablet":{"background-color":"var(--ast-global-color-5)","background-image":"","background-repeat":"repeat","background-position":"center center","background-size":"auto","background-attachment":"scroll","background-type":"","background-media":"","overlay-type":"","overlay-color":"","overlay-gradient":""},"mobile":{"background-color":"var(--ast-global-color-5)","background-image":"","background-repeat":"repeat","background-position":"center center","background-size":"auto","background-attachment":"scroll","background-type":"","background-media":"","overlay-type":"","overlay-color":"","overlay-gradient":""}},"footnotes":""},"categories":[4735,5051,36610,13715,14126],"tags":[203250,7470,131948,104871,203249,203251],"class_list":["post-99629","post","type-post","status-publish","format-standard","hentry","category-comunicaciones-sociales","category-medios-de-comunicacion-de-masas","category-rey-juan-carlos","category-sociologia-de-los-medios-de-comunicacion-de-masas","category-tecnologia-y-cambio-social","tag-alfonso-palazon","tag-francisco-garcia-garcia","tag-isidoro-arroyo-almaraz","tag-patricia-nunez-gomez","tag-rebeca-martin-nieto","tag-vicente-pena"],"_links":{"self":[{"href":"https:\/\/www.deberes.net\/tesis\/wp-json\/wp\/v2\/posts\/99629","targetHints":{"allow":["GET"]}}],"collection":[{"href":"https:\/\/www.deberes.net\/tesis\/wp-json\/wp\/v2\/posts"}],"about":[{"href":"https:\/\/www.deberes.net\/tesis\/wp-json\/wp\/v2\/types\/post"}],"author":[{"embeddable":true,"href":"https:\/\/www.deberes.net\/tesis\/wp-json\/wp\/v2\/users\/1"}],"replies":[{"embeddable":true,"href":"https:\/\/www.deberes.net\/tesis\/wp-json\/wp\/v2\/comments?post=99629"}],"version-history":[{"count":0,"href":"https:\/\/www.deberes.net\/tesis\/wp-json\/wp\/v2\/posts\/99629\/revisions"}],"wp:attachment":[{"href":"https:\/\/www.deberes.net\/tesis\/wp-json\/wp\/v2\/media?parent=99629"}],"wp:term":[{"taxonomy":"category","embeddable":true,"href":"https:\/\/www.deberes.net\/tesis\/wp-json\/wp\/v2\/categories?post=99629"},{"taxonomy":"post_tag","embeddable":true,"href":"https:\/\/www.deberes.net\/tesis\/wp-json\/wp\/v2\/tags?post=99629"}],"curies":[{"name":"wp","href":"https:\/\/api.w.org\/{rel}","templated":true}]}}