{"id":99633,"date":"2010-10-03T00:00:00","date_gmt":"2010-10-03T00:00:00","guid":{"rendered":"https:\/\/www.deberes.net\/tesis\/sin-categoria\/imagen-y-discurso-los-textos-de-antonio-vieira-y-el-lenguaje-cinematografico\/"},"modified":"2010-10-03T00:00:00","modified_gmt":"2010-10-03T00:00:00","slug":"imagen-y-discurso-los-textos-de-antonio-vieira-y-el-lenguaje-cinematografico","status":"publish","type":"post","link":"https:\/\/www.deberes.net\/tesis\/lengua-y-literatura\/imagen-y-discurso-los-textos-de-antonio-vieira-y-el-lenguaje-cinematografico\/","title":{"rendered":"Imagen y discurso: los textos de ant\u00f3nio vieira y el lenguaje cinematogr\u00e1fico"},"content":{"rendered":"<h2>Tesis doctoral de <strong> Francisco Jim\u00e9nez Calder\u00f3n <\/strong><\/h2>\n<p>Este trabajo constituye un reflejo de las posibilidades de enfoque que, desde las disciplinas filol\u00f3gicas y, en general, human\u00edsticas, pueden aplicarse al an\u00e1lisis cinematogr\u00e1fico. El contraste entre pel\u00edculas de g\u00e9nero hist\u00f3rico y datos historiogr\u00e1ficos, recursos como el de la intertextualidad o la perspectiva comparada, ya sea al cotejar cine y literatura o unas realizaciones con otras, son procedimientos id\u00f3neos para el tratamiento de filmes como los que aqu\u00ed se analizan, pel\u00edculas que mezclan intertextos literarios y cinematogr\u00e1ficos, y que aportan gran cantidad de informaci\u00f3n hist\u00f3rica y cultural. La clave com\u00fan a todas estas pel\u00edculas es el jesuita portugu\u00e9s ant\u00f3nio vieira (1608-1697), cuya presencia en el cine responde, sobre todo, a la actualidad que comportan tanto su obra como su pensamiento, si bien cada filme requiere un enfoque metodol\u00f3gico espec\u00edfico de acuerdo con su singularidad.        desde esa perspectiva se analizan cinco pel\u00edculas, cuatro de producci\u00f3n portuguesa y una de producci\u00f3n brasile\u00f1a: mensagem (luis vidal lopes, 1988), serm\u00ed\u00b5es-a hist\u00f3ria de ant\u00f3nio vieira (j\u00falio bressane, 1989), o proceso do rei (jo\u00ed\u00a3o m\u00e1rio grilo, 1989), non ou a v\u00ed\u00a3 gl\u00f3ria de mandar (manoel de oliveira, 1990) y palavra e utopia (manoel de oliveira, 2000). Se incluye, adem\u00e1s, y como cap\u00edtulo previo al estudio de los filmes, un estudio acerca de la obra teatral ant\u00f3nio vieira (1973), de fernando luso soares, por cuanto puede considerarse un precedente de las realizaciones f\u00edlmicas.       ant\u00f3nio vieira, maestro en el uso de la ret\u00f3rica, es presentado en las pel\u00edculas como gran orador, y muchas escenas se dedican a la reproducci\u00f3n de sus sermones. Su pensamiento ut\u00f3pico es, tambi\u00e9n, representativo de cualquier \u00e9poca, como lo es la capacidad de lucha por el ideal, y as\u00ed se manifiesta en la mayor\u00eda de los filmes en que aparece como personaje. Para el cine, vieira se considera una figura cuya obra y pensamiento son dignos, desde perspectivas muy diferentes, de adaptaciones f\u00edlmicas, las cuales ponen en relaci\u00f3n al jesuita del siglo xvii con al espectador actual.<\/p>\n<p>&nbsp;<\/p>\n<h3>Datos acad\u00e9micos de la tesis doctoral \u00ab<strong>Imagen y discurso: los textos de ant\u00f3nio vieira y el lenguaje cinematogr\u00e1fico<\/strong>\u00ab<\/h3>\n<ul>\n<li><strong>T\u00edtulo de la tesis:<\/strong>\u00a0 Imagen y discurso: los textos de ant\u00f3nio vieira y el lenguaje cinematogr\u00e1fico <\/li>\n<li><strong>Autor:<\/strong>\u00a0 Francisco Jim\u00e9nez Calder\u00f3n <\/li>\n<li><strong>Universidad:<\/strong>\u00a0 Extremadura<\/li>\n<li><strong>Fecha de lectura de la tesis:<\/strong>\u00a0 10\/03\/2010<\/li>\n<\/ul>\n<p>&nbsp;<\/p>\n<h3>Direcci\u00f3n y tribunal<\/h3>\n<ul>\n<li><strong>Director de la tesis<\/strong>\n<ul>\n<li>Francisco Javier Tovar Paz<\/li>\n<\/ul>\n<\/li>\n<li><strong>Tribunal<\/strong>\n<ul>\n<li>Presidente del tribunal: Antonio Salvador plans <\/li>\n<li>carmen Pe\u00f1a ardid (vocal)<\/li>\n<li>angel Quintana morraja (vocal)<\/li>\n<li>carmen Gal\u00e1n rodr\u00edguez (vocal)<\/li>\n<\/ul>\n<\/li>\n<\/ul>\n<p>&nbsp;<\/p>\n","protected":false},"excerpt":{"rendered":"<p>Tesis doctoral de Francisco Jim\u00e9nez Calder\u00f3n Este trabajo constituye un reflejo de las posibilidades de enfoque que, desde las disciplinas [&hellip;]<\/p>\n","protected":false},"author":1,"featured_media":0,"comment_status":"open","ping_status":"open","sticky":false,"template":"","format":"standard","meta":{"site-sidebar-layout":"default","site-content-layout":"","ast-site-content-layout":"","site-content-style":"default","site-sidebar-style":"default","ast-global-header-display":"","ast-banner-title-visibility":"","ast-main-header-display":"","ast-hfb-above-header-display":"","ast-hfb-below-header-display":"","ast-hfb-mobile-header-display":"","site-post-title":"","ast-breadcrumbs-content":"","ast-featured-img":"","footer-sml-layout":"","theme-transparent-header-meta":"","adv-header-id-meta":"","stick-header-meta":"","header-above-stick-meta":"","header-main-stick-meta":"","header-below-stick-meta":"","astra-migrate-meta-layouts":"default","ast-page-background-enabled":"default","ast-page-background-meta":{"desktop":{"background-color":"var(--ast-global-color-4)","background-image":"","background-repeat":"repeat","background-position":"center center","background-size":"auto","background-attachment":"scroll","background-type":"","background-media":"","overlay-type":"","overlay-color":"","overlay-gradient":""},"tablet":{"background-color":"","background-image":"","background-repeat":"repeat","background-position":"center center","background-size":"auto","background-attachment":"scroll","background-type":"","background-media":"","overlay-type":"","overlay-color":"","overlay-gradient":""},"mobile":{"background-color":"","background-image":"","background-repeat":"repeat","background-position":"center center","background-size":"auto","background-attachment":"scroll","background-type":"","background-media":"","overlay-type":"","overlay-color":"","overlay-gradient":""}},"ast-content-background-meta":{"desktop":{"background-color":"var(--ast-global-color-5)","background-image":"","background-repeat":"repeat","background-position":"center center","background-size":"auto","background-attachment":"scroll","background-type":"","background-media":"","overlay-type":"","overlay-color":"","overlay-gradient":""},"tablet":{"background-color":"var(--ast-global-color-5)","background-image":"","background-repeat":"repeat","background-position":"center center","background-size":"auto","background-attachment":"scroll","background-type":"","background-media":"","overlay-type":"","overlay-color":"","overlay-gradient":""},"mobile":{"background-color":"var(--ast-global-color-5)","background-image":"","background-repeat":"repeat","background-position":"center center","background-size":"auto","background-attachment":"scroll","background-type":"","background-media":"","overlay-type":"","overlay-color":"","overlay-gradient":""}},"footnotes":""},"categories":[5547,949,636],"tags":[41308,12726,66854,203261,203260,203259],"class_list":["post-99633","post","type-post","status-publish","format-standard","hentry","category-cinematografia","category-extremadura","category-lengua-y-literatura","tag-angel-quintana-morraja","tag-antonio-salvador-plans","tag-carmen-galan-rodriguez","tag-carmen-pena-ardid","tag-francisco-javier-tovar-paz","tag-francisco-jimenez-calderon"],"_links":{"self":[{"href":"https:\/\/www.deberes.net\/tesis\/wp-json\/wp\/v2\/posts\/99633","targetHints":{"allow":["GET"]}}],"collection":[{"href":"https:\/\/www.deberes.net\/tesis\/wp-json\/wp\/v2\/posts"}],"about":[{"href":"https:\/\/www.deberes.net\/tesis\/wp-json\/wp\/v2\/types\/post"}],"author":[{"embeddable":true,"href":"https:\/\/www.deberes.net\/tesis\/wp-json\/wp\/v2\/users\/1"}],"replies":[{"embeddable":true,"href":"https:\/\/www.deberes.net\/tesis\/wp-json\/wp\/v2\/comments?post=99633"}],"version-history":[{"count":0,"href":"https:\/\/www.deberes.net\/tesis\/wp-json\/wp\/v2\/posts\/99633\/revisions"}],"wp:attachment":[{"href":"https:\/\/www.deberes.net\/tesis\/wp-json\/wp\/v2\/media?parent=99633"}],"wp:term":[{"taxonomy":"category","embeddable":true,"href":"https:\/\/www.deberes.net\/tesis\/wp-json\/wp\/v2\/categories?post=99633"},{"taxonomy":"post_tag","embeddable":true,"href":"https:\/\/www.deberes.net\/tesis\/wp-json\/wp\/v2\/tags?post=99633"}],"curies":[{"name":"wp","href":"https:\/\/api.w.org\/{rel}","templated":true}]}}