{"id":99641,"date":"2010-10-03T00:00:00","date_gmt":"2010-10-03T00:00:00","guid":{"rendered":"https:\/\/www.deberes.net\/tesis\/sin-categoria\/correlacion-entre-indicadores-de-crecimiento-regional-y-ejecucion-de-gasto-de-id-propuesta-de-un-modelo-prospectivo-del-impulso-de-la-innovacion-en-el-sistema-nacional-de-innovacion-sni\/"},"modified":"2010-10-03T00:00:00","modified_gmt":"2010-10-03T00:00:00","slug":"correlacion-entre-indicadores-de-crecimiento-regional-y-ejecucion-de-gasto-de-id-propuesta-de-un-modelo-prospectivo-del-impulso-de-la-innovacion-en-el-sistema-nacional-de-innovacion-sni","status":"publish","type":"post","link":"https:\/\/www.deberes.net\/tesis\/innovacion-tecnologica\/correlacion-entre-indicadores-de-crecimiento-regional-y-ejecucion-de-gasto-de-id-propuesta-de-un-modelo-prospectivo-del-impulso-de-la-innovacion-en-el-sistema-nacional-de-innovacion-sni\/","title":{"rendered":"Correlaci\u00f3n entre indicadores de crecimiento regional y ejecuci\u00f3n de gasto de i+d. propuesta de un modelo prospectivo del impulso de la innovaci\u00f3n en el sistema nacional de innovaci\u00f3n (sni)"},"content":{"rendered":"<h2>Tesis doctoral de <strong> Armando Juan Dominguis Forquet <\/strong><\/h2>\n<p>Hace ya tiempo que las comunidades aut\u00f3nomas (cc.Aa) -y las empresas asentadas en ellas- se est\u00e1n dando cuenta que sus activos f\u00edsicos y financieros no tienen la capacidad suficiente para generar ventajas competitivas sostenibles en el tiempo, debido a un entorno econ\u00f3mico que exige tanto a las empresas como a sus cc.Aa. Cambiar sus estrategias de adaptabilidad por estrategias de anticipaci\u00f3n ante los cambios que ocurren en dicho entorno.  las teor\u00edas econ\u00f3micas y de direcci\u00f3n estrat\u00e9gicas actuales resaltan que, para formular estrategias de adaptabilidad con \u00e9xito, se hace imprescindible que estas vayan sustentadas por dos pilares fundamentales: la gesti\u00f3n del conocimiento y la investigaci\u00f3n, desarrollo e innovaci\u00f3n (i+d+i).  en relaci\u00f3n a la i+d+i, en este nuevo milenio, tanto las empresas, los organismos intermedios, como las instituciones p\u00fablicas, coinciden cada vez m\u00e1s, en que el apoyo a las innovaciones es el principal motor del incremento de la productividad y de la actividad econ\u00f3mica, tanto de las regiones como del propio territorio nacional.  un sistema nacional de innovaci\u00f3n (sni) se define como un conjunto de organizaciones de naturaleza institucional y empresarial que, dentro del territorio correspondiente, interact\u00faan entre s\u00ed con el objeto de asignar recursos a la realizaci\u00f3n de actividades orientadas a la generaci\u00f3n y difusi\u00f3n de los conocimientos sobre los que se soportan las innovaciones principalmente tecnol\u00f3gicas- que constituyen en el sentido schumpenteriano el fundamento del desarrollo econ\u00f3mico\u00bb. el libro blanco de la innovaci\u00f3n (1998), realiz\u00f3 el primer an\u00e1lisis completo de la situaci\u00f3n espa\u00f1ola en materia de innovaci\u00f3n, puesto que ya se reconoc\u00eda en dicho a\u00f1o, que la innovaci\u00f3n era una de las claves fundamentales para el crecimiento econ\u00f3mico.  en la actualidad, los pa\u00edses que se sit\u00faan en los primeros puestos en los ranking de productividad, son tambi\u00e9n los pa\u00edses que lideran las inversiones en modernizaci\u00f3n e innovaci\u00f3n tecnol\u00f3gica, resultado del funcionamiento de un complejo sistema formado por empresas, administraciones p\u00fablicas, universidades y algunos procesos de servicios de investigaci\u00f3n (cotec 2007). no obstante, m. Balzat y h. Hanush afirman que existen ciertas carencias en los sni por lo que cabr\u00eda esperar desarrollar en el futuro otras \u00e1reas relacionadas con estos. entre estas carencias, cabr\u00eda destacar la existencia de una mayor desagregaci\u00f3n en el nivel de an\u00e1lisis, por lo que \u00abes necesario un mayor enfoque hacia los sistemas sectoriales de innovaci\u00f3n, hacia la regionalizacion y los cl\u00fasteres industriales, y hacia las nuevas \u00e1reas de desarrollo econ\u00f3mico  con una mayor especializaci\u00f3n institucional a nivel regional en el cambio tecnol\u00f3gico\u00bb.  ante esta carencia planteada observamos que, efectivamente, es necesario ofrecer una informaci\u00f3n menos descriptiva y sobre todo que no sea informaci\u00f3n ex post; puesto que -seg\u00fan afirman dichos autores- \u00abel sni no aporta mucha utilidad para poder aplicar las pol\u00edticas correctoras necesarias puesto que su operatividad resulta limitada\u00bb.  las discrepancias informativas en relaci\u00f3n a como y de que manera est\u00e1 afectando la recesi\u00f3n econ\u00f3mica al apoyo investigador en espa\u00f1a y los propios fallos de los sni, confirmaron nuestra decisi\u00f3n de proponer en este estudio un modelo prospectivo ex ante validado que ayudara en lo posible a prever aquellos cambios productivos relacionados con el gasto en i+d.  debemos aclarar, que en la formulaci\u00f3n de dicho modelo, hemos utilizado como variable dependiente la productividad aparente del factor trabajo (paft) en vez del pib per c\u00e1pita real a pm, porque la paft, al tener una relaci\u00f3n mesurable entre la cantidad de producci\u00f3n y la de los factores necesarios para conseguir este; constituye una aproximaci\u00f3n informativa m\u00e1s realista sobre el desarrollo regional. Adem\u00e1s, esta variable refleja el ritmo relativo de adopci\u00f3n de innovaciones, el progreso tecnol\u00f3gico y su difusi\u00f3n; algo intr\u00ednsecamente relacionado con nuestro estudio y muy ligado al concepto de eficiencia t\u00e9cnica y a los cambios t\u00e9cnicos y estructurales que estos conllevan. nuestra hip\u00f3tesis pretende demostrar la existencia de una sinergia entre la productividad aparente del factor trabajo obtenida en cada comunidad aut\u00f3noma en un a\u00f1o t y su relaci\u00f3n con el gasto ejecutado en i+d por dicha regi\u00f3n en el a\u00f1o t-1. el motivo de analizar los resultados productivos de una comunidad aut\u00f3noma relacionando estos con el gasto ejecutado en i+d con el a\u00f1o anterior, es debido a que consideramos que los resultados del gasto ejecutado en i+d no se pueden medir a corto plazo, sino que los frutos econ\u00f3micos que se obtienen en la comunidad auton\u00f3mica en cuesti\u00f3n, son percibidos en un tiempo posterior. en otras palabras: los resultados sobre un nuevo proceso productivo, un nuevo invento o un nuevo desarrollo tecnol\u00f3gico, no son observables en el mismo momento de la recepci\u00f3n de la ayuda para i+d, sino m\u00e1s bien cuando ha transcurrido cierto periodo de tiempo. Hace falta por tanto que pase un determinado periodo de adaptaci\u00f3n y realizaci\u00f3n de la actividad investigadora para recoger los frutos de lo cosechado.  en definitiva, al hablar de un gasto  en i+d ejecutado en un a\u00f1o significa que los resultados econ\u00f3micos o de evoluci\u00f3n de la riqueza de un pa\u00eds o regi\u00f3n de dicho gasto ejecutado, ser\u00e1n mas perceptibles al menos al a\u00f1o siguiente de la ejecuci\u00f3n de dicho gasto -y en posteriores periodos-, que es donde realmente se ver\u00e1n las consecuencias de la pol\u00edtica elegida sobre el gasto ejecutado en i+d en dicha(s) regi\u00f3n(es).  por lo tanto el siguiente trabajo se sostiene en tres pilares fundamentales: 1. An\u00e1lisis sobre la evoluci\u00f3n de la productividad aparente del factor trabajo de cada una de las comunidades aut\u00f3nomas espa\u00f1olas desde el 2001 al 2007 confirmando a\u00f1o a a\u00f1o, la relaci\u00f3n de dicha productividad con la pol\u00edtica ejecutoria elegida en gasto en i+d y de personal del periodo anterior. 2. Confirmaci\u00f3n de que dicha relaci\u00f3n existente entre las variables utilizadas de distintos periodos no es fruto de la casualidad sino de la causalidad mediante c\u00e1lculos estad\u00edsticos (coeficiente de correlaci\u00f3n, coeficiente de determinaci\u00f3n) para cada a\u00f1o analizado. 3. Presentaci\u00f3n de una propuesta de modelo prospectivo validado que confirma por un lado la relaci\u00f3n existente entre la productividad y su relaci\u00f3n con el gasto ejecutado en i+d y en personal investigador (ejc) de otro periodo distinto y que puede ser \u00fatil para predecir la productividad futura de las comunidades aut\u00f3nomas espa\u00f1olas con un margen de error en el modelo presentado del 4,8%.<\/p>\n<p>&nbsp;<\/p>\n<h3>Datos acad\u00e9micos de la tesis doctoral \u00ab<strong>Correlaci\u00f3n entre indicadores de crecimiento regional y ejecuci\u00f3n de gasto de i+d. propuesta de un modelo prospectivo del impulso de la innovaci\u00f3n en el sistema nacional de innovaci\u00f3n (sni)<\/strong>\u00ab<\/h3>\n<ul>\n<li><strong>T\u00edtulo de la tesis:<\/strong>\u00a0 Correlaci\u00f3n entre indicadores de crecimiento regional y ejecuci\u00f3n de gasto de i+d. propuesta de un modelo prospectivo del impulso de la innovaci\u00f3n en el sistema nacional de innovaci\u00f3n (sni) <\/li>\n<li><strong>Autor:<\/strong>\u00a0 Armando Juan Dominguis Forquet <\/li>\n<li><strong>Universidad:<\/strong>\u00a0 Polit\u00e9cnica de Valencia<\/li>\n<li><strong>Fecha de lectura de la tesis:<\/strong>\u00a0 10\/03\/2010<\/li>\n<\/ul>\n<p>&nbsp;<\/p>\n<h3>Direcci\u00f3n y tribunal<\/h3>\n<ul>\n<li><strong>Director de la tesis<\/strong>\n<ul>\n<li>Jos\u00e9 Mar\u00eda Guijarro Jorge<\/li>\n<\/ul>\n<\/li>\n<li><strong>Tribunal<\/strong>\n<ul>\n<li>Presidente del tribunal: andres Artal tur <\/li>\n<li>lourdes Can\u00f3s  dar\u00f3s (vocal)<\/li>\n<li>M\u00aa Luisa Alama sabater (vocal)<\/li>\n<li>cesar Orgiles barcelo (vocal)<\/li>\n<\/ul>\n<\/li>\n<\/ul>\n<p>&nbsp;<\/p>\n","protected":false},"excerpt":{"rendered":"<p>Tesis doctoral de Armando Juan Dominguis Forquet Hace ya tiempo que las comunidades aut\u00f3nomas (cc.Aa) -y las empresas asentadas en [&hellip;]<\/p>\n","protected":false},"author":1,"featured_media":0,"comment_status":"open","ping_status":"open","sticky":false,"template":"","format":"standard","meta":{"site-sidebar-layout":"default","site-content-layout":"","ast-site-content-layout":"","site-content-style":"default","site-sidebar-style":"default","ast-global-header-display":"","ast-banner-title-visibility":"","ast-main-header-display":"","ast-hfb-above-header-display":"","ast-hfb-below-header-display":"","ast-hfb-mobile-header-display":"","site-post-title":"","ast-breadcrumbs-content":"","ast-featured-img":"","footer-sml-layout":"","theme-transparent-header-meta":"","adv-header-id-meta":"","stick-header-meta":"","header-above-stick-meta":"","header-main-stick-meta":"","header-below-stick-meta":"","astra-migrate-meta-layouts":"default","ast-page-background-enabled":"default","ast-page-background-meta":{"desktop":{"background-color":"var(--ast-global-color-4)","background-image":"","background-repeat":"repeat","background-position":"center center","background-size":"auto","background-attachment":"scroll","background-type":"","background-media":"","overlay-type":"","overlay-color":"","overlay-gradient":""},"tablet":{"background-color":"","background-image":"","background-repeat":"repeat","background-position":"center center","background-size":"auto","background-attachment":"scroll","background-type":"","background-media":"","overlay-type":"","overlay-color":"","overlay-gradient":""},"mobile":{"background-color":"","background-image":"","background-repeat":"repeat","background-position":"center center","background-size":"auto","background-attachment":"scroll","background-type":"","background-media":"","overlay-type":"","overlay-color":"","overlay-gradient":""}},"ast-content-background-meta":{"desktop":{"background-color":"var(--ast-global-color-5)","background-image":"","background-repeat":"repeat","background-position":"center center","background-size":"auto","background-attachment":"scroll","background-type":"","background-media":"","overlay-type":"","overlay-color":"","overlay-gradient":""},"tablet":{"background-color":"var(--ast-global-color-5)","background-image":"","background-repeat":"repeat","background-position":"center center","background-size":"auto","background-attachment":"scroll","background-type":"","background-media":"","overlay-type":"","overlay-color":"","overlay-gradient":""},"mobile":{"background-color":"var(--ast-global-color-5)","background-image":"","background-repeat":"repeat","background-position":"center center","background-size":"auto","background-attachment":"scroll","background-type":"","background-media":"","overlay-type":"","overlay-color":"","overlay-gradient":""}},"footnotes":""},"categories":[991,16820,16832,20807],"tags":[58099,203274,19272,186134,162391,104206],"class_list":["post-99641","post","type-post","status-publish","format-standard","hentry","category-innovacion-tecnologica","category-politecnica-de-valencia","category-prevision-economica","category-sector-de-investigacion-y-desarrollo","tag-andres-artal-tur","tag-armando-juan-dominguis-forquet","tag-cesar-orgiles-barcelo","tag-jose-maria-guijarro-jorge","tag-lourdes-canos-daros","tag-ma-luisa-alama-sabater"],"_links":{"self":[{"href":"https:\/\/www.deberes.net\/tesis\/wp-json\/wp\/v2\/posts\/99641","targetHints":{"allow":["GET"]}}],"collection":[{"href":"https:\/\/www.deberes.net\/tesis\/wp-json\/wp\/v2\/posts"}],"about":[{"href":"https:\/\/www.deberes.net\/tesis\/wp-json\/wp\/v2\/types\/post"}],"author":[{"embeddable":true,"href":"https:\/\/www.deberes.net\/tesis\/wp-json\/wp\/v2\/users\/1"}],"replies":[{"embeddable":true,"href":"https:\/\/www.deberes.net\/tesis\/wp-json\/wp\/v2\/comments?post=99641"}],"version-history":[{"count":0,"href":"https:\/\/www.deberes.net\/tesis\/wp-json\/wp\/v2\/posts\/99641\/revisions"}],"wp:attachment":[{"href":"https:\/\/www.deberes.net\/tesis\/wp-json\/wp\/v2\/media?parent=99641"}],"wp:term":[{"taxonomy":"category","embeddable":true,"href":"https:\/\/www.deberes.net\/tesis\/wp-json\/wp\/v2\/categories?post=99641"},{"taxonomy":"post_tag","embeddable":true,"href":"https:\/\/www.deberes.net\/tesis\/wp-json\/wp\/v2\/tags?post=99641"}],"curies":[{"name":"wp","href":"https:\/\/api.w.org\/{rel}","templated":true}]}}