{"id":99648,"date":"2010-11-03T00:00:00","date_gmt":"2010-11-03T00:00:00","guid":{"rendered":"https:\/\/www.deberes.net\/tesis\/sin-categoria\/estres-cronico-suave-mecanismos-neurobiologicos-implicados-en-la-conducta-depresiva-cronica\/"},"modified":"2010-11-03T00:00:00","modified_gmt":"2010-11-03T00:00:00","slug":"estres-cronico-suave-mecanismos-neurobiologicos-implicados-en-la-conducta-depresiva-cronica","status":"publish","type":"post","link":"https:\/\/www.deberes.net\/tesis\/farmacos-psicotropicos\/estres-cronico-suave-mecanismos-neurobiologicos-implicados-en-la-conducta-depresiva-cronica\/","title":{"rendered":"Estr\u00e9s cr\u00f3nico suave: mecanismos neurobiol\u00f3gicos implicados en la conducta depresiva cr\u00f3nica"},"content":{"rendered":"<h2>Tesis doctoral de <strong> Natalia Elizalde Urdiain <\/strong><\/h2>\n<p>Chronic mild stress: neurobiological mechanisms involved in chronic depressive-like behaviour depression is a chronic disorder, often preceded by exposure to stress. Nowadays, there is an emerging clinical interest in mechanisms perpetuating episodes of depression and\/or establishing increased vulnerability for relapse. Nevertheless, little attention has been paid to address these aspects in experimental models. In an attempt to respond to this clinical need, the long-term behavioural and neuroadaptive effects of the chronic mild stress (cms) model of depression with a course of antidepressant treatment (imipramine and paroxetine) have been studied.  Cms induced a short and long-term altered depressive-like behavioural profile including anhedonia, helplessness as well as other highly comorbid symptoms such as anxiety and recognition memory impairment. Supporting the model validity, these long-lasting alterations were reversed by chronic antidepressant treatment.  Cms induced long-lasting neurobiological alterations that were reversed by antidepressant treatment and that could be, therefore, involved in the perpetuation of depressive symptoms. Among them, an increased increased serotonergic activity in the dorsal raphe nucleus and a decreased decreased neuronal activity in the ca1 region, and of gad65 expression levels in the hippocampus. Cms also induced a set of long-lasting residual alterations following antidepressant discontinuation that affect especially to glutamate and gaba neurotransmitter systems in the ventral hippocampus.  In addition, both cms and a genetic model of altered glutamate function showed an increased cortical expression of the activity regulated cytoskeletal protein (arc) after exposure to novelty. Finnally, neither hippocampal neurogenesis nor protein expression of synapsin 1 or  synaptophysin were affected in the long-term. the long-term neurobiological alterations induced by cms could address molecular mechanisms involved in the perpetuation of the symptoms and in the acquired vulnerability of some remitted patients for relapse respectively.<\/p>\n<p>&nbsp;<\/p>\n<h3>Datos acad\u00e9micos de la tesis doctoral \u00ab<strong>Estr\u00e9s cr\u00f3nico suave: mecanismos neurobiol\u00f3gicos implicados en la conducta depresiva cr\u00f3nica<\/strong>\u00ab<\/h3>\n<ul>\n<li><strong>T\u00edtulo de la tesis:<\/strong>\u00a0 Estr\u00e9s cr\u00f3nico suave: mecanismos neurobiol\u00f3gicos implicados en la conducta depresiva cr\u00f3nica <\/li>\n<li><strong>Autor:<\/strong>\u00a0 Natalia Elizalde Urdiain <\/li>\n<li><strong>Universidad:<\/strong>\u00a0 Navarra<\/li>\n<li><strong>Fecha de lectura de la tesis:<\/strong>\u00a0 11\/03\/2010<\/li>\n<\/ul>\n<p>&nbsp;<\/p>\n<h3>Direcci\u00f3n y tribunal<\/h3>\n<ul>\n<li><strong>Director de la tesis<\/strong>\n<ul>\n<li>Rosa Mar\u00eda Tordera Baviera<\/li>\n<\/ul>\n<\/li>\n<li><strong>Tribunal<\/strong>\n<ul>\n<li>Presidente del tribunal: joaquin del Rio zambrana <\/li>\n<li>ram\u00f3n Trullas oliva (vocal)<\/li>\n<li>Andr\u00e9s Ozaita mintegui (vocal)<\/li>\n<li>renato Corradetti (vocal)<\/li>\n<\/ul>\n<\/li>\n<\/ul>\n<p>&nbsp;<\/p>\n","protected":false},"excerpt":{"rendered":"<p>Tesis doctoral de Natalia Elizalde Urdiain Chronic mild stress: neurobiological mechanisms involved in chronic depressive-like behaviour depression is a chronic [&hellip;]<\/p>\n","protected":false},"author":1,"featured_media":0,"comment_status":"open","ping_status":"open","sticky":false,"template":"","format":"standard","meta":{"site-sidebar-layout":"default","site-content-layout":"","ast-site-content-layout":"","site-content-style":"default","site-sidebar-style":"default","ast-global-header-display":"","ast-banner-title-visibility":"","ast-main-header-display":"","ast-hfb-above-header-display":"","ast-hfb-below-header-display":"","ast-hfb-mobile-header-display":"","site-post-title":"","ast-breadcrumbs-content":"","ast-featured-img":"","footer-sml-layout":"","theme-transparent-header-meta":"","adv-header-id-meta":"","stick-header-meta":"","header-above-stick-meta":"","header-main-stick-meta":"","header-below-stick-meta":"","astra-migrate-meta-layouts":"default","ast-page-background-enabled":"default","ast-page-background-meta":{"desktop":{"background-color":"var(--ast-global-color-4)","background-image":"","background-repeat":"repeat","background-position":"center center","background-size":"auto","background-attachment":"scroll","background-type":"","background-media":"","overlay-type":"","overlay-color":"","overlay-gradient":""},"tablet":{"background-color":"","background-image":"","background-repeat":"repeat","background-position":"center center","background-size":"auto","background-attachment":"scroll","background-type":"","background-media":"","overlay-type":"","overlay-color":"","overlay-gradient":""},"mobile":{"background-color":"","background-image":"","background-repeat":"repeat","background-position":"center center","background-size":"auto","background-attachment":"scroll","background-type":"","background-media":"","overlay-type":"","overlay-color":"","overlay-gradient":""}},"ast-content-background-meta":{"desktop":{"background-color":"var(--ast-global-color-5)","background-image":"","background-repeat":"repeat","background-position":"center center","background-size":"auto","background-attachment":"scroll","background-type":"","background-media":"","overlay-type":"","overlay-color":"","overlay-gradient":""},"tablet":{"background-color":"var(--ast-global-color-5)","background-image":"","background-repeat":"repeat","background-position":"center center","background-size":"auto","background-attachment":"scroll","background-type":"","background-media":"","overlay-type":"","overlay-color":"","overlay-gradient":""},"mobile":{"background-color":"var(--ast-global-color-5)","background-image":"","background-repeat":"repeat","background-position":"center center","background-size":"auto","background-attachment":"scroll","background-type":"","background-media":"","overlay-type":"","overlay-color":"","overlay-gradient":""}},"footnotes":""},"categories":[957,183,17749],"tags":[203283,5626,203282,14027,203284,106536],"class_list":["post-99648","post","type-post","status-publish","format-standard","hentry","category-farmacologia","category-farmacos-psicotropicos","category-navarra","tag-andres-ozaita-mintegui","tag-joaquin-del-rio-zambrana","tag-natalia-elizalde-urdiain","tag-ramon-trullas-oliva","tag-renato-corradetti","tag-rosa-maria-tordera-baviera"],"_links":{"self":[{"href":"https:\/\/www.deberes.net\/tesis\/wp-json\/wp\/v2\/posts\/99648","targetHints":{"allow":["GET"]}}],"collection":[{"href":"https:\/\/www.deberes.net\/tesis\/wp-json\/wp\/v2\/posts"}],"about":[{"href":"https:\/\/www.deberes.net\/tesis\/wp-json\/wp\/v2\/types\/post"}],"author":[{"embeddable":true,"href":"https:\/\/www.deberes.net\/tesis\/wp-json\/wp\/v2\/users\/1"}],"replies":[{"embeddable":true,"href":"https:\/\/www.deberes.net\/tesis\/wp-json\/wp\/v2\/comments?post=99648"}],"version-history":[{"count":0,"href":"https:\/\/www.deberes.net\/tesis\/wp-json\/wp\/v2\/posts\/99648\/revisions"}],"wp:attachment":[{"href":"https:\/\/www.deberes.net\/tesis\/wp-json\/wp\/v2\/media?parent=99648"}],"wp:term":[{"taxonomy":"category","embeddable":true,"href":"https:\/\/www.deberes.net\/tesis\/wp-json\/wp\/v2\/categories?post=99648"},{"taxonomy":"post_tag","embeddable":true,"href":"https:\/\/www.deberes.net\/tesis\/wp-json\/wp\/v2\/tags?post=99648"}],"curies":[{"name":"wp","href":"https:\/\/api.w.org\/{rel}","templated":true}]}}