{"id":99666,"date":"2010-12-03T00:00:00","date_gmt":"2010-12-03T00:00:00","guid":{"rendered":"https:\/\/www.deberes.net\/tesis\/sin-categoria\/las-estelas-decoradas-en-la-prehistoria-de-la-pena%c2%adnsula-iberica\/"},"modified":"2010-12-03T00:00:00","modified_gmt":"2010-12-03T00:00:00","slug":"las-estelas-decoradas-en-la-prehistoria-de-la-pena%c2%adnsula-iberica","status":"publish","type":"post","link":"https:\/\/www.deberes.net\/tesis\/sin-categoria\/las-estelas-decoradas-en-la-prehistoria-de-la-pena%c2%adnsula-iberica\/","title":{"rendered":"Las estelas decoradas en la prehistoria de la pen\u00ednsula ib\u00e9rica."},"content":{"rendered":"<h2>Tesis doctoral de <strong> Marta Mar\u00eda Diaz-guardamino Uribe <\/strong><\/h2>\n<p>Esta tesis ofrece una visi\u00f3n general de las estelas decoradas en la prehistoria de la pen\u00ednsula ib\u00e9rica. Parte de mediados del vi milenio ac y llega hasta los s. Viii-vii ac. Se plantean tres objetivos principales: 1. Revisar y sistematizar el conoci miento actual sobre el tema, 2. Valorar hip\u00f3tesis e interpretaciones previas y 3. Profundizar en su interpretaci\u00f3n social. Para ello se analiza la documentaci\u00f3n disponible a diferentes escalas, haciendo especial hincapi\u00e9 en las relaciones fomales y c ontextuales que sugieren o incorporan las estelas, tanto a nivel macro, como meso y micro.   este trabajo ofrece una interpretaci\u00f3n para el conjunto de las estelas como \u00c2\u00bfancestros\u00c2\u00bf. Esta interpretaci\u00f3n se basa en aspectos compartidos, como la importa ncia del pasado, los v\u00ednculos sociales y su relaci\u00f3n con el entorno. A nivel ideol\u00f3gico se considera que las estelas son un mecanismo de reproducci\u00f3n social, ya que a trav\u00e9s de ellas se trata de dar continuidad a un conjunto de valores en los que pre cisamente se asientan los recursos o relaciones que ellas mismas materializan. Tambi\u00e9n se consideran los diversos factores que han podido jugar un papel en el recurso a estelas en determinadas zonas en \u00e9pocas concretas y se plantea una hip\u00f3tesis de t rabajo que incide en factores socioecon\u00f3micos y coyunturales. Para valorar las estelas de la pen\u00ednsula ib\u00e9rica y las hip\u00f3tesis de trabajo existentes en un contexto m\u00e1s amplio, se hace un breve an\u00e1lisis sobre el conocimiento actual de fen\u00f3menos compar ables en otras zonas de europa, donde algunas regiones ofrecen problem\u00e1ticas similares a las de la pen\u00ednsula ib\u00e9rica. Los datos sugieren que nos encontramos ante fen\u00f3menos an\u00e1logos pero independientes.<\/p>\n<p>&nbsp;<\/p>\n<h3>Datos acad\u00e9micos de la tesis doctoral \u00ab<strong>Las estelas decoradas en la prehistoria de la pen\u00ednsula ib\u00e9rica.<\/strong>\u00ab<\/h3>\n<ul>\n<li><strong>T\u00edtulo de la tesis:<\/strong>\u00a0 Las estelas decoradas en la prehistoria de la pen\u00ednsula ib\u00e9rica. <\/li>\n<li><strong>Autor:<\/strong>\u00a0 Marta Mar\u00eda Diaz-guardamino Uribe <\/li>\n<li><strong>Universidad:<\/strong>\u00a0 Complutense de Madrid<\/li>\n<li><strong>Fecha de lectura de la tesis:<\/strong>\u00a0 12\/03\/2010<\/li>\n<\/ul>\n<p>&nbsp;<\/p>\n<h3>Direcci\u00f3n y tribunal<\/h3>\n<ul>\n<li><strong>Director de la tesis<\/strong>\n<ul>\n<li>Martin Almagro Gorbea<\/li>\n<\/ul>\n<\/li>\n<li><strong>Tribunal<\/strong>\n<ul>\n<li>Presidente del tribunal: Mar\u00eda Luisa Ruiz-g\u00e1lvez priego <\/li>\n<li>a.margarita D\u00edaz-andreu Garc\u00eda (vocal)<\/li>\n<li>susana Oliveira Jorge (vocal)<\/li>\n<li>eduardo Carlos Gonzalez wagner (vocal)<\/li>\n<\/ul>\n<\/li>\n<\/ul>\n<p>&nbsp;<\/p>\n","protected":false},"excerpt":{"rendered":"<p>Tesis doctoral de Marta Mar\u00eda Diaz-guardamino Uribe Esta tesis ofrece una visi\u00f3n general de las estelas decoradas en la prehistoria [&hellip;]<\/p>\n","protected":false},"author":1,"featured_media":0,"comment_status":"open","ping_status":"open","sticky":false,"template":"","format":"standard","meta":{"site-sidebar-layout":"default","site-content-layout":"","ast-site-content-layout":"","site-content-style":"default","site-sidebar-style":"default","ast-global-header-display":"","ast-banner-title-visibility":"","ast-main-header-display":"","ast-hfb-above-header-display":"","ast-hfb-below-header-display":"","ast-hfb-mobile-header-display":"","site-post-title":"","ast-breadcrumbs-content":"","ast-featured-img":"","footer-sml-layout":"","theme-transparent-header-meta":"","adv-header-id-meta":"","stick-header-meta":"","header-above-stick-meta":"","header-main-stick-meta":"","header-below-stick-meta":"","astra-migrate-meta-layouts":"default","ast-page-background-enabled":"default","ast-page-background-meta":{"desktop":{"background-color":"var(--ast-global-color-4)","background-image":"","background-repeat":"repeat","background-position":"center center","background-size":"auto","background-attachment":"scroll","background-type":"","background-media":"","overlay-type":"","overlay-color":"","overlay-gradient":""},"tablet":{"background-color":"","background-image":"","background-repeat":"repeat","background-position":"center center","background-size":"auto","background-attachment":"scroll","background-type":"","background-media":"","overlay-type":"","overlay-color":"","overlay-gradient":""},"mobile":{"background-color":"","background-image":"","background-repeat":"repeat","background-position":"center center","background-size":"auto","background-attachment":"scroll","background-type":"","background-media":"","overlay-type":"","overlay-color":"","overlay-gradient":""}},"ast-content-background-meta":{"desktop":{"background-color":"var(--ast-global-color-5)","background-image":"","background-repeat":"repeat","background-position":"center center","background-size":"auto","background-attachment":"scroll","background-type":"","background-media":"","overlay-type":"","overlay-color":"","overlay-gradient":""},"tablet":{"background-color":"var(--ast-global-color-5)","background-image":"","background-repeat":"repeat","background-position":"center center","background-size":"auto","background-attachment":"scroll","background-type":"","background-media":"","overlay-type":"","overlay-color":"","overlay-gradient":""},"mobile":{"background-color":"var(--ast-global-color-5)","background-image":"","background-repeat":"repeat","background-position":"center center","background-size":"auto","background-attachment":"scroll","background-type":"","background-media":"","overlay-type":"","overlay-color":"","overlay-gradient":""}},"footnotes":""},"categories":[1],"tags":[203315,132225,80648,203314,6607,203316],"class_list":["post-99666","post","type-post","status-publish","format-standard","hentry","category-sin-categoria","tag-a-margarita-diaz-andreu-garcia","tag-eduardo-carlos-gonzalez-wagner","tag-maria-luisa-ruiz-galvez-priego","tag-marta-maria-diaz-guardamino-uribe","tag-martin-almagro-gorbea","tag-susana-oliveira-jorge"],"_links":{"self":[{"href":"https:\/\/www.deberes.net\/tesis\/wp-json\/wp\/v2\/posts\/99666","targetHints":{"allow":["GET"]}}],"collection":[{"href":"https:\/\/www.deberes.net\/tesis\/wp-json\/wp\/v2\/posts"}],"about":[{"href":"https:\/\/www.deberes.net\/tesis\/wp-json\/wp\/v2\/types\/post"}],"author":[{"embeddable":true,"href":"https:\/\/www.deberes.net\/tesis\/wp-json\/wp\/v2\/users\/1"}],"replies":[{"embeddable":true,"href":"https:\/\/www.deberes.net\/tesis\/wp-json\/wp\/v2\/comments?post=99666"}],"version-history":[{"count":0,"href":"https:\/\/www.deberes.net\/tesis\/wp-json\/wp\/v2\/posts\/99666\/revisions"}],"wp:attachment":[{"href":"https:\/\/www.deberes.net\/tesis\/wp-json\/wp\/v2\/media?parent=99666"}],"wp:term":[{"taxonomy":"category","embeddable":true,"href":"https:\/\/www.deberes.net\/tesis\/wp-json\/wp\/v2\/categories?post=99666"},{"taxonomy":"post_tag","embeddable":true,"href":"https:\/\/www.deberes.net\/tesis\/wp-json\/wp\/v2\/tags?post=99666"}],"curies":[{"name":"wp","href":"https:\/\/api.w.org\/{rel}","templated":true}]}}